{"id":9175,"date":"2017-10-27T02:10:37","date_gmt":"2017-10-27T04:10:37","guid":{"rendered":"https:\/\/blogs.correiobraziliense.com.br\/aricunha\/?p=9175"},"modified":"2017-11-14T07:55:56","modified_gmt":"2017-11-14T09:55:56","slug":"novos-tempos-novos-mundos","status":"publish","type":"post","link":"https:\/\/blogs.correiobraziliense.com.br\/aricunha\/novos-tempos-novos-mundos\/","title":{"rendered":"Novos tempos, novos mundos"},"content":{"rendered":"<p>Desde 1960<br \/>\ncolunadoaricunha@gmail.com;<br \/>\ncom Circe Cunha  e Mamfil<\/p>\n<p>\u201cMudam-se os tempos, mudam-se as vontades, muda-se o ser, muda-se a confian\u00e7a; todo o mundo \u00e9 composto de mudan\u00e7as, tomando sempre novas qualidades\u201d, teria dito Lu\u00eds de Cam\u00f5es, em soneto escrito no s\u00e9culo 16, em pleno per\u00edodo renascentista, tempos de grandes transforma\u00e7\u00f5es e de incertezas sobre o destino do homem e do mundo.Transpondo essa ideia para os dias atuais, podemos inferir que, a exemplo do per\u00edodo renascentista, vivemos e experimentamos hoje tempos de grandes e irrevers\u00edveis mudan\u00e7as.<\/p>\n<p>De sa\u00edda, \u00e9 preciso deixar claro que a maioria das teorias sociais, que buscaram explicar o mundo do p\u00f3s-Guerra, n\u00e3o s\u00e3o de grande valia para esclarecer a realidade atual, principalmente quando se verifica que, num planeta superpopuloso e interligado pela tecnologia das redes sociais, a velocidade da informa\u00e7\u00e3o, falsa ou n\u00e3o, perpassa milh\u00f5es de pessoas a cada instante, criando uma esp\u00e9cie de mundo supranacional, em que cada indiv\u00edduo est\u00e1 permanentemente ligado, on-line, formando supersociedades.<\/p>\n<p>Nesse sentido, n\u00e3o seria exagero afirmar que nos aproximamos de formas de governo totalmente novas e distintas das atuais. Um bom exemplo dessa tese \u00e9 demonstrada na pr\u00e1tica, quando se verifica que as gigantescas e pioneiras manifesta\u00e7\u00f5es de rua de 2013, capazes de abalar e induzir o fim do governo Dilma e do ciclo petista, foram idealizadas, organizadas e postas em pr\u00e1tica inteiramente pelas redes sociais da internet. Ou seja, um simples clique na rede levou milh\u00f5es de brasileiros \u00e0s ruas, numa un\u00edssona movimenta\u00e7\u00e3o, algo totalmente impens\u00e1vel at\u00e9 poucos anos atr\u00e1s.<\/p>\n<p>O peso da opini\u00e3o p\u00fablica nas redes de computadores foi inflado de modo assombroso e ganhou nova e perturbadora dimens\u00e3o para os tradicionais modelos de gest\u00e3o p\u00fablica. N\u00e3o se pode mais ignorar esse fato. Ao contr\u00e1rio, \u00e9 preciso entend\u00ea-lo melhor e tirar dele o maior proveito poss\u00edvel. O alargamento dessa tese leva inclusive a observar mudan\u00e7as nos conceitos de inconsciente coletivo ou social, defendido por Jung no in\u00edcio do s\u00e9culo passado.<\/p>\n<p>N\u00e3o seria estranho que, num futuro muito pr\u00f3ximo, a democracia do tipo plebiscit\u00e1ria e instant\u00e2nea viesse a substituir o atual modelo de governo, criando uma administra\u00e7\u00e3o din\u00e2mica e participativa em tempo integral, o que dispensaria intermedi\u00e1rios do tipo parlamentar. O que os renascentistas entendiam como utopia e os modernos cientistas sociais chamam de distopia pode, com o advento e dissemina\u00e7\u00e3o da tecnologia da informa\u00e7\u00e3o, criar um mundo baseado numa esp\u00e9cie de \u201ctecnotopia\u201d da informa\u00e7\u00e3o.<\/p>\n<p>Se isso \u00e9 bom, ou ruim, \u00e9 cedo para afirmar. De toda forma, poder\u00e1 vir a ser fact\u00edvel n\u00e3o apenas dentro da no\u00e7\u00e3o camoniana de que \u201ctodo o mundo \u00e9 composto de mudan\u00e7as\u201d, mas, sobretudo, com o grande desapontamento da sociedade em rela\u00e7\u00e3o aos seus atuais representantes e o grande distanciamento do que deseja o eleitor e o que realmente fazem os eleitos.<\/p>\n<p>A frase que foi pronunciada<br \/>\n\u201cUm t\u00edtulo de eleitor e um CPF bastam para um voto sem sair de casa. A urna eleitoral est\u00e1 morrendo.\u201d<br \/>\nDona Dita, com o olhar no horizonte<\/p>\n<p>Sem manuten\u00e7\u00e3o<br \/>\nAt\u00e9 o fechamento desta edi\u00e7\u00e3o, a barragem do Parano\u00e1 ainda estava com os vest\u00edgios do acidente do fim de semana colocando em risco a seguran\u00e7a de outros motoristas.<\/p>\n<p>DER<br \/>\nEm todos esses dias sem chuva, as obras do Trevo Triagem Norte continuam se arrastando. Se houver f\u00faria nas chuvas, o resultado ser\u00e1 desastroso. Vinte e quatro horas , sete dias por semana, \u00e9 o correto para entregar o servi\u00e7o a contento, utilizando o dinheiro dos impostos com responsabilidade.<\/p>\n<p>Crime ambiental<br \/>\nNo portal da Novacap, h\u00e1 uma advert\u00eancia para quem planeja plantar \u00e1rvores: n\u00e3o faz\u00ea-lo perto de fios ou redes de esgoto. \u00c9 hora de reverter o teor educativo para os terceirizados que servem \u00e0 institui\u00e7\u00e3o, cortando qualquer \u00e1rvore que veem pela frente. \u00c1rvores que levaram d\u00e9cadas para crescer e dar sombra longe da rede el\u00e9trica e de esgotos.<\/p>\n<p>Perigo<br \/>\nAten\u00e7\u00e3o, vigil\u00e2ncia sanit\u00e1ria. Apesar de as embalagens de ovos terem uma advert\u00eancia sobre a necessidade de manter o produto sob refrigera\u00e7\u00e3o, os supermercados ignoram o alerta.<\/p>\n<p>Hist\u00f3ria de Bras\u00edlia<br \/>\nEm defesa da tese goiana, atirou-se contra todos, buscando inimigos, provocando atritos, como se s\u00f3 os goianos fossem merecedores de gerir os destinos de Bras\u00edlia. (Publicado em 6\/10\/1961)<\/p>\n","protected":false},"excerpt":{"rendered":"<p>Desde 1960 colunadoaricunha@gmail.com; com Circe Cunha e Mamfil \u201cMudam-se os tempos, mudam-se as vontades, muda-se o ser, muda-se a confian\u00e7a; todo o mundo \u00e9 composto de mudan\u00e7as, tomando sempre novas qualidades\u201d, teria dito Lu\u00eds de Cam\u00f5es, em soneto escrito no s\u00e9culo 16, em pleno per\u00edodo renascentista, tempos de grandes transforma\u00e7\u00f5es e de incertezas sobre o destino do homem e do [&hellip;]<\/p>\n","protected":false},"author":34,"featured_media":0,"comment_status":"closed","ping_status":"open","sticky":false,"template":"","format":"standard","meta":{"footnotes":""},"categories":[23],"tags":[32],"class_list":["post-9175","post","type-post","status-publish","format-standard","hentry","category-integra","tag-politica-brasil-brasilia-mamfil-ari-cunha-circe-cunha"],"_links":{"self":[{"href":"https:\/\/blogs.correiobraziliense.com.br\/aricunha\/wp-json\/wp\/v2\/posts\/9175","targetHints":{"allow":["GET"]}}],"collection":[{"href":"https:\/\/blogs.correiobraziliense.com.br\/aricunha\/wp-json\/wp\/v2\/posts"}],"about":[{"href":"https:\/\/blogs.correiobraziliense.com.br\/aricunha\/wp-json\/wp\/v2\/types\/post"}],"author":[{"embeddable":true,"href":"https:\/\/blogs.correiobraziliense.com.br\/aricunha\/wp-json\/wp\/v2\/users\/34"}],"replies":[{"embeddable":true,"href":"https:\/\/blogs.correiobraziliense.com.br\/aricunha\/wp-json\/wp\/v2\/comments?post=9175"}],"version-history":[{"count":1,"href":"https:\/\/blogs.correiobraziliense.com.br\/aricunha\/wp-json\/wp\/v2\/posts\/9175\/revisions"}],"predecessor-version":[{"id":9176,"href":"https:\/\/blogs.correiobraziliense.com.br\/aricunha\/wp-json\/wp\/v2\/posts\/9175\/revisions\/9176"}],"wp:attachment":[{"href":"https:\/\/blogs.correiobraziliense.com.br\/aricunha\/wp-json\/wp\/v2\/media?parent=9175"}],"wp:term":[{"taxonomy":"category","embeddable":true,"href":"https:\/\/blogs.correiobraziliense.com.br\/aricunha\/wp-json\/wp\/v2\/categories?post=9175"},{"taxonomy":"post_tag","embeddable":true,"href":"https:\/\/blogs.correiobraziliense.com.br\/aricunha\/wp-json\/wp\/v2\/tags?post=9175"}],"curies":[{"name":"wp","href":"https:\/\/api.w.org\/{rel}","templated":true}]}}