{"id":9118,"date":"2017-10-04T09:12:39","date_gmt":"2017-10-04T12:12:39","guid":{"rendered":"https:\/\/blogs.correiobraziliense.com.br\/aricunha\/?p=9118"},"modified":"2017-11-14T07:56:31","modified_gmt":"2017-11-14T09:56:31","slug":"o-furto-do-fruto-violento","status":"publish","type":"post","link":"https:\/\/blogs.correiobraziliense.com.br\/aricunha\/o-furto-do-fruto-violento\/","title":{"rendered":"O furto do fruto violento"},"content":{"rendered":"<p>&nbsp;<\/p>\n<p>Desde 1960<\/p>\n<p>colunadoaricunha@gmail.com<\/p>\n<p>com Circe Cunha \u00a0e Mamfil<\/p>\n<p>\u201cOs ladr\u00f5es que mais pr\u00f3pria e dignamente, merecem este t\u00edtulo s\u00e3o aqueles a quem os reis encomendam os ex\u00e9rcitos e legi\u00f5es ou o governo das prov\u00edncias, ou a administra\u00e7\u00e3o das cidades, os quais j\u00e1 com mancha, j\u00e1 com for\u00e7as roubam cidades e reinos: os outros furtam debaixo do seu risco, estes sem temor nem perigo: os outros se furtam, s\u00e3o enforcados, estes furtam e enforcam\u201d, Serm\u00e3o do Bom Ladr\u00e3o, do padre Ant\u00f4nio Vieira.<\/p>\n<p>Faltou pouco para que o plano de furtar R$ 1 bilh\u00e3o dos cofres do Banco do Brasil, na Zona Sul de S\u00e3o Paulo, fosse concretizado com sucesso. Caso a pol\u00edcia n\u00e3o aparecesse para estragar a festa da quadrilha, formada por duas dezenas de indiv\u00edduos, este seria o maior roubo do planeta e colocaria de vez o Brasil na galeria dos pa\u00edses onde roubar \u00e9 quase uma arte.<\/p>\n<p>Rouba-se da esquina malcheirosa aos pal\u00e1cios acarpetados. Entre n\u00f3s, roubar \u00e9 tamb\u00e9m uma atividade democr\u00e1tica e sem preconceitos de cor, g\u00eanero ou classe social. Rouba-se, como j\u00e1 dizia padre Ant\u00f4nio Vieira, no s\u00e9culo 17, em todos os tempos verbais. De alto a baixo, praticam o ato de roubar. A diferen\u00e7a \u00e9 que, para os menos favorecidos, roubar exige esfor\u00e7o, treinamento e coragem e, n\u00e3o raro, investimentos e custos elevados no preparo das pessoas, na aquisi\u00e7\u00e3o de materiais e elabora\u00e7\u00e3o de planos minuciosos. Afinal, \u00e9 a pr\u00f3pria pele que est\u00e1 em jogo. E foi isso justamente que fizeram os ladr\u00f5es que sonhavam em limpar os cofres do BB.<\/p>\n<p>Investiram, do pr\u00f3prio bolso, cerca de R$ 4 milh\u00f5es, segundo a pol\u00edcia. Os membros da quadrilha, compraram uma casa nas imedia\u00e7\u00f5es, onde montaram o centro de opera\u00e7\u00f5es, com toda a infraestrutura. A partir da\u00ed, cavaram um t\u00fanel de meio quil\u00f4metro de extens\u00e3o, com trilhos para o deslocamento de carrinhos, ilumina\u00e7\u00e3o, escoras e toda a parafern\u00e1lia necess\u00e1ria \u00e0 empreitada criminosa.<\/p>\n<p>Durante semanas, trabalharam duro para roubar a fortuna, na expectativa de colher bons rendimentos pelo dinheiro investido. Para n\u00f3s, que ostentamos o t\u00edtulo de um dos pa\u00edses mais corruptos do planeta, gra\u00e7as, sobretudo \u00e0s revela\u00e7\u00f5es feitas pela Opera\u00e7\u00e3o Lava-Jato, o assalto a mais uma ag\u00eancia banc\u00e1ria, seja por explos\u00e3o de caixas eletr\u00f4nicas, seja por invas\u00e3o por t\u00fanel, \u00e9 at\u00e9 uma fa\u00e7anha pequena na compara\u00e7\u00e3o com os desfalques praticados pelas principais lideran\u00e7as pol\u00edticas do pa\u00eds.<\/p>\n<p>Balan\u00e7o auditado e divulgado pela Petrobras mostra que, entre 2004 e 2012, foram desviados pela corrup\u00e7\u00e3o R$ 6,2 bilh\u00f5es ou R$ 110 a cada cinco segundos \u2014s\u00f3 na estatal e numa estimativa preliminar e modesta. As estimativas d\u00e3o conta de que a cada ano R$ 200 bilh\u00f5es escoam pelo ralo da corrup\u00e7\u00e3o. O grosso dos desvios, e a Justi\u00e7a tem provado a tese, \u00e9 realizado justamente por aquelas pessoas a quem foram confiadas a gest\u00e3o e a guarda da coisa p\u00fablica.<\/p>\n<p>Se roubar \u00e9 democr\u00e1tico, o mesmo n\u00e3o se pode dizer da puni\u00e7\u00e3o para os ladr\u00f5es. Os que cavaram o t\u00fanel ter\u00e3o uma senten\u00e7a pesada e o cumprimento da pena ser\u00e1 imediato. Aos outros que afanam reinos inteiros, estes, como fidalgos que s\u00e3o, merecem outra sorte, quem sabe uma pris\u00e3o domiciliar, no conforto de sua mans\u00e3o, com prote\u00e7\u00e3o especial feita pela pol\u00edcia e com a propriedade bem guardada por cerca el\u00e9trica. Afinal, todo o cuidado \u00e9 pouco nesses tempos infestados de gatunos.<\/p>\n<p>&nbsp;<\/p>\n<p><strong>A frase que foi pronunciada<\/strong><\/p>\n<p><em>\u201cA comiss\u00e3o faz o ladr\u00e3o.\u201d<\/em><\/p>\n<p>J\u00f4 Soares<\/p>\n<p>&nbsp;<\/p>\n<p><strong>Do bem<\/strong><\/p>\n<p>\u00bb No domingo, o chef Dudu comandar\u00e1 as panelas da Feijoada Solid\u00e1ria, da C\u00e2mara de Dirigentes Lojistas Jovem do Distrito Federal. A partir do meio-dia, no D\u00fania City Hall. Essa foi a forma que o chef encontrou de comemorar o anivers\u00e1rio. Toda a renda arrecadada ser\u00e1 revertida para a Associa\u00e7\u00e3o de Moradores da Estrutural, que atende as fam\u00edlias de catadores de lixo. Informa\u00e7\u00f5es sobre a compra de ingresso na CDL: 3218-1500.<\/p>\n<p>&nbsp;<\/p>\n<p><strong>Divulga\u00e7\u00e3o<\/strong><\/p>\n<p>\u00bb Come\u00e7ar\u00e1 no Senado, de 24 a 26 de outubro, a 10\u00aa Semana de Valoriza\u00e7\u00e3o da Primeira Inf\u00e2ncia e Cultura da Paz. Com expedi\u00e7\u00e3o de certificados pela participa\u00e7\u00e3o, o evento ter\u00e1 como tema \u201cCuidadores da Primeira inf\u00e2ncia: por uma forma\u00e7\u00e3o de qualidade\u201d. As inscri\u00e7\u00f5es est\u00e3o abertas e s\u00e3o gratuitas.<\/p>\n<p>&nbsp;<\/p>\n<p><strong>Resgate<\/strong><\/p>\n<p>\u00bb Alexandre Dias,\u00a0 ex-aluno de Neusa Fran\u00e7a, est\u00e1 fazendo um trabalho espetacular de resgate do material deixado pelo marido da pianista, Osvaldo Fran\u00e7a. Todos os encontros musicais, na resid\u00eancia do casal, foram gravados por Osvaldo. Momentos preciosos registrados para sempre. Recitais nas salas de concerto de Bras\u00edlia tamb\u00e9m foram resgatados. Basta procurar pela conta de Alexandre Dias no Youtube com a palavra-chave Neusa Fran\u00e7a.<\/p>\n<p>&nbsp;<\/p>\n<p><strong>Hist\u00f3ria de Bras\u00edlia<\/strong><\/p>\n<p>Em tudo isto, note-se uma coisa: a fraqueza do governo para tomar uma resolu\u00e7\u00e3o. O caso da Prefeitura de Bras\u00edlia \u00e9 flagrante. \u00c9 importante demais para n\u00f3s, mas para o governo, deve ser rotina. Uma solu\u00e7\u00e3o \u00e9 o que se pede, seja contra quem for. (Publicado em 5\/10\/1961)<\/p>\n","protected":false},"excerpt":{"rendered":"<p>&nbsp; Desde 1960 colunadoaricunha@gmail.com com Circe Cunha \u00a0e Mamfil \u201cOs ladr\u00f5es que mais pr\u00f3pria e dignamente, merecem este t\u00edtulo s\u00e3o aqueles a quem os reis encomendam os ex\u00e9rcitos e legi\u00f5es ou o governo das prov\u00edncias, ou a administra\u00e7\u00e3o das cidades, os quais j\u00e1 com mancha, j\u00e1 com for\u00e7as roubam cidades e reinos: os outros furtam debaixo do seu risco, estes [&hellip;]<\/p>\n","protected":false},"author":34,"featured_media":0,"comment_status":"closed","ping_status":"open","sticky":false,"template":"","format":"standard","meta":{"footnotes":""},"categories":[23],"tags":[32],"class_list":["post-9118","post","type-post","status-publish","format-standard","hentry","category-integra","tag-politica-brasil-brasilia-mamfil-ari-cunha-circe-cunha"],"_links":{"self":[{"href":"https:\/\/blogs.correiobraziliense.com.br\/aricunha\/wp-json\/wp\/v2\/posts\/9118","targetHints":{"allow":["GET"]}}],"collection":[{"href":"https:\/\/blogs.correiobraziliense.com.br\/aricunha\/wp-json\/wp\/v2\/posts"}],"about":[{"href":"https:\/\/blogs.correiobraziliense.com.br\/aricunha\/wp-json\/wp\/v2\/types\/post"}],"author":[{"embeddable":true,"href":"https:\/\/blogs.correiobraziliense.com.br\/aricunha\/wp-json\/wp\/v2\/users\/34"}],"replies":[{"embeddable":true,"href":"https:\/\/blogs.correiobraziliense.com.br\/aricunha\/wp-json\/wp\/v2\/comments?post=9118"}],"version-history":[{"count":1,"href":"https:\/\/blogs.correiobraziliense.com.br\/aricunha\/wp-json\/wp\/v2\/posts\/9118\/revisions"}],"predecessor-version":[{"id":9119,"href":"https:\/\/blogs.correiobraziliense.com.br\/aricunha\/wp-json\/wp\/v2\/posts\/9118\/revisions\/9119"}],"wp:attachment":[{"href":"https:\/\/blogs.correiobraziliense.com.br\/aricunha\/wp-json\/wp\/v2\/media?parent=9118"}],"wp:term":[{"taxonomy":"category","embeddable":true,"href":"https:\/\/blogs.correiobraziliense.com.br\/aricunha\/wp-json\/wp\/v2\/categories?post=9118"},{"taxonomy":"post_tag","embeddable":true,"href":"https:\/\/blogs.correiobraziliense.com.br\/aricunha\/wp-json\/wp\/v2\/tags?post=9118"}],"curies":[{"name":"wp","href":"https:\/\/api.w.org\/{rel}","templated":true}]}}