{"id":9113,"date":"2017-10-01T09:09:35","date_gmt":"2017-10-01T12:09:35","guid":{"rendered":"https:\/\/blogs.correiobraziliense.com.br\/aricunha\/?p=9113"},"modified":"2017-12-14T16:17:31","modified_gmt":"2017-12-14T18:17:31","slug":"agua-e-nosso-maior-patrimonio","status":"publish","type":"post","link":"https:\/\/blogs.correiobraziliense.com.br\/aricunha\/agua-e-nosso-maior-patrimonio\/","title":{"rendered":"A \u00e1gua \u00e9 nosso maior patrim\u00f4nio"},"content":{"rendered":"<p>&nbsp;<\/p>\n<p>Desde 1960<\/p>\n<p>colunadoaricunha@gmail.com<\/p>\n<p>com Circe Cunha \u00a0e Mamfil<\/p>\n<p>&nbsp;<\/p>\n<p>Reportagem apresentada, na sexta-feira, alerta para a qualidade da \u00e1gua no Distrito Federal e refor\u00e7a o que os especialistas v\u00eam afirmando h\u00e1 algum tempo: a ocupa\u00e7\u00e3o irregular e ainda persistente de terras em Bras\u00edlia prejudica a qualidade da \u00e1gua, por a\u00e7\u00e3o da polui\u00e7\u00e3o constante, bem como a quantidade desse produto essencial, por a\u00e7\u00e3o do desmatamento e do assoreamento de importantes nascentes. Ou seja, o loteamento urbano desordenado e criminoso vai deixando sequelas que, aos poucos, v\u00e3o comprometendo a pr\u00f3pria exist\u00eancia futura da capital.<\/p>\n<p>Tomadas dessa forma, muita gente considera um exagero que a capital venha a ser inviabilizada por uma quest\u00e3o de crise h\u00eddrica. Menos de duas d\u00e9cadas atr\u00e1s, soaria tamb\u00e9m como exagero sem prop\u00f3sito se algu\u00e9m afirmasse que, em poucos anos, Bras\u00edlia seria submetida aos rigores dos rod\u00edzios no abastecimento de \u00e1gua. Hoje, a escassez e o racionamento s\u00e3o parte de nossa realidade &#8211; e, acreditem, vieram para ficar. O pior, e j\u00e1 se sabe disso, se n\u00e3o forem adotadas medidas dr\u00e1sticas para p\u00f4r fim ao criminoso parcelamento irregular de terras p\u00fablicas, nem todo o dinheiro do mundo salva a capital dos brasileiros.<\/p>\n<p>Dos 23 mananciais que abastecem a cidade, a maioria, segundo os t\u00e9cnicos da Caesb, apresenta algum sinal de polui\u00e7\u00e3o, sendo que o Ribeir\u00e3o Engenho das Lajes, pr\u00f3ximo ao Gama, \u00e9 o que est\u00e1 em pior situa\u00e7\u00e3o. As ocupa\u00e7\u00f5es irregulares ganham maior gravidade quando ocorrem nas bordas da bacias hidrogr\u00e1ficas. At\u00e9 as \u00e1reas agr\u00edcolas, n\u00e3o devidamente fiscalizadas, contribuem para a redu\u00e7\u00e3o do \u00cdndice de Qualidade da \u00c1gua (IQA).<\/p>\n<p>Especialistas asseguram que, com toda a tecnologia dispon\u00edvel, a capta\u00e7\u00e3o de \u00e1gua bruta polu\u00edda exige mais gastos com tratamento e os resultados finais jamais ser\u00e3o iguais \u00e0 capta\u00e7\u00e3o de \u00e1gua de boa qualidade. A capta\u00e7\u00e3o de \u00e1guas do Lago Parano\u00e1, criticada por uns e apoiada por outros, devido ao problema da escassez, foi, no passado, considerada op\u00e7\u00e3o totalmente ex\u00f3tica e absurda, mas, hoje, por desleixo nosso, virou realidade que teremos que engolir.<\/p>\n<p>A crise h\u00eddrica e sem precedentes na hist\u00f3ria de Bras\u00edlia provocada pelos parcelamentos irregulares de terras, por per\u00edodo prolongado de seca, pelo aumento consider\u00e1vel do consumo, devido \u00e0 eleva\u00e7\u00e3o da temperatura e \u00e0 baixa umidade, tende a recrudescer nos pr\u00f3ximos anos. Essa \u00e9 uma realidade que obrigatoriamente nos conduzir\u00e1 \u00e0 conscientiza\u00e7\u00e3o do problema que criamos para n\u00f3s mesmos. Quer queiramos ou n\u00e3o.<\/p>\n<p>&nbsp;<\/p>\n<p><strong>A frase que n\u00e3o foi pronunciada<\/strong><\/p>\n<p>\u201cEnquanto a educa\u00e7\u00e3o estiver voltada para a competi\u00e7\u00e3o, haver\u00e1 guerra. A paz \u00e9 fruto do aprendizado da solidariedade e coopera\u00e7\u00e3o.\u201d<\/p>\n<p>Maria Montessori, educadora, m\u00e9dica e pedagoga<\/p>\n<p>&nbsp;<\/p>\n<p><strong>Mestre Woo<\/strong><\/p>\n<p>\u00bb Hoje \u00e9 dia de caf\u00e9 da manh\u00e3 para comemorar os 43 anos de Tai Chi Being T\u00e3o. Caf\u00e9 compartilhado, apresenta\u00e7\u00f5es musicais, rodas de conversa sobre sa\u00fade e bem-estar, cerim\u00f4nia de gratid\u00e3o aos antepassados, oficinas de Tai Chi e cultura chinesa, dan\u00e7a circular, origami, atividades para a crian\u00e7ada. Local: Pra\u00e7a da Harmonia Universal, na EQN 104\/105.<\/p>\n<p>&nbsp;<\/p>\n<p><strong>Auditoria Cidad\u00e3<\/strong><\/p>\n<p>\u00bb Come\u00e7ar\u00e1, em 7 de novembro, no Senado Federal, \u00e0s 9h, audi\u00eancia p\u00fablica em que a Auditoria Cidad\u00e3 j\u00e1 confirmou presen\u00e7a. O mote \u00e9 Esquema Financeiro Fraudulento e Sistema da D\u00edvida. A discuss\u00e3o recair\u00e1 sobre a cria\u00e7\u00e3o de \u201cestatais n\u00e3o dependentes\u201d, em que o grupo afirma que \u00e9 para securitizar d\u00edvida ativa e lesar a sociedade.<\/p>\n<p>&nbsp;<\/p>\n<p><strong>Fraco<\/strong><\/p>\n<p>\u00bb Algumas representa\u00e7\u00f5es brasileiras no exterior v\u00e3o de mal a pior. No Consulado brasileiro, em Frankfurt, o atendimento ao p\u00fablico pode ser feito a qualquer momento, bastando que o interessado indique um telefone fixo por e-mail para contato posterior. Na Embaixada do Brasil, em Berlim, o atendimento por telefone \u00e9 restrito a uma hora e meia de segunda a quinta- feira.<\/p>\n<p>&nbsp;<\/p>\n<p><strong>E mais<\/strong><\/p>\n<p>\u00bb Nosso leitor conta que o prazo de atendimento estabelecido pelo consulado para solicita\u00e7\u00e3o de expedi\u00e7\u00e3o de documento feita pelos Correios \u00e9 de 10 dias \u00fateis. A Embaixada em Berlim, estabelece prazo de sete dias \u00fateis. Mas a pontualidade \u00e9 bem diferente da adotada pelo pa\u00eds germ\u00e2nico. Por enquanto, para uma procura\u00e7\u00e3o enviada para Berlim, remetida por instrumento particular, j\u00e1 somam 17 dias sem retorno.<\/p>\n<p>&nbsp;<\/p>\n<p><strong>Hist\u00f3ria de Bras\u00edlia<\/strong><\/p>\n<p>A nomea\u00e7\u00e3o do dr. Laranja para a presid\u00eancia da Novacap foi recebida na Companhia Urbanizadora n\u00e3o como a de um t\u00e9cnico em organiza\u00e7\u00e3o, mas como a nomea\u00e7\u00e3o do m\u00e9dico do presidente da Rep\u00fablica. (Publicado em 5\/10\/1961)<\/p>\n","protected":false},"excerpt":{"rendered":"<p>&nbsp; Desde 1960 colunadoaricunha@gmail.com com Circe Cunha \u00a0e Mamfil &nbsp; Reportagem apresentada, na sexta-feira, alerta para a qualidade da \u00e1gua no Distrito Federal e refor\u00e7a o que os especialistas v\u00eam afirmando h\u00e1 algum tempo: a ocupa\u00e7\u00e3o irregular e ainda persistente de terras em Bras\u00edlia prejudica a qualidade da \u00e1gua, por a\u00e7\u00e3o da polui\u00e7\u00e3o constante, bem como a quantidade desse produto [&hellip;]<\/p>\n","protected":false},"author":34,"featured_media":0,"comment_status":"open","ping_status":"open","sticky":false,"template":"","format":"standard","meta":{"footnotes":""},"categories":[23],"tags":[67,33],"class_list":["post-9113","post","type-post","status-publish","format-standard","hentry","category-integra","tag-brasilia-historiadebrasilia-aricunha-circecunha-mamfil","tag-brasil-brasilia-politica-educacao-ari-cunha-mamfil-circecunha"],"_links":{"self":[{"href":"https:\/\/blogs.correiobraziliense.com.br\/aricunha\/wp-json\/wp\/v2\/posts\/9113","targetHints":{"allow":["GET"]}}],"collection":[{"href":"https:\/\/blogs.correiobraziliense.com.br\/aricunha\/wp-json\/wp\/v2\/posts"}],"about":[{"href":"https:\/\/blogs.correiobraziliense.com.br\/aricunha\/wp-json\/wp\/v2\/types\/post"}],"author":[{"embeddable":true,"href":"https:\/\/blogs.correiobraziliense.com.br\/aricunha\/wp-json\/wp\/v2\/users\/34"}],"replies":[{"embeddable":true,"href":"https:\/\/blogs.correiobraziliense.com.br\/aricunha\/wp-json\/wp\/v2\/comments?post=9113"}],"version-history":[{"count":1,"href":"https:\/\/blogs.correiobraziliense.com.br\/aricunha\/wp-json\/wp\/v2\/posts\/9113\/revisions"}],"predecessor-version":[{"id":9114,"href":"https:\/\/blogs.correiobraziliense.com.br\/aricunha\/wp-json\/wp\/v2\/posts\/9113\/revisions\/9114"}],"wp:attachment":[{"href":"https:\/\/blogs.correiobraziliense.com.br\/aricunha\/wp-json\/wp\/v2\/media?parent=9113"}],"wp:term":[{"taxonomy":"category","embeddable":true,"href":"https:\/\/blogs.correiobraziliense.com.br\/aricunha\/wp-json\/wp\/v2\/categories?post=9113"},{"taxonomy":"post_tag","embeddable":true,"href":"https:\/\/blogs.correiobraziliense.com.br\/aricunha\/wp-json\/wp\/v2\/tags?post=9113"}],"curies":[{"name":"wp","href":"https:\/\/api.w.org\/{rel}","templated":true}]}}