{"id":9028,"date":"2017-09-14T06:33:51","date_gmt":"2017-09-14T09:33:51","guid":{"rendered":"https:\/\/blogs.correiobraziliense.com.br\/aricunha\/?p=9028"},"modified":"2017-09-19T06:34:46","modified_gmt":"2017-09-19T09:34:46","slug":"acao-contra-os-piratas","status":"publish","type":"post","link":"https:\/\/blogs.correiobraziliense.com.br\/aricunha\/acao-contra-os-piratas\/","title":{"rendered":"A\u00e7\u00e3o contra os piratas"},"content":{"rendered":"<p><em>Desde 1960<\/em><\/p>\n<p><em>colunadoaricunha@gmail.com<\/em><\/p>\n<p><em>com Circe Cunha \u00a0e Mamfil<\/em><\/p>\n<p>Agiu de maneira corret\u00edssima a intelig\u00eancia da Receita Federal, que, em conjunto com a prefeitura do estado de S\u00e3o Paulo, declarou guerra \u00e0s centenas de pontos de comercializa\u00e7\u00e3o de mercadorias contrabandeadas e falsificadas espalhados por toda a cidade que h\u00e1 muito tempo vinham negociando, abertamente, todo tipo de produto ilegal.<\/p>\n<p>Sob o falso pretexto de esse tipo de com\u00e9rcio ser dif\u00edcil de ser extinto e, bem ou mal, acabar gerando muitos empregos diretos e indiretos, os sucessivos governos, na maioria das metr\u00f3poles brasileiras, sempre fizeram vista grossa a essa atividade ilegal. Como consequ\u00eancia, a grande maioria das cidades do pa\u00eds foi literalmente invadida pelo com\u00e9rcio de produtos falsificados e contrabandeados.<\/p>\n<p>Dif\u00edcil encontrar uma cidade em territ\u00f3rio nacional onde esse tipo de atividade n\u00e3o esteja instalado e lucrando alto. Com o empoderamento desse com\u00e9rcio criminoso, os grandes grupos que comandam essas atividades passaram a investir pesadamente na prote\u00e7\u00e3o de seus neg\u00f3cios, subornando e corrompendo autoridades e fiscaliza\u00e7\u00e3o, de modo a blindar as atividades da a\u00e7\u00e3o da Justi\u00e7a. A situa\u00e7\u00e3o chegou a tal ponto que \u00e9 comum hoje que muitas grandes empresas estrangeiras se neguem a estabelecer rela\u00e7\u00f5es comerciais normais com o Brasil, por consider\u00e1-lo excessivamente leniente com o contrabando e a falsifica\u00e7\u00e3o de produtos.<\/p>\n<p>Para essas empresas, o Brasil evoluiu rapidamente a fim de se igualar a pa\u00edses como o Paraguai, onde esse tipo de com\u00e9rcio chega a receber prote\u00e7\u00e3o expl\u00edcita das autoridades. Os malef\u00edcios que tais atividades criminosas acabaram por gerar para as finan\u00e7as dos estados particularmente e para o pa\u00eds como um todo s\u00e3o assustadores. Estudo elaborado pelo F\u00f3rum Nacional Contra a Pirataria e a Ilegalidade (FNCP) mostram que somente no ano de 2016 o contrabando provocou perdas para o Brasil que ultrapassam f\u00e1cil os R$ 130 bilh\u00f5es. Isso, numa estimativa conservadora. Se analisassem as patentes brasileiras surrupiadas ou entregues ao exterior, as cifras aumentariam espantosamente.<\/p>\n<p>Um dos muitos fatores que explicam a invas\u00e3o de produtos piratas e contrabandeados para o Brasil \u00e9 a obsolesc\u00eancia e abandono de nossas fronteiras terrestres e a pouca e eficaz fiscaliza\u00e7\u00e3o existente em portos e aeroportos. Um fen\u00f4meno que chama a aten\u00e7\u00e3o \u00e9 que a penetra\u00e7\u00e3o insidiosa do com\u00e9rcio ilegal tem provocado o retraimento e mesmo o desaparecimento dos lojistas tradicionais e legais em v\u00e1rias localidades, o que deixa antever o dia em que todo com\u00e9rcio regular do pa\u00eds passar\u00e1 a ser exercido por piratas e contrabandistas.<\/p>\n<p>Em Bras\u00edlia, a triste realidade representada pelo crescimento do com\u00e9rcio de produtos contrabandeados e falsificados ganhou impulso justamente por a\u00e7\u00e3o efetiva dos governos passados. Alguns deles n\u00e3o apenas fecharam os olhos para as pr\u00e1ticas, como at\u00e9 mandaram construir gigantescas estruturas, com dinheiro do contribuinte, para instalar e abrigar, com conforto, as atividades il\u00edcitas.<\/p>\n<p>\u00c9 preciso notar que o contrabando \u00e9 indutor de diversos outros crimes, al\u00e9m de gerador potencial de preju\u00edzos incalcul\u00e1veis \u00e0s finan\u00e7as p\u00fablicas. O exemplo de S\u00e3o Paulo tem que ser aplicado tamb\u00e9m urgentemente na capital dos brasileiros em nome da dignidade, da cidadania e do futuro das novas gera\u00e7\u00f5es.<\/p>\n<p>&nbsp;<\/p>\n<p><strong>A frase que foi pronunciada<\/strong><\/p>\n<p><em>\u201cO discurso \u00e9 socialista, mas a pr\u00e1tica \u00e9 ego\u00edsta.\u201d<\/em><\/p>\n<p>Baiano, amigo de longa data<\/p>\n<p>&nbsp;<\/p>\n<p><strong>Entrada Franca<\/strong><\/p>\n<p>\u00bb Com o apoio do Correio Braziliense, o Clube da Bossa Nova de Bras\u00edlia e Sesc apresentam no s\u00e1bado, 16 de setembro, \u00e0s 11h30,no Teatro SESC S\u00edlvio Barbato (Setor Comercial Sul), De tudo um pouco. Com a participa\u00e7\u00e3o de Mylene Sivieri, nas vozes de Alessandro Nascimento e Davi Ramiro. Sempre num alto astral, com muitas vagas \u00e0 disposi\u00e7\u00e3o em hor\u00e1rio para a toda a fam\u00edlia. Vale aplaudir.<\/p>\n<p>&nbsp;<\/p>\n<p><strong>Ataque ao tucano<\/strong><\/p>\n<p>\u00bb Deputado peemedebista F\u00e1bio Ramalho n\u00e3o foi atendido pelo ministro tucano da Secretaria do Governo, Antonio Imbassahy. Durante uma solenidade, n\u00e3o se conteve. Soltou o verbo contra Imbassahy, deixando o ambiente constrangedor.<\/p>\n<p>&nbsp;<\/p>\n<p><strong>Coerente<\/strong><\/p>\n<p>\u00bb Se n\u00e3o houver recurso na CCJ do Senado, um projeto de lei pode alterar a LEP (Lei de Execu\u00e7\u00e3o Penal) sobre as despesas com o monitoramento eletr\u00f4nico, que, a partir da aprova\u00e7\u00e3o, seria de responsabilidade do condenado. O autor \u00e9 o senador Paulo Bauer, que defende ainda que o valor seja abatido do trabalho do preso.<\/p>\n<p>&nbsp;<\/p>\n<p><strong>Dados<\/strong><\/p>\n<p>\u00bb Segundo dados do Departamento Penitenci\u00e1rio Nacional, s\u00e3o 18 mil condenados que usam tornozeleiras. O gasto mensal \u00e9 de R$ 300 por pessoa.<\/p>\n<p>&nbsp;<\/p>\n<p><strong>Diminutivos<\/strong><\/p>\n<p>\u00bb Sites cariocas anunciam a pris\u00e3o do ex-governador Garotinho pela Pol\u00edcia Federal. Ele foi levado para Campos. Garotinho estava sendo investigado pela Opera\u00e7\u00e3o Chequinho, sobre compra de votos supostamente liderada por ele.<\/p>\n<p>&nbsp;<\/p>\n<p><strong>Hist\u00f3ria de Bras\u00edlia<\/strong><\/p>\n<p>O abastecimento do leite, em Bras\u00edlia, n\u00e3o melhorou coisa nenhuma. As filas \u00e0s 7 horas da manh\u00e3 nos supermercados s\u00e3o uma amostra do que est\u00e1 acontecendo h\u00e1 mais de tr\u00eas meses e ningu\u00e9m procura uma solu\u00e7\u00e3o para o caso. (Publicada em 5\/10\/1961)<\/p>\n","protected":false},"excerpt":{"rendered":"<p>Desde 1960 colunadoaricunha@gmail.com com Circe Cunha \u00a0e Mamfil Agiu de maneira corret\u00edssima a intelig\u00eancia da Receita Federal, que, em conjunto com a prefeitura do estado de S\u00e3o Paulo, declarou guerra \u00e0s centenas de pontos de comercializa\u00e7\u00e3o de mercadorias contrabandeadas e falsificadas espalhados por toda a cidade que h\u00e1 muito tempo vinham negociando, abertamente, todo tipo de produto ilegal. Sob o [&hellip;]<\/p>\n","protected":false},"author":34,"featured_media":0,"comment_status":"closed","ping_status":"closed","sticky":false,"template":"","format":"standard","meta":{"footnotes":""},"categories":[23],"tags":[32],"class_list":["post-9028","post","type-post","status-publish","format-standard","hentry","category-integra","tag-politica-brasil-brasilia-mamfil-ari-cunha-circe-cunha"],"_links":{"self":[{"href":"https:\/\/blogs.correiobraziliense.com.br\/aricunha\/wp-json\/wp\/v2\/posts\/9028","targetHints":{"allow":["GET"]}}],"collection":[{"href":"https:\/\/blogs.correiobraziliense.com.br\/aricunha\/wp-json\/wp\/v2\/posts"}],"about":[{"href":"https:\/\/blogs.correiobraziliense.com.br\/aricunha\/wp-json\/wp\/v2\/types\/post"}],"author":[{"embeddable":true,"href":"https:\/\/blogs.correiobraziliense.com.br\/aricunha\/wp-json\/wp\/v2\/users\/34"}],"replies":[{"embeddable":true,"href":"https:\/\/blogs.correiobraziliense.com.br\/aricunha\/wp-json\/wp\/v2\/comments?post=9028"}],"version-history":[{"count":1,"href":"https:\/\/blogs.correiobraziliense.com.br\/aricunha\/wp-json\/wp\/v2\/posts\/9028\/revisions"}],"predecessor-version":[{"id":9029,"href":"https:\/\/blogs.correiobraziliense.com.br\/aricunha\/wp-json\/wp\/v2\/posts\/9028\/revisions\/9029"}],"wp:attachment":[{"href":"https:\/\/blogs.correiobraziliense.com.br\/aricunha\/wp-json\/wp\/v2\/media?parent=9028"}],"wp:term":[{"taxonomy":"category","embeddable":true,"href":"https:\/\/blogs.correiobraziliense.com.br\/aricunha\/wp-json\/wp\/v2\/categories?post=9028"},{"taxonomy":"post_tag","embeddable":true,"href":"https:\/\/blogs.correiobraziliense.com.br\/aricunha\/wp-json\/wp\/v2\/tags?post=9028"}],"curies":[{"name":"wp","href":"https:\/\/api.w.org\/{rel}","templated":true}]}}