{"id":9022,"date":"2017-09-10T06:29:54","date_gmt":"2017-09-10T09:29:54","guid":{"rendered":"https:\/\/blogs.correiobraziliense.com.br\/aricunha\/?p=9022"},"modified":"2017-09-19T06:30:47","modified_gmt":"2017-09-19T09:30:47","slug":"pacto-de-sangue","status":"publish","type":"post","link":"https:\/\/blogs.correiobraziliense.com.br\/aricunha\/pacto-de-sangue\/","title":{"rendered":"Pacto de sangue"},"content":{"rendered":"<p><em>Desde 1960<\/em><\/p>\n<p><em>colunadoaricunha@gmail.com<\/em><\/p>\n<p><em>com Circe Cunha \u00a0e Mamfil<\/em><\/p>\n<p><em>\u00a0<\/em>Normalmente, quando se ouve falar em pacto de sangue, a primeira imagem que vem \u00e0 mente \u00e9 a de um acordo firmado por membros de gangues criminosas, em que as promessas de fidelidade e de sil\u00eancio sobre as atividades do grupo e de cada um s\u00e3o certificadas com o sangue de todos. Esse ritual era, habitualmente, empregado nos pactos feitos entre antigos mafiosos, sendo que a quebra de contrato era paga com a pr\u00f3pria vida.<\/p>\n<p>No depoimento que prestou, h\u00e1 pouco, ao juiz S\u00e9rgio Moro, o ex-ministro Antonio Palocci, homem de confian\u00e7a do ex-presidente Lula e, sintomaticamente, alcunhado pelos delatores da Odebrecht de \u201citaliano\u201d, declarou que, entre Em\u00edlio Odebrecht e Lula, foi firmado o tal pacto de sangue, o que assegurou ao ex-presidente algumas centenas de milh\u00f5es de reais e outras prebendas, em troca da manuten\u00e7\u00e3o do esquema criminoso ao longo do governo Dilma.<\/p>\n<p>Para um empres\u00e1rio desse porte e que sempre se beneficiou de facilidades de v\u00e1rios governos e para um ex-presidente, apontado pelo Minist\u00e9rio P\u00fablico como o chefe da maior organiza\u00e7\u00e3o criminosa de todos os tempos, um pacto de sangue seria considerado at\u00e9 como um desdobramento natural que uniria a fome com a vontade de comer. Em\u00edlio encontrou em Lula algu\u00e9m capaz de escancarar, sem remorsos, as portas dos cofres p\u00fablicos, via BNDES. Em troca, tornou-se para ele uma esp\u00e9cie de g\u00eanio da l\u00e2mpada m\u00e1gica, capaz de realizar todos os desejos materiais do ex-presidente.<\/p>\n<p>\u00c9 preciso notar que essa n\u00e3o \u00e9 uma confiss\u00e3o qualquer, sussurrada por algum assessor arrependido do ex-presidente. Quem delata, com consci\u00eancia, a meganegociata \u00e9 ningu\u00e9m menos do que o ex-ministro da Fazenda de Lula que, por sua import\u00e2ncia e onipresen\u00e7a em v\u00e1rios epis\u00f3dios mal- explicados da era petista, pode ser considerado tamb\u00e9m um ser onisciente, guardi\u00e3o dos mais rec\u00f4nditos segredos financeiros dessa trupe, esp\u00e9cie de contador dessa turma de aldrab\u00f5es.<\/p>\n<p>O queixo amolecido de Palocci, por meses de cadeia e diante da perspectiva de vir a ficar por mais alguns anos no catre, facilitou o trabalho da pol\u00edcia, economizando tempo e dinheiro. Palocci est\u00e1 para Lula, assim como outro italiano (Mantega) est\u00e1 para Dilma. \u00c9 s\u00f3 uma quest\u00e3o de tempo. Na possibilidade real de os procuradores virem a reunir, tamb\u00e9m no mesmo embrulho, o ex-ministro Guido Mantega, passar\u00e3o a ter em m\u00e3os dois dos mais destacados operadores das finan\u00e7as nebulosas da era petista.<\/p>\n<p>\u00c9 preciso notar ainda que a sequ\u00eancia de depoimentos que acabaram por implicar seriamente os mais altos escal\u00f5es petistas decorreu, na sua maioria, de um fato prosaico e que \u00e9 comumente visto tamb\u00e9m no mundo ficcional: o abandono e o desprezo intencional demonstrado pelos comandantes dos esquemas a todos aqueles que ca\u00edram em desgra\u00e7a e acabaram detidos. Deixado \u00e0 pr\u00f3pria sorte, no calabou\u00e7o, e sentindo na pele a ingratid\u00e3o dos antigos chefes, Palocci resolveu dividir suas agruras com eles. Afinal, Dilma e Lula representam hoje, na cabe\u00e7a de Palocci, os respons\u00e1veis diretos por sua situa\u00e7\u00e3o. Nada mais humano e natural. A ingratid\u00e3o \u00e9 um tigre, ensina o fil\u00f3sofo de Mondubim.<\/p>\n<p>&nbsp;<\/p>\n<p><strong>A frase que n\u00e3o foi pronunciada<\/strong><\/p>\n<p><em>\u201cAs notas de dinheiro s\u00e3o reais, os ternos caros e joias s\u00e3o reais, a vida no s\u00edtio e no tr\u00edplex \u00e9 real, mas como tudo foi conseguido \u00e9 fic\u00e7\u00e3o. Somos todos idiotas?\u201d<\/em><\/p>\n<p>&nbsp;<\/p>\n<p><strong>In\u00edcio<\/strong><\/p>\n<p>Venezuela reage e Tarek William Saab, procurador-geral, prende executivos da estatal do petr\u00f3leo PcVSA.s.<\/p>\n<p>&nbsp;<\/p>\n<p><strong>Agilidade<\/strong><\/p>\n<p>Ministra do STJ comemora os 25.335 processos julgados. \u201cTodo o afinco da atual gest\u00e3o, ao longo deste ano, teve como horizonte melhorar a entrega da presta\u00e7\u00e3o jurisdicional. Miramos a redu\u00e7\u00e3o do estoque de processos do tribunal e a participa\u00e7\u00e3o ativa no debate sobre as demandas mais urgentes da sociedade, como a corrup\u00e7\u00e3o na administra\u00e7\u00e3o p\u00fablica e a superlota\u00e7\u00e3o carcer\u00e1ria. Creio que os avan\u00e7os s\u00e3o fruto da gest\u00e3o integrada e compartilhada, adotada pela presid\u00eancia e vice-presid\u00eancia, com todos os ministros desta Corte, al\u00e9m da colabora\u00e7\u00e3o dos servidores da Casa\u201d, comemora a presidente Laurita Vaz.<\/p>\n<p>&nbsp;<\/p>\n<p><strong>Imperd\u00edvel<\/strong><\/p>\n<p>Amanh\u00e3 (dia 11), o Duo Alvenaria lan\u00e7ar\u00e1, no Clube do Choro, o CD de estreia Assentando o Reboco. Ser\u00e1 um passeio atual nas tradi\u00e7\u00f5es da m\u00fasica nordestina, ao som de p\u00edfano e pandeiro. Ely Janoville e Mariano, estudantes de m\u00fasica e artes da UnB, fazem a dupla. Eles comp\u00f5em o disco com convidados que sublimam o trabalho. Os ingressos est\u00e3o \u00e0 venda no Clube do Choro ou no site, ao pre\u00e7o de R$ 20. O CD ser\u00e1 vendido \u00e0 parte, tamb\u00e9m ao custo de R$ 20.<\/p>\n<p>&nbsp;<\/p>\n<p><strong>Falando verdades<\/strong><\/p>\n<p>At\u00e9 que enfim o governador Rollemberg resolveu falar \u00e0s claras com a popula\u00e7\u00e3o. Desta vez, foram os sindicatos que o tiraram do s\u00e9rio. Mentem sobre a reforma da previd\u00eancia. Al\u00e9m disso, deputados distritais fazem a m\u00e9dia sobre o assunto quase que apenas para peitar o governador. A popula\u00e7\u00e3o est\u00e1 cansada de ser enganada. Um governador que fale a verdade \u00e9 um jeito diferente de administrar a cidade e que ganharia a simpatia dos eleitores.<\/p>\n<p>&nbsp;<\/p>\n<p><strong>Hist\u00f3ria de Bras\u00edlia<\/strong><\/p>\n<p>Resta, agora, ao governo, cumprir com a sua parte, nomeando um prefeito que n\u00e3o precise de tr\u00eas meses para se enfronhar nos problemas da cidade. (Publicada em 5\/10\/1961)<\/p>\n","protected":false},"excerpt":{"rendered":"<p>Desde 1960 colunadoaricunha@gmail.com com Circe Cunha \u00a0e Mamfil \u00a0Normalmente, quando se ouve falar em pacto de sangue, a primeira imagem que vem \u00e0 mente \u00e9 a de um acordo firmado por membros de gangues criminosas, em que as promessas de fidelidade e de sil\u00eancio sobre as atividades do grupo e de cada um s\u00e3o certificadas com o sangue de todos. [&hellip;]<\/p>\n","protected":false},"author":34,"featured_media":0,"comment_status":"closed","ping_status":"closed","sticky":false,"template":"","format":"standard","meta":{"footnotes":""},"categories":[23],"tags":[32],"class_list":["post-9022","post","type-post","status-publish","format-standard","hentry","category-integra","tag-politica-brasil-brasilia-mamfil-ari-cunha-circe-cunha"],"_links":{"self":[{"href":"https:\/\/blogs.correiobraziliense.com.br\/aricunha\/wp-json\/wp\/v2\/posts\/9022","targetHints":{"allow":["GET"]}}],"collection":[{"href":"https:\/\/blogs.correiobraziliense.com.br\/aricunha\/wp-json\/wp\/v2\/posts"}],"about":[{"href":"https:\/\/blogs.correiobraziliense.com.br\/aricunha\/wp-json\/wp\/v2\/types\/post"}],"author":[{"embeddable":true,"href":"https:\/\/blogs.correiobraziliense.com.br\/aricunha\/wp-json\/wp\/v2\/users\/34"}],"replies":[{"embeddable":true,"href":"https:\/\/blogs.correiobraziliense.com.br\/aricunha\/wp-json\/wp\/v2\/comments?post=9022"}],"version-history":[{"count":1,"href":"https:\/\/blogs.correiobraziliense.com.br\/aricunha\/wp-json\/wp\/v2\/posts\/9022\/revisions"}],"predecessor-version":[{"id":9023,"href":"https:\/\/blogs.correiobraziliense.com.br\/aricunha\/wp-json\/wp\/v2\/posts\/9022\/revisions\/9023"}],"wp:attachment":[{"href":"https:\/\/blogs.correiobraziliense.com.br\/aricunha\/wp-json\/wp\/v2\/media?parent=9022"}],"wp:term":[{"taxonomy":"category","embeddable":true,"href":"https:\/\/blogs.correiobraziliense.com.br\/aricunha\/wp-json\/wp\/v2\/categories?post=9022"},{"taxonomy":"post_tag","embeddable":true,"href":"https:\/\/blogs.correiobraziliense.com.br\/aricunha\/wp-json\/wp\/v2\/tags?post=9022"}],"curies":[{"name":"wp","href":"https:\/\/api.w.org\/{rel}","templated":true}]}}