{"id":9014,"date":"2017-09-08T03:10:17","date_gmt":"2017-09-08T06:10:17","guid":{"rendered":"https:\/\/blogs.correiobraziliense.com.br\/aricunha\/?p=9014"},"modified":"2017-09-15T06:11:01","modified_gmt":"2017-09-15T09:11:01","slug":"cuidado-com-o-andor-das-investigacoes","status":"publish","type":"post","link":"https:\/\/blogs.correiobraziliense.com.br\/aricunha\/cuidado-com-o-andor-das-investigacoes\/","title":{"rendered":"Cuidado com o andor das investiga\u00e7\u00f5es"},"content":{"rendered":"<p><em>Desde 1960<\/em><\/p>\n<p><em>colunadoaricunha@gmail.com<\/em><\/p>\n<p><em>com Circe Cunha \u00a0e Mamfil<\/em><\/p>\n<p>Uma coisa \u00e9 certa: muita \u00e1gua ainda vai rolar sob a ponte da Opera\u00e7\u00e3o Lava-Jato. A raz\u00e3o \u00e9 simples e se prende ao fato de que ainda navegamos por rios desconhecidos. O instituto da dela\u00e7\u00e3o premiada, que tantos benef\u00edcios tem trazido para o clareamento das investiga\u00e7\u00f5es, principalmente sobre a atua\u00e7\u00e3o delituosa de pessoas e grupos poderosos dentro da Rep\u00fablica, ainda pode ser considerado um mecanismo pouco conhecido, por\u00e9m, eficiente para a revela\u00e7\u00e3o do intrincado modus operandi dessas quadrilhas e a participa\u00e7\u00e3o de cada pessoa nesses organogramas do crime.<\/p>\n<p>Nesse sentido, as novas conversas entre membros da JBS, e que jogam mais lama no ventilador do pa\u00eds, precisam ser analisadas com o m\u00e1ximo de cuidado, para n\u00e3o p\u00f4r a perder todo o exaustivo trabalho que vem sendo realizado ao longo desses \u00faltimos anos pelo Minist\u00e9rio P\u00fablico e pela Pol\u00edcia Federal.<\/p>\n<p>Um ponto parece claro para quem acompanha com apreens\u00e3o esse megaesc\u00e2ndalo. \u00c0 medida que s\u00e3o expostos nomes e respectivos delitos, a tend\u00eancia e a torcida de todos os envolvidos nesses imbr\u00f3glios, corruptos, corrompidos e seus respectivos e car\u00edssimos defensores s\u00e3o que as investiga\u00e7\u00f5es esbarram em filigranas jur\u00eddicas que impe\u00e7am ou anulem o prosseguimento das opera\u00e7\u00f5es, pondo a salvo todo esse grupo de bandoleiros.<\/p>\n<p>Procuradores e investigadores t\u00eam caminhado, nesses casos, como sobre o delicado e fino papel de arroz, se esfor\u00e7ando, ao m\u00e1ximo, para n\u00e3o danificar as apura\u00e7\u00f5es, n\u00e3o deixando brechas para irregularidades. O que as novas grava\u00e7\u00f5es deixam patente e \u00e0 mostra \u00e9 que essa gente n\u00e3o descuida um s\u00f3 instante de maquinar estrat\u00e9gias para encurralar a Justi\u00e7a. O que ainda surpreende \u00e9 que esses indiv\u00edduos ainda sejam apanhados pela tecnologia dos gravadores. Para muitos, no entanto, \u00e9 preciso todo o cuidado com tudo o que \u00e9 ouvido e falado e, sobretudo, com tudo o que \u00e9 gravado.<\/p>\n<p>A estultice e o profissionalismo dessa gente ficaram comprovados mais de uma vez, e n\u00e3o seria de todo surpresa se algumas dessas grava\u00e7\u00f5es, simplesmente, tiverem sido pr\u00e9-elaboradas na tentativa esperta de lan\u00e7ar iscas falsas pelo caminho, principalmente visando desestabilizar a atua\u00e7\u00e3o dos homens da lei, levando o p\u00fablico a acreditar que todos s\u00e3o farinha do mesmo saco.<\/p>\n<p>A afoiteza, ou talvez a gan\u00e2ncia, com que o antigo auxiliar Marcelo Miller passou de um posto na Procuradoria da Rep\u00fablica, onde trabalhava ao lado de\u00a0 ningu\u00e9m menos do que o pr\u00f3prio Janot, para ir servir diretamente e num \u00e1timo no escrit\u00f3rio que cuidava dos processos de leni\u00eancia dos principais personagens dessa trama, \u00e9 talvez o ponto sobre o qual ainda pairam incertezas. \u00c0 primeira vista, pelo que foi revelado nas grava\u00e7\u00f5es, o poder do dinheiro desses a\u00e7ougueiros profissionais tornou poss\u00edvel, ainda, a captura e abdu\u00e7\u00e3o de uma figura estrat\u00e9gica, dentro da pr\u00f3pria PGR, visando, num esquema preconcebido, a obten\u00e7\u00e3o n\u00e3o s\u00f3 da liberdade e isen\u00e7\u00e3o para os muitos crimes desse grupo, mas induzir ao descr\u00e9dito todo o trabalho de Janot, frente \u00e0 PGR.<\/p>\n<p>Nesse momento de agravamento da crise pol\u00edtica e policial, e em que se anuncia uma mudan\u00e7a no comando da PGR, todo o cuidado com o andor das investiga\u00e7\u00f5es \u00e9 pouco. Por isso, devagar que o santo \u00e9 de barro.<\/p>\n<p>&nbsp;<\/p>\n<p><strong>A frase que foi pronunciada<\/strong><\/p>\n<p><em>\u201cO falso amigo e a sombra s\u00f3 nos acompanham quando o Sol brilha.\u201d<\/em><\/p>\n<p>Benjamin Franklin<\/p>\n<p>&nbsp;<\/p>\n<p><strong>Li\u00e7\u00e3o<\/strong><\/p>\n<p>\u00bb Agnes Heller, fil\u00f3sofa nascida na Hungria, diz que a Europa \u00e9 hoje melhor, mas que o nacionalismo ainda impera. Perguntada se o Ocidente foi tolerante com o extremismo por muito tempo, ela responde: \u201c\u00c9 um problema das democracias liberais. Acreditam que todos compartilham a mesma vis\u00e3o. Vou dar um exemplo da minha juventude. Vamos para Munique em 1938. Pense no (primeiro-ministro brit\u00e2nico Neville) Chamberlain, que veio para a cidade alem\u00e3 com um peda\u00e7o de papel no qual pedia que Hitler renunciasse ao uso da for\u00e7a. Foi entregue e assinado. E Chamberlain vendeu como uma vit\u00f3ria. As democracias liberais podem ser ing\u00eanuas, acreditam que uma assinatura em um papel ou uma declara\u00e7\u00e3o da ONU significa algo\u201d.<\/p>\n<p>&nbsp;<\/p>\n<p><strong>Sucesso<\/strong><\/p>\n<p>\u00bb L\u00e1 estavam no meio da rua em Curitiba. Caixotes abarrotados de dinheiro cinematogr\u00e1fico. Come\u00e7a a exibi\u00e7\u00e3o do filme Pol\u00edcia Federal \u2014 A Lei \u00e9 para Todos, de Marcelo Antunez. Uma pincelada sobre a Lava-Jato. Assim como Tropa de Elite adiantou tomadas de decis\u00f5es da pol\u00edcia, \u00e9 uma posi\u00e7\u00e3o para o p\u00fablico do que foi estabelecido na hist\u00f3ria do Brasil.<\/p>\n<p>&nbsp;<\/p>\n<p><strong>Futuro<\/strong><\/p>\n<p>\u00bb O governador e o prefeito de S\u00e3o Paulo querem trabalhar. Imprensa cria factoides para atrapalhar. Vamos ver onde est\u00e1 a verdade. O importante \u00e9 que tanto Alckmin quanto Doria fazem mais do que falam.<\/p>\n<p>&nbsp;<\/p>\n<p><strong>Incr\u00edvel<\/strong><\/p>\n<p>\u00bb Todo o dinheiro de Geddel que estava no apartamento \u00e9 exatamente o mesmo valor do or\u00e7amento anual do Cade.<\/p>\n<p>&nbsp;<\/p>\n<p><strong>Hist\u00f3ria de Bras\u00edlia<\/strong><\/p>\n<p>As associa\u00e7\u00f5es de classe de Bras\u00edlia, destacando-se o Rotary, Lions, o Juniors e a Associa\u00e7\u00e3o Comercial, cumpriram com a sua miss\u00e3o no encaminhamento do caso da Prefeitura do Distrito Federal. (Publicada em 5\/10\/1961)<\/p>\n","protected":false},"excerpt":{"rendered":"<p>Desde 1960 colunadoaricunha@gmail.com com Circe Cunha \u00a0e Mamfil Uma coisa \u00e9 certa: muita \u00e1gua ainda vai rolar sob a ponte da Opera\u00e7\u00e3o Lava-Jato. A raz\u00e3o \u00e9 simples e se prende ao fato de que ainda navegamos por rios desconhecidos. O instituto da dela\u00e7\u00e3o premiada, que tantos benef\u00edcios tem trazido para o clareamento das investiga\u00e7\u00f5es, principalmente sobre a atua\u00e7\u00e3o delituosa de [&hellip;]<\/p>\n","protected":false},"author":34,"featured_media":0,"comment_status":"closed","ping_status":"closed","sticky":false,"template":"","format":"standard","meta":{"footnotes":""},"categories":[23],"tags":[32],"class_list":["post-9014","post","type-post","status-publish","format-standard","hentry","category-integra","tag-politica-brasil-brasilia-mamfil-ari-cunha-circe-cunha"],"_links":{"self":[{"href":"https:\/\/blogs.correiobraziliense.com.br\/aricunha\/wp-json\/wp\/v2\/posts\/9014","targetHints":{"allow":["GET"]}}],"collection":[{"href":"https:\/\/blogs.correiobraziliense.com.br\/aricunha\/wp-json\/wp\/v2\/posts"}],"about":[{"href":"https:\/\/blogs.correiobraziliense.com.br\/aricunha\/wp-json\/wp\/v2\/types\/post"}],"author":[{"embeddable":true,"href":"https:\/\/blogs.correiobraziliense.com.br\/aricunha\/wp-json\/wp\/v2\/users\/34"}],"replies":[{"embeddable":true,"href":"https:\/\/blogs.correiobraziliense.com.br\/aricunha\/wp-json\/wp\/v2\/comments?post=9014"}],"version-history":[{"count":1,"href":"https:\/\/blogs.correiobraziliense.com.br\/aricunha\/wp-json\/wp\/v2\/posts\/9014\/revisions"}],"predecessor-version":[{"id":9015,"href":"https:\/\/blogs.correiobraziliense.com.br\/aricunha\/wp-json\/wp\/v2\/posts\/9014\/revisions\/9015"}],"wp:attachment":[{"href":"https:\/\/blogs.correiobraziliense.com.br\/aricunha\/wp-json\/wp\/v2\/media?parent=9014"}],"wp:term":[{"taxonomy":"category","embeddable":true,"href":"https:\/\/blogs.correiobraziliense.com.br\/aricunha\/wp-json\/wp\/v2\/categories?post=9014"},{"taxonomy":"post_tag","embeddable":true,"href":"https:\/\/blogs.correiobraziliense.com.br\/aricunha\/wp-json\/wp\/v2\/tags?post=9014"}],"curies":[{"name":"wp","href":"https:\/\/api.w.org\/{rel}","templated":true}]}}