{"id":9005,"date":"2017-09-03T06:02:39","date_gmt":"2017-09-03T09:02:39","guid":{"rendered":"https:\/\/blogs.correiobraziliense.com.br\/aricunha\/?p=9005"},"modified":"2017-09-15T06:03:41","modified_gmt":"2017-09-15T09:03:41","slug":"desconstrutores-tambem-merecem-nomes-em-lapides","status":"publish","type":"post","link":"https:\/\/blogs.correiobraziliense.com.br\/aricunha\/desconstrutores-tambem-merecem-nomes-em-lapides\/","title":{"rendered":"Desconstrutores tamb\u00e9m merecem nomes em l\u00e1pides"},"content":{"rendered":"<p><em>Desde 1960<\/em><\/p>\n<p><em>colunadoaricunha@gmail.com<\/em><\/p>\n<p><em>com Circe Cunha \u00a0e Mamfil<\/em><\/p>\n<p><em>\u00a0<\/em>Qualquer governo minimamente respons\u00e1vel tem a obriga\u00e7\u00e3o de zelar pela integridade dos espa\u00e7os p\u00fablicos, cuidando para que esses lugares n\u00e3o sejam degradados pela a\u00e7\u00e3o de v\u00e2ndalos e, sobretudo, impedindo que a atua\u00e7\u00e3o de invasores e grileiros transforme, da noite para o dia, o que pertence a todos igualmente em propriedade de particulares inescrupulosos e ladinos. N\u00e3o se entende como ainda \u00e9 poss\u00edvel hoje que pol\u00edticos pretensamente agindo em conson\u00e2ncia com seus partidos continuem incentivando a invas\u00e3o de terras p\u00fablicas sob o pretexto enganoso e perigoso de que a quest\u00e3o da falta de moradia pr\u00f3pria deva ser resolvida na marra, mediante a\u00e7\u00e3o violenta contra o Estado, invadindo e depredando \u00e1reas, mesmo que integrem patrim\u00f4nios sens\u00edveis de prote\u00e7\u00e3o ambiental.<\/p>\n<p>N\u00e3o \u00e9 de hoje que a sociedade assiste, sem possibilidade de a\u00e7\u00e3o, \u00e0 transforma\u00e7\u00e3o de grandes glebas de terras p\u00fablicas em condom\u00ednios e assentamentos de invasores, gra\u00e7as \u00e0 ind\u00fastria de liminares e outros recursos jur\u00eddicos legais concedidos por magistrados pouco interessados em quest\u00f5es de planejamento urbano e mais afeitos ao imediatismo e \u00e0 fama passageira dos holofotes.<\/p>\n<p>Os danos que a a\u00e7\u00e3o de grupos formados por magistrados mal-intencionados e pol\u00edticos especializados em espertezas e outras aldrabices t\u00eam causado \u00e0 capital e aos brasilienses ao longo destas duas d\u00e9cadas, embora ainda n\u00e3o tenham sido devidamente dimensionados, por si, j\u00e1 comp\u00f5em extenso cap\u00edtulo na hist\u00f3ria da inf\u00e2mia relativa \u00e0 ocupa\u00e7\u00e3o criminosa de terras no Distrito Federal.<\/p>\n<p>O que \u00e9 poss\u00edvel perceber, de modo inconteste, \u00e9 que, gra\u00e7as aos incentivos, a permissividade e o amparo ligeiro de pol\u00edticos, ju\u00edzes, empreiteiros e grileiros, Bras\u00edlia \u00e9 hoje uma cidade com grav\u00edssimos problemas urbanos, que v\u00e3o desde a falta de \u00e1gua pot\u00e1vel para a abastecimento da popula\u00e7\u00e3o at\u00e9 quest\u00f5es como aumento da viol\u00eancia, falta de vagas em hospitais, escolas, faveliza\u00e7\u00e3o de extensas \u00e1reas e outras mazelas hist\u00f3ricas antes comuns apenas a outras cidades brasileiras sem planejamento.<\/p>\n<p>Os efeitos nefastos decorrentes da a\u00e7\u00e3o de autoridades de quem se esperaria o m\u00ednimo de responsabilidade j\u00e1 s\u00e3o percebidos. O que \u00e9 necess\u00e1rio agora \u00e9 fulanizar seus autores para que, no futuro, todos venham a conhecer nomes e sobrenomes desses obreiros de ru\u00ednas que deram in\u00edcio ao processo irrevers\u00edvel de desconstru\u00e7\u00e3o da capital, devidamente inscritos em l\u00e1pide de m\u00e1rmore na entrada da cidade.<\/p>\n<p>&nbsp;<\/p>\n<p><strong>A frase que foi pronunciada<\/strong><\/p>\n<p><em>\u201cA sabedoria da natureza \u00e9 tal que n\u00e3o produz nada de sup\u00e9rfluo ou in\u00fatil.\u201d<\/em><\/p>\n<p>Nicolau Cop\u00e9rnico<\/p>\n<p>&nbsp;<\/p>\n<p><strong>F\u00e9<\/strong><\/p>\n<p>\u00bb Turistas estranham o mau cheiro na plataforma da Pra\u00e7a de Santo Estev\u00e3o, em Viena. Na verdade, trata-se de t\u00e9cnica adotada por arquitetos para n\u00e3o abalar as estruturas dos monumentos hist\u00f3ricos. Compostos org\u00e2nicos e inorg\u00e2nicos s\u00e3o usados quando h\u00e1 obras de metr\u00f4. No calor, por ser vol\u00e1til, a qu\u00edmica come\u00e7a a trabalhar, tornando o ar malcheiroso. Na catedral de S\u00e3o Paulo, em Londres, ocorre o mesmo fen\u00f4meno.<\/p>\n<p>&nbsp;<\/p>\n<p><strong>Aprender sempre<\/strong><\/p>\n<p>\u00bb Mesmo em f\u00e9rias escolares, \u00e9 poss\u00edvel ver em Viena grupos de crian\u00e7as passeando em excurs\u00f5es educativas.<\/p>\n<p>&nbsp;<\/p>\n<p><strong>Previd\u00eancia<\/strong><\/p>\n<p>\u00bb Informa\u00e7\u00e3o interessante trazida pelo portal consular do Itamaraty explica sobre acordos de previd\u00eancia social do Brasil com outros pa\u00edses. Para se beneficiar desse acordo e o habilitar para trabalhadores ou aposentados nesses locais, \u00e9 preciso estar com a situa\u00e7\u00e3o regularizada no pa\u00eds de acolhimento.<\/p>\n<p>&nbsp;<\/p>\n<p><strong>Proteste<\/strong><\/p>\n<p>\u00bb Operadoras de planos de sa\u00fade perdem na Justi\u00e7a causas de usu\u00e1rios que completaram 60 anos de idade e tiveram aumento maior do que o permitido. Caso as parcelas tenham sido pagas, podem ser devolvidas em dobro. O C\u00f3digo do Consumidor e o Estatuto do Idoso trazem os fundamentos.<\/p>\n<p>&nbsp;<\/p>\n<p><strong>Hist\u00f3ria de Bras\u00edlia<\/strong><\/p>\n<p>Os moradores da 306 (IAPC) est\u00e3o horrorizados com o que se passa no posto da Texaco, que fica em frente a um dos seus blocos. Brigas, nomes feios, falta de respeito e excessivo barulho s\u00e3o as maiores reclama\u00e7\u00f5es. Domingo, ningu\u00e9m dormiu depois das 4h da madrugada porque dois funcion\u00e1rios estavam brigando. (Publicada em 4\/10\/1961)<\/p>\n<p><em>\u00a0<\/em><\/p>\n","protected":false},"excerpt":{"rendered":"<p>Desde 1960 colunadoaricunha@gmail.com com Circe Cunha \u00a0e Mamfil \u00a0Qualquer governo minimamente respons\u00e1vel tem a obriga\u00e7\u00e3o de zelar pela integridade dos espa\u00e7os p\u00fablicos, cuidando para que esses lugares n\u00e3o sejam degradados pela a\u00e7\u00e3o de v\u00e2ndalos e, sobretudo, impedindo que a atua\u00e7\u00e3o de invasores e grileiros transforme, da noite para o dia, o que pertence a todos igualmente em propriedade de particulares [&hellip;]<\/p>\n","protected":false},"author":34,"featured_media":0,"comment_status":"closed","ping_status":"closed","sticky":false,"template":"","format":"standard","meta":{"footnotes":""},"categories":[23],"tags":[32],"class_list":["post-9005","post","type-post","status-publish","format-standard","hentry","category-integra","tag-politica-brasil-brasilia-mamfil-ari-cunha-circe-cunha"],"_links":{"self":[{"href":"https:\/\/blogs.correiobraziliense.com.br\/aricunha\/wp-json\/wp\/v2\/posts\/9005","targetHints":{"allow":["GET"]}}],"collection":[{"href":"https:\/\/blogs.correiobraziliense.com.br\/aricunha\/wp-json\/wp\/v2\/posts"}],"about":[{"href":"https:\/\/blogs.correiobraziliense.com.br\/aricunha\/wp-json\/wp\/v2\/types\/post"}],"author":[{"embeddable":true,"href":"https:\/\/blogs.correiobraziliense.com.br\/aricunha\/wp-json\/wp\/v2\/users\/34"}],"replies":[{"embeddable":true,"href":"https:\/\/blogs.correiobraziliense.com.br\/aricunha\/wp-json\/wp\/v2\/comments?post=9005"}],"version-history":[{"count":1,"href":"https:\/\/blogs.correiobraziliense.com.br\/aricunha\/wp-json\/wp\/v2\/posts\/9005\/revisions"}],"predecessor-version":[{"id":9006,"href":"https:\/\/blogs.correiobraziliense.com.br\/aricunha\/wp-json\/wp\/v2\/posts\/9005\/revisions\/9006"}],"wp:attachment":[{"href":"https:\/\/blogs.correiobraziliense.com.br\/aricunha\/wp-json\/wp\/v2\/media?parent=9005"}],"wp:term":[{"taxonomy":"category","embeddable":true,"href":"https:\/\/blogs.correiobraziliense.com.br\/aricunha\/wp-json\/wp\/v2\/categories?post=9005"},{"taxonomy":"post_tag","embeddable":true,"href":"https:\/\/blogs.correiobraziliense.com.br\/aricunha\/wp-json\/wp\/v2\/tags?post=9005"}],"curies":[{"name":"wp","href":"https:\/\/api.w.org\/{rel}","templated":true}]}}