{"id":9003,"date":"2017-09-02T06:01:04","date_gmt":"2017-09-02T09:01:04","guid":{"rendered":"https:\/\/blogs.correiobraziliense.com.br\/aricunha\/?p=9003"},"modified":"2017-09-15T06:02:09","modified_gmt":"2017-09-15T09:02:09","slug":"desmanche-etico-e-politico","status":"publish","type":"post","link":"https:\/\/blogs.correiobraziliense.com.br\/aricunha\/desmanche-etico-e-politico\/","title":{"rendered":"Desmanche \u00e9tico e pol\u00edtico"},"content":{"rendered":"<p><em>Desde 1960<\/em><\/p>\n<p><em>colunadoaricunha@gmail.com<\/em><\/p>\n<p><em>com Circe Cunha \u00a0e Mamfil<\/em><\/p>\n<p><em>\u00a0<\/em>Por motivos que escapam \u00e0 compreens\u00e3o e ao senso comum, quis o destino que a Proclama\u00e7\u00e3o da Rep\u00fablica no Brasil, em 1889, introduzisse por aqui um novo sistema de governo, sem, no entanto, abolir completamente o anterior (monarquia), criando, a exemplo da jabuticaba, um modelo nosso, muito pr\u00f3prio, em que o presidencialismo seria exercido por uma esp\u00e9cie de monarca sem coroa, mas com poderes claramente absolutos e no qual a antiga nobreza parasit\u00e1ria foi substitu\u00edda por uma classe pol\u00edtica exploradora, composta, na grande maioria, por indiv\u00edduos de alto poder econ\u00f4mico e pouca imagina\u00e7\u00e3o.<\/p>\n<p>Quanto aos antigos privil\u00e9gios, que eram o alvo inicial dos republicanos, esses permaneceram n\u00e3o s\u00f3 inalterados, como em muitos casos foram ampliados ainda mais, criando uma esp\u00e9cie de presidencialismo absolutista em que o presidente, seu entorno imediato, bem como todos os que ocupam altas fun\u00e7\u00f5es de Estado nos tr\u00eas poderes passaram a integrar uma elite blindada contra a realidade em volta.<\/p>\n<p>Para manter o status quo, numa situa\u00e7\u00e3o t\u00e3o sui generis, foram criados, inclusive, cortes e leis especiais para julgar a nova nobreza. Em outras palavras: introduziram-se, entre n\u00f3s, apenas mudan\u00e7as de nomenclaturas gen\u00e9ricas, sem, contudo, alterar o conte\u00fado do sistema de governo. N\u00e3o \u00e9 por outra raz\u00e3o que, desde aquela \u00e9poca, assistimos a um suceder de crises institucionais, por mais que continuemos, a cada nova crise, a reformar continuamente nossa Carta Magna.<\/p>\n<p>A cada novo ciclo de crises, novas oportunidades se abriram para reformular essa situa\u00e7\u00e3o, e todas elas foram miseravelmente desperdi\u00e7adas, abrindo espa\u00e7o para novas crises, num ciclo sem fim. Com a chegada do Partido do Trabalhadores ao poder, finalmente, vislumbrou-se a oportunidade de encerrar esse longo per\u00edodo de crise por meio de um ajuste hist\u00f3rico que traria o fim das desigualdades, abrindo espa\u00e7o para uma refunda\u00e7\u00e3o da Rep\u00fablica, nos moldes em que ela \u00e9 apresentada na teoria.<\/p>\n<p>N\u00e3o foi preciso nem uma d\u00e9cada para perceber que, com os \u00faltimos personagens pol\u00edticos, o pa\u00eds n\u00e3o s\u00f3 n\u00e3o iria reajustar nenhum processo hist\u00f3rico, mas tamb\u00e9m iria se embrenhar por caminhos totalmente desconhecidos, o que acabou por os conduzir para a maior crise econ\u00f4mica, social e pol\u00edtica de toda a nossa hist\u00f3ria.<\/p>\n<p>&nbsp;<\/p>\n<p><strong>A frase que n\u00e3o foi pronunciada<\/strong><\/p>\n<p><em>\u201cO homem n\u00e3o \u00e9 nada al\u00e9m daquilo que a educa\u00e7\u00e3o faz dele.\u201d<\/em><\/p>\n<p>Immanuel Kant<\/p>\n<p>&nbsp;<\/p>\n<p><strong>PL 001\/2008<\/strong><\/p>\n<p>\u00bb Dirigir alcoolizado com envolvimento em acidente fatal pode passar a ser crime hediondo. Trata-se de projeto do senador Cristovam Buarque que est\u00e1 pronto para entrar na pauta de vota\u00e7\u00f5es da Comiss\u00e3o de Constitui\u00e7\u00e3o, Justi\u00e7a e Cidadania. Os acidentes de tr\u00e2nsito s\u00e3o a primeira causa de morte de jovens entre 14 e 29 anos no Brasil e atingem mais de 40 mil pessoas anualmente.<\/p>\n<p>&nbsp;<\/p>\n<p><strong>Novidade<\/strong><\/p>\n<p>\u00bb Senado anuncia algumas mudan\u00e7as no cart\u00e3o corporativo. Trata-se de nova lei com restri\u00e7\u00f5es e limites para o uso alinhavados pelos senadores Ronaldo Caiado e Lasier Martins. O ponto nevr\u00e1lgico \u00e9 o corte da permiss\u00e3o de saque. Al\u00e9m disso, seguindo a linha da governan\u00e7a, a transpar\u00eancia sobre os lan\u00e7amentos deve estar na internet, com nome e matr\u00edcula do portador, valor total de gastos da unidade gestora e identifica\u00e7\u00e3o da despesa.<\/p>\n<p>&nbsp;<\/p>\n<p><strong>Educa\u00e7\u00e3o pela puni\u00e7\u00e3o<\/strong><\/p>\n<p>\u00bb Viena tem um sistema de transporte p\u00fablico primoroso. Metr\u00f4, \u00f4nibus e transporte por cabos el\u00e9tricos funcionam com perfei\u00e7\u00e3o. Esta\u00e7\u00f5es limpas e pontualidade ao extremo. Mas o mais interessante \u00e9 que n\u00e3o existem fiscais para a cobran\u00e7a do ingresso que foi comprado nas m\u00e1quinas. Na verdade, eles existem, mas n\u00e3o s\u00e3o previs\u00edveis. Podem aparecer a qualquer momento. A penalidade \u00e9 t\u00e3o pesada que ningu\u00e9m se arrisca a ser desonesto.<\/p>\n<p>&nbsp;<\/p>\n<p><strong>Hist\u00f3ria de Bras\u00edlia<\/strong><\/p>\n<p>Em frente \u00e0 Americana, a Novacap construiu um restaurante, que seria unidade de vizinhan\u00e7a, para servir \u00e0 Superquadra 107. At\u00e9 hoje n\u00e3o foi arrendado, o que significa: capital parado, que n\u00e3o rende juro. (Publicada em 4\/10\/1961)<\/p>\n<p>&nbsp;<\/p>\n","protected":false},"excerpt":{"rendered":"<p>Desde 1960 colunadoaricunha@gmail.com com Circe Cunha \u00a0e Mamfil \u00a0Por motivos que escapam \u00e0 compreens\u00e3o e ao senso comum, quis o destino que a Proclama\u00e7\u00e3o da Rep\u00fablica no Brasil, em 1889, introduzisse por aqui um novo sistema de governo, sem, no entanto, abolir completamente o anterior (monarquia), criando, a exemplo da jabuticaba, um modelo nosso, muito pr\u00f3prio, em que o presidencialismo [&hellip;]<\/p>\n","protected":false},"author":34,"featured_media":0,"comment_status":"closed","ping_status":"closed","sticky":false,"template":"","format":"standard","meta":{"footnotes":""},"categories":[23],"tags":[32],"class_list":["post-9003","post","type-post","status-publish","format-standard","hentry","category-integra","tag-politica-brasil-brasilia-mamfil-ari-cunha-circe-cunha"],"_links":{"self":[{"href":"https:\/\/blogs.correiobraziliense.com.br\/aricunha\/wp-json\/wp\/v2\/posts\/9003","targetHints":{"allow":["GET"]}}],"collection":[{"href":"https:\/\/blogs.correiobraziliense.com.br\/aricunha\/wp-json\/wp\/v2\/posts"}],"about":[{"href":"https:\/\/blogs.correiobraziliense.com.br\/aricunha\/wp-json\/wp\/v2\/types\/post"}],"author":[{"embeddable":true,"href":"https:\/\/blogs.correiobraziliense.com.br\/aricunha\/wp-json\/wp\/v2\/users\/34"}],"replies":[{"embeddable":true,"href":"https:\/\/blogs.correiobraziliense.com.br\/aricunha\/wp-json\/wp\/v2\/comments?post=9003"}],"version-history":[{"count":1,"href":"https:\/\/blogs.correiobraziliense.com.br\/aricunha\/wp-json\/wp\/v2\/posts\/9003\/revisions"}],"predecessor-version":[{"id":9004,"href":"https:\/\/blogs.correiobraziliense.com.br\/aricunha\/wp-json\/wp\/v2\/posts\/9003\/revisions\/9004"}],"wp:attachment":[{"href":"https:\/\/blogs.correiobraziliense.com.br\/aricunha\/wp-json\/wp\/v2\/media?parent=9003"}],"wp:term":[{"taxonomy":"category","embeddable":true,"href":"https:\/\/blogs.correiobraziliense.com.br\/aricunha\/wp-json\/wp\/v2\/categories?post=9003"},{"taxonomy":"post_tag","embeddable":true,"href":"https:\/\/blogs.correiobraziliense.com.br\/aricunha\/wp-json\/wp\/v2\/tags?post=9003"}],"curies":[{"name":"wp","href":"https:\/\/api.w.org\/{rel}","templated":true}]}}