{"id":8994,"date":"2017-08-29T03:51:00","date_gmt":"2017-08-29T06:51:00","guid":{"rendered":"https:\/\/blogs.correiobraziliense.com.br\/aricunha\/?p=8994"},"modified":"2017-09-15T05:52:26","modified_gmt":"2017-09-15T08:52:26","slug":"versao-da-versao","status":"publish","type":"post","link":"https:\/\/blogs.correiobraziliense.com.br\/aricunha\/versao-da-versao\/","title":{"rendered":"A vers\u00e3o da vers\u00e3o"},"content":{"rendered":"<p><em>Desde 1960<\/em><\/p>\n<p><em>colunadoaricunha@gmail.com<\/em><\/p>\n<p><em>com Circe Cunha \u00a0e Mamfil<\/em><\/p>\n<p>&nbsp;<\/p>\n<p>\u201cDe Viena \u2014 Acuse-os do que voc\u00ea faz, chame-os do que voc\u00ea \u00e9\u201d, supostamente, atribu\u00eddo a Lenin em um dec\u00e1logo intitulado Regras para a revolu\u00e7\u00e3o, continua sendo empregado com muita frequ\u00eancia e, at\u00e9 com resultados satisfat\u00f3rios e cr\u00edveis, quando se trata de p\u00f4r em pr\u00e1tica as estrat\u00e9gias ret\u00f3ricas inclusas nos discursos inflamados proferidos por toda a ala lulopetista.<\/p>\n<p>Ocorre que, nem sempre, a melhor defesa \u00e9 o ataque, principalmente quando a avalanche de fatos passa a inundar o horizonte, tornando a realidade t\u00e3o necess\u00e1ria e presente como o oxig\u00eanio. Mas, em se tratando de realismo fant\u00e1stico \u00e0 brasileira e tendo em vista que essa \u00e9 a derradeira e \u00fanica arma dispon\u00edvel ao alcance da m\u00e3o, \u00e9 o que tem feito Lula, ao longo de toda a sua eterna campanha.<\/p>\n<p>Insistir que essa \u00e9 t\u00e1tica fantasiosa, em nada muda a audi\u00eancia cativa, transmutada em assembleia de fieis cr\u00e9dulos. Ao transformar pol\u00edtica em credo religioso, qualquer an\u00e1lise racional perde o sentido e cai no lugar-comum, onde o bom senso ensina que quest\u00f5es de f\u00e9 n\u00e3o se discutem. Quando come\u00e7ou a ficar evidente que existia, dentro da Petrobras, uma quadrilha organizada para drenar recursos milion\u00e1rios das mais diversas \u00e1reas da empresa e que essa organiza\u00e7\u00e3o, formada por pol\u00edticos, empres\u00e1rios e servidores internos, tinha, no comando central, figuras de destaque da c\u00fapula do partido e de seus coligados no poder, come\u00e7aram a vir \u00e0 tona, em forma de discursos, as tais \u201cregras para a revolu\u00e7\u00e3o\u201d.<\/p>\n<p>Primeiro se difundiu a not\u00edcia de que havia um movimento, organizado pelos golpistas de plant\u00e3o, para a privatiza\u00e7\u00e3o da empresa e a entrega dos recursos do petr\u00f3leo ao capitalismo internacional. Parte da imprensa deu voz \u00e0 not\u00edcia, havendo, inclusive, quem dela fez profiss\u00e3o de f\u00e9.<\/p>\n<p>A partir do aprofundamento das investiga\u00e7\u00f5es da Lava-Jato, quando come\u00e7aram as primeiras pris\u00f5es e essa vers\u00e3o n\u00e3o tinha o mesmo grau de impacto, a ladainha mudou de rumo e surgiu, ent\u00e3o, a nov\u00edssima teoria de que as investidas policiais objetivavam, simplesmente, corroer o partido, que, por mais de uma d\u00e9cada, havia governado o pa\u00eds em nome da classe trabalhadora. Segundo a nova interpreta\u00e7\u00e3o da realidade, vista pelos \u00f3culos emba\u00e7ados da turma transgressora, a tumultuada investiga\u00e7\u00e3o tinha a finalidade de obstaculizar a candidatura do grande demiurgo \u00e0s elei\u00e7\u00f5es de 2018.<\/p>\n<p>Mesmo agora, prosseguem as vers\u00f5es de que a rapidez com que os processos avan\u00e7am na Justi\u00e7a de segundo grau refletem a ansiedade com que tentam impedir a volta daquele que, na verdade, nunca se foi. A\u00ed cabe um par\u00eantese: houvesse o ex-presidente adotado uma postura distante dos holofotes do poder, recolhendo-se, com seus louros, a uma vida mais recatada, as repercuss\u00f5es provocadas pelas investiga\u00e7\u00f5es da Justi\u00e7a teriam alcance menor sobre ele e sua fam\u00edlia. Mas quis o destino e a vaidade humana que Lula optasse por seguir seus instintos pantagru\u00e9licos, embaralhando a sede pelo poder, como criador e tutor de Dilma, com a nova fantasia de globetrotter a servi\u00e7o das mesmas empresas que\u00a0 enriqueceram durante seu governo.<\/p>\n<p>O ponto de inflex\u00e3o da nova personagem foi dado com a tentativa frustrada de assumir o posto de ministro da Casa Civil, durante o ocaso de sua pupila. Frustrada essa estrat\u00e9gia, tem in\u00edcio a luta di\u00e1ria para escapar de ser posto nas chaves. Em seu labirinto, constru\u00eddo com os pr\u00f3prios p\u00e9s e tendo Moro como seu Minotauro imagin\u00e1rio, os dias do ex-presidente se resumem, desde ent\u00e3o, numa luta incessante em preservar o que ainda resta de sua imagem e a tentativa de escapulir da m\u00e3o da Justi\u00e7a.<\/p>\n<p>Em seu \u00faltimo ato, defronte \u00e0 refinaria de Abreu e Lima, a mesma que ajudou a transformar em ferrugem, com o falecido Hugo Chaves, da Venezuela, a ret\u00f3rica, ensaiada por todos de antem\u00e3o, passou a ser de que a Opera\u00e7\u00e3o Lava-Jato era a respons\u00e1vel direta, at\u00e9 agora, pela perda de mais de 3 milh\u00f5es de postos de trabalho.<\/p>\n<p>A desfa\u00e7atez com que Lula e sua claque se colocam diante dos escombros que produziu para dizer que aquilo foi obra de seus opositores se iguala, em imagina\u00e7\u00e3o, \u00e0s propriedades do s\u00edtio e do tr\u00edplex, que n\u00e3o lhes pertencem, embora tenha tido o cuidado em reform\u00e1-los com esmero de verdadeiro dono. O problema com a mentira, ensinou uma vez o pr\u00f3prio Lula, \u00e9 que, quando voc\u00ea conta uma, nunca mais se livra dela, tendo que emend\u00e1-la sempre com novas vers\u00f5es.<\/p>\n<p>&nbsp;<\/p>\n<p><strong>A frase que foi pronunciada<\/strong><\/p>\n<p><em>\u201cUma mentira pode salvar seu presente, mas condena seu futuro.\u201d<\/em><\/p>\n<p>Buda<\/p>\n<p>&nbsp;<\/p>\n<p><strong>Empresas<\/strong><\/p>\n<p>\u00bb Um trabalho interessante com CEOs, em Viena. Eles entram nos espa\u00e7os reservados a lobos para descobrir o animal que t\u00eam em si. \u201cNa presen\u00e7a desse animal, somos todos iguais e podemos p\u00f4r \u00e0 prova o nosso eu animal e esp\u00edrito de lideran\u00e7a\u201d, explica o coach Ian Mac Garry. Uma das participantes percebeu a mudan\u00e7a quando olhou nos olhos do lobo. N\u00e3o era vista pelo seu grau dentro da empresa e sim como algu\u00e9m que estava sendo desafiada a liderar.<\/p>\n<p>&nbsp;<\/p>\n<p><strong>Leitor<\/strong><\/p>\n<p>\u00bb \u201cSe houvesse efic\u00e1cia nas licita\u00e7\u00f5es das linhas de \u00f4nibus em Bras\u00edlia, isso \u00e9, dando vit\u00f3ria a duas empresas de propriet\u00e1rios diferentes, para concorr\u00eancia, compara\u00e7\u00e3o e necess\u00e1rio n\u00edvel de redund\u00e2ncia na presta\u00e7\u00e3o de servi\u00e7os, a cidade n\u00e3o passaria pela perda de produtividade e problemas pelo quais passa nesta manh\u00e3, em que \u00f4nibus n\u00e3o circulam\u201d, sugere Jos\u00e9 Rabello.<\/p>\n<p>&nbsp;<\/p>\n<p><strong>Hist\u00f3ria de Bras\u00edlia<\/strong><\/p>\n<p>Na Superquadra 208, a administra\u00e7\u00e3o fez cal\u00e7adas para que, nas pr\u00f3ximas chuvas, os moradores estejam resguardados da lama. Mas n\u00e3o adiantou nada, porque os pr\u00f3prios moradores est\u00e3o destruindo essas cal\u00e7adas, passando carros por cima.\u00a0 (Publicada em 4\/10\/1961)<\/p>\n<p>&nbsp;<\/p>\n<p>&nbsp;<\/p>\n","protected":false},"excerpt":{"rendered":"<p>Desde 1960 colunadoaricunha@gmail.com com Circe Cunha \u00a0e Mamfil &nbsp; \u201cDe Viena \u2014 Acuse-os do que voc\u00ea faz, chame-os do que voc\u00ea \u00e9\u201d, supostamente, atribu\u00eddo a Lenin em um dec\u00e1logo intitulado Regras para a revolu\u00e7\u00e3o, continua sendo empregado com muita frequ\u00eancia e, at\u00e9 com resultados satisfat\u00f3rios e cr\u00edveis, quando se trata de p\u00f4r em pr\u00e1tica as estrat\u00e9gias ret\u00f3ricas inclusas nos discursos [&hellip;]<\/p>\n","protected":false},"author":34,"featured_media":0,"comment_status":"closed","ping_status":"closed","sticky":false,"template":"","format":"standard","meta":{"footnotes":""},"categories":[23],"tags":[32],"class_list":["post-8994","post","type-post","status-publish","format-standard","hentry","category-integra","tag-politica-brasil-brasilia-mamfil-ari-cunha-circe-cunha"],"_links":{"self":[{"href":"https:\/\/blogs.correiobraziliense.com.br\/aricunha\/wp-json\/wp\/v2\/posts\/8994","targetHints":{"allow":["GET"]}}],"collection":[{"href":"https:\/\/blogs.correiobraziliense.com.br\/aricunha\/wp-json\/wp\/v2\/posts"}],"about":[{"href":"https:\/\/blogs.correiobraziliense.com.br\/aricunha\/wp-json\/wp\/v2\/types\/post"}],"author":[{"embeddable":true,"href":"https:\/\/blogs.correiobraziliense.com.br\/aricunha\/wp-json\/wp\/v2\/users\/34"}],"replies":[{"embeddable":true,"href":"https:\/\/blogs.correiobraziliense.com.br\/aricunha\/wp-json\/wp\/v2\/comments?post=8994"}],"version-history":[{"count":1,"href":"https:\/\/blogs.correiobraziliense.com.br\/aricunha\/wp-json\/wp\/v2\/posts\/8994\/revisions"}],"predecessor-version":[{"id":8995,"href":"https:\/\/blogs.correiobraziliense.com.br\/aricunha\/wp-json\/wp\/v2\/posts\/8994\/revisions\/8995"}],"wp:attachment":[{"href":"https:\/\/blogs.correiobraziliense.com.br\/aricunha\/wp-json\/wp\/v2\/media?parent=8994"}],"wp:term":[{"taxonomy":"category","embeddable":true,"href":"https:\/\/blogs.correiobraziliense.com.br\/aricunha\/wp-json\/wp\/v2\/categories?post=8994"},{"taxonomy":"post_tag","embeddable":true,"href":"https:\/\/blogs.correiobraziliense.com.br\/aricunha\/wp-json\/wp\/v2\/tags?post=8994"}],"curies":[{"name":"wp","href":"https:\/\/api.w.org\/{rel}","templated":true}]}}