{"id":8992,"date":"2017-08-27T05:48:41","date_gmt":"2017-08-27T08:48:41","guid":{"rendered":"https:\/\/blogs.correiobraziliense.com.br\/aricunha\/?p=8992"},"modified":"2017-09-15T05:49:13","modified_gmt":"2017-09-15T08:49:13","slug":"explicar-o-inexplicavel","status":"publish","type":"post","link":"https:\/\/blogs.correiobraziliense.com.br\/aricunha\/explicar-o-inexplicavel\/","title":{"rendered":"Explicar o inexplic\u00e1vel"},"content":{"rendered":"<p><span style=\"text-decoration: underline\"><\/span><em>Desde 1960<\/em><\/p>\n<p><em>colunadoaricunha@gmail.com<\/em><\/p>\n<p><em>com Circe Cunha \u00a0e Mamfil<\/em><\/p>\n<p>&nbsp;<\/p>\n<p>Segundo o fil\u00f3sofo de Mondubim, quem muito se ocupa em dar explica\u00e7\u00e3o muita coisa esconde em seu por\u00e3o. Todo o tempo que nossos pol\u00edticos consomem fazendo coisas que o p\u00fablico n\u00e3o pode ver, mas que a imprensa curiosa acaba registrando, \u00e9 gasto de igual modo, nos longos rituais de explica\u00e7\u00f5es, nas notas oficiais, nos desmentidos categ\u00f3ricos e nas repetidas nega\u00e7\u00e3o dos fatos.<\/p>\n<p>De alguma forma, essa parece ser a rotina que tem consumido, ultimamente, muitas horas do presidente Temer. Acostumado a negocia\u00e7\u00f5es \u00e0 luz de velas e conversas ao p\u00e9 de ouvido, em que os di\u00e1logos s\u00e3o sempre mantidos na linha invis\u00edvel do segredo, o presidente tem sido, constantemente, flagrado em situa\u00e7\u00f5es, para dizer o m\u00ednimo, pouco republicanas.<\/p>\n<p>\u00c0 primeira vista, o que parece \u00e9 o presidente, mal-acostumado ainda ao cargo que lhe caiu no colo por acidente de percurso, insiste em praticar, no Executivo, as mesmas manias que exercitava, do outro lado da rua, no parlamento.<\/p>\n<p>Na verdade, o que o p\u00fablico vai percebendo \u00e9 que o presidente tem sido v\u00edtima de sua pr\u00f3pria performance, recebendo pessoas fora da agenda oficial, a altas horas da noite, para encontros que n\u00e3o foram devidamente registrados nas portarias dos pal\u00e1cios, como se, de alguma forma, buscasse manter bem longe dos mil olhos da na\u00e7\u00e3o essas reuni\u00f5es pouco usuais.<\/p>\n<p>O que o presidente parece n\u00e3o ter entendido ainda \u00e9 que, no cargo em que se encontra, dado o momento de extrema crise e da desconfian\u00e7a com que a sociedade brasileira olha para seus pol\u00edticos, mais do que manter a liturgia do alto posto que ocupa, \u00e9 preciso, n\u00e3o s\u00f3 ser probo, mas tamb\u00e9m parecer probo diante de todos.<\/p>\n<p>Como se n\u00e3o bastassem os deslizes prim\u00e1rios, ainda por cima o presidente, num rompante amador, vem a p\u00fablico querendo impor uma concep\u00e7\u00e3o muito particular de presidencialismo, ao afirmar: \u201cEu converso com quem eu quiser, na hora que eu achar mais oportuno e onde eu quiser\u201d. Se nem o mais livre dos andarilhos que vaga pelos acostamentos das estradas deste pa\u00eds tem tal prerrogativa, muito menos teria algu\u00e9m cingido por t\u00e3o importante fun\u00e7\u00e3o.<\/p>\n<p>Para arrematar o que no mundo racional n\u00e3o pode ser arrematado, Temer, em mais uma dessas sess\u00f5es explicativas, deixou brechas, nas entrelinhas, que at\u00e9 um psicanalista amador decifraria com facilidade: \u201cO fato de conversar com voc\u00ea n\u00e3o quer dizer que voc\u00ea v\u00e1 me proteger, nem o contr\u00e1rio\u201d, afirmou Temer, explicando por que recebeu, em sua resid\u00eancia, \u00e0s altas horas e fora da agenda, o ministro do Supremo Tribunal Federal, Gilmar Mendes. Explicar mais o qu\u00ea?<\/p>\n<p>&nbsp;<\/p>\n<p><strong>A frase que n\u00e3o foi pronunciada<\/strong><\/p>\n<p><em>Vender a Casa da Moeda? A sabedoria popular diz: \u201cQuem d\u00e1 o que tem, a pedir vem\u201d.<\/em><\/p>\n<p>Rold\u00e3o Simas Filho, ex- qu\u00edmico da Petrobras<\/p>\n<p>&nbsp;<\/p>\n<p><strong>Roupa lavada<\/strong><\/p>\n<p>\u00bb O ministro Toffoli confirma que cabe \u00e0 Justi\u00e7a Militar julgar casos de viol\u00eancia dom\u00e9stica nos quais militares estejam envolvidos. Os casos n\u00e3o s\u00e3o poucos. A manifesta\u00e7\u00e3o do ministro do Supremo veio com um pedido de habeas corpus elaborado pela defesa de um sargento do Ex\u00e9rcito condenado por amea\u00e7ar sua mulher, tamb\u00e9m sargento. O caso aconteceu em S\u00e3o Paulo.<\/p>\n<p>&nbsp;<\/p>\n<p><strong>Respirar<\/strong><\/p>\n<p>\u00bb Sucesso total a pousada de La\u00edsa Freire, na Serra da Mantiqueira, perto de Campos de Jord\u00e3o (SP). Lugar charmoso com apenas quatro apartamentos, ou um chalezinho completo.Tudo perto de cachoeiras e trilhas pela Mata Atl\u00e2ntica. O destaque \u00e9 para a cozinha. Quem quiser fugir da capital \u00e9 o caminho indicado. Mais informa\u00e7\u00f5es pelo portal www.oryba.com.br.<\/p>\n<p>&nbsp;<\/p>\n<p><strong>Ruim<\/strong><\/p>\n<p>\u00bb Ricardo Guirlanda manda a prova. A \u00e1gua da Caesb saindo da torneira e criando uma esp\u00e9cie de espuma ao cair na bacia. Muito estranho. Mais estranho ainda \u00e9 conferir, atr\u00e1s da pr\u00f3pria conta emitida pela companhia, que todos os \u00edndices de potabilidade exigidos est\u00e3o normais.<\/p>\n<p>&nbsp;<\/p>\n<p><strong>Boa<\/strong><\/p>\n<p>\u00bb Uma coisa ningu\u00e9m pode reclamar da Caesb. Se o cliente cometer o engano de pagar a conta em duplicidade, no m\u00eas seguinte, o desconto \u00e9 autom\u00e1tico. N\u00e3o \u00e9 necess\u00e1rio fazer of\u00edcio para pedir o ressarcimento, nem entrar em filas de triagem. Isso \u00e9 uma desburocratiza\u00e7\u00e3o e tanto.<\/p>\n<p>&nbsp;<\/p>\n<p><strong>Pena<\/strong><\/p>\n<p>\u00bb Um v\u00eddeo norte-americano muito bem elaborado mostra como o telefone evoluiu em 200 anos e como os carros evolu\u00edram em 200 anos. Mas, para a educa\u00e7\u00e3o, a foto de 200 anos atr\u00e1s eram mesas e carteiras, quadro-negro e professora. Exatamente como hoje. Sem valorizar o talento de cada aluno, sem conhecer os alunos, sem respeitar a criatividade, sem impulsionar os sonhos.<\/p>\n<p>&nbsp;<\/p>\n<p><strong>Hist\u00f3ria de Bras\u00edlia<\/strong><\/p>\n<p>Os funcion\u00e1rios transferidos para Bras\u00edlia desde a inaugura\u00e7\u00e3o, em sua maioria, ainda n\u00e3o receberam as duas horas de extraordin\u00e1rio.\u00a0 (Publicada em 4\/10\/1961)<\/p>\n","protected":false},"excerpt":{"rendered":"<p>Desde 1960 colunadoaricunha@gmail.com com Circe Cunha \u00a0e Mamfil &nbsp; Segundo o fil\u00f3sofo de Mondubim, quem muito se ocupa em dar explica\u00e7\u00e3o muita coisa esconde em seu por\u00e3o. Todo o tempo que nossos pol\u00edticos consomem fazendo coisas que o p\u00fablico n\u00e3o pode ver, mas que a imprensa curiosa acaba registrando, \u00e9 gasto de igual modo, nos longos rituais de explica\u00e7\u00f5es, nas [&hellip;]<\/p>\n","protected":false},"author":34,"featured_media":0,"comment_status":"closed","ping_status":"closed","sticky":false,"template":"","format":"standard","meta":{"footnotes":""},"categories":[23],"tags":[],"class_list":["post-8992","post","type-post","status-publish","format-standard","hentry","category-integra"],"_links":{"self":[{"href":"https:\/\/blogs.correiobraziliense.com.br\/aricunha\/wp-json\/wp\/v2\/posts\/8992","targetHints":{"allow":["GET"]}}],"collection":[{"href":"https:\/\/blogs.correiobraziliense.com.br\/aricunha\/wp-json\/wp\/v2\/posts"}],"about":[{"href":"https:\/\/blogs.correiobraziliense.com.br\/aricunha\/wp-json\/wp\/v2\/types\/post"}],"author":[{"embeddable":true,"href":"https:\/\/blogs.correiobraziliense.com.br\/aricunha\/wp-json\/wp\/v2\/users\/34"}],"replies":[{"embeddable":true,"href":"https:\/\/blogs.correiobraziliense.com.br\/aricunha\/wp-json\/wp\/v2\/comments?post=8992"}],"version-history":[{"count":1,"href":"https:\/\/blogs.correiobraziliense.com.br\/aricunha\/wp-json\/wp\/v2\/posts\/8992\/revisions"}],"predecessor-version":[{"id":8993,"href":"https:\/\/blogs.correiobraziliense.com.br\/aricunha\/wp-json\/wp\/v2\/posts\/8992\/revisions\/8993"}],"wp:attachment":[{"href":"https:\/\/blogs.correiobraziliense.com.br\/aricunha\/wp-json\/wp\/v2\/media?parent=8992"}],"wp:term":[{"taxonomy":"category","embeddable":true,"href":"https:\/\/blogs.correiobraziliense.com.br\/aricunha\/wp-json\/wp\/v2\/categories?post=8992"},{"taxonomy":"post_tag","embeddable":true,"href":"https:\/\/blogs.correiobraziliense.com.br\/aricunha\/wp-json\/wp\/v2\/tags?post=8992"}],"curies":[{"name":"wp","href":"https:\/\/api.w.org\/{rel}","templated":true}]}}