{"id":8988,"date":"2017-08-25T03:45:00","date_gmt":"2017-08-25T06:45:00","guid":{"rendered":"https:\/\/blogs.correiobraziliense.com.br\/aricunha\/?p=8988"},"modified":"2017-09-15T05:47:05","modified_gmt":"2017-09-15T08:47:05","slug":"ranking-da-vergonha-2","status":"publish","type":"post","link":"https:\/\/blogs.correiobraziliense.com.br\/aricunha\/ranking-da-vergonha-2\/","title":{"rendered":"Ranking da vergonha 2"},"content":{"rendered":"<p><em>Desde 1960<\/em><\/p>\n<p><em>colunadoaricunha@gmail.com<\/em><\/p>\n<p><em>com Circe Cunha \u00a0e Mamfil<\/em><\/p>\n<p>25Com o advento da Lei 12.015\/2009, os outrora chamados \u201ccrimes contra os costumes\u201d passaram a ser tratados como \u201ccrimes contra a dignidade sexual\u201d, considerando aqui que um dos pilares do Estado Democr\u00e1tico de Direito, a dignidade humana, foi aviltada de forma grave. As penas para crimes dessa natureza tamb\u00e9m foram sensivelmente mais rigorosas.<\/p>\n<p>Apesar do novo entendimento legal e do agravamento das san\u00e7\u00f5es e,\u00a0 longe de a infra\u00e7\u00e3o ser banida da cena nacional, o que se verifica \u00e9 o recrudescimento dessas pr\u00e1ticas odiosas, principalmente por meio dos estupros coletivos. Nos \u00faltimos cinco anos, dobrou o n\u00famero de registros, passando de 1.570, em 2011, para 3.526, em 2016, ou seja, 10 casos de estupro coletivo por dia.<\/p>\n<p>De todos os crimes poss\u00edveis cometidos contra a dignidade humana, nenhum outro \u00e9 t\u00e3o nocivo e produz tantos efeitos delet\u00e9rios negativos e prolongados do que o estupro. \u00c9 comum dizer que a v\u00edtima tem a alma estuprada, tamanho \u00e9 o sentimento de profana\u00e7\u00e3o sofrida. \u201cEstupro, algu\u00e9m disse, \u00e9 sobre viol\u00eancia, e n\u00e3o sexo. Se uma pessoa te bate com uma p\u00e1, voc\u00ea n\u00e3o chama isso de jardinagem.\u201d Se esse tipo de crime traz uma carga de bestialidade tamanha, o estupro coletivo multiplica essa sensa\u00e7\u00e3o e essa dor por mil, sendo dif\u00edcil at\u00e9 encontrar no dicion\u00e1rio, qualquer express\u00e3o que traduza, de modo racional, essa experi\u00eancia perturbadora.<\/p>\n<p>Obviamente que aqui tamb\u00e9m os n\u00fameros oficiais n\u00e3o traduzem a realidade f\u00e1tica, havendo, inclusive, quem assegure que esses registros de crime ainda est\u00e3o muito distante da verdade. A semelhan\u00e7a com que ocorre na viol\u00eancia contra os idosos, mais uma vez o Distrito Federal aparece liderando esse ranking da vergonha, ao lado de Tocantins e do Acre.<\/p>\n<p>Para cada grupo de cem mil habitantes, a taxa de estupro coletivo coloca a capital com 4,23 casos. Em 2016, esse tipo de crime, em que h\u00e1 mais do que um agressor, representava 15% dos atendimentos em hospitais p\u00fablicos e privados. Incr\u00edvel \u00e9 perceber a toler\u00e2ncia social e hist\u00f3rica do pa\u00eds ainda tem reflexos ante esses crimes. Para Daniel Cerqueira, do Instituto de Pesquisa Econ\u00f4mica Aplicada (Ipea), \u201ca viol\u00eancia sexual contra a mulher \u00e9 um crime invis\u00edvel\u201d.<\/p>\n<p>Segundos dados do instituto, apenas 10% do total desses crimes s\u00e3o registrados. Muitas mulheres estupradas n\u00e3o prestam queixa, porque ainda persiste a cultura de culp\u00e1-la,\u00a0 quando elas s\u00e3o as v\u00edtimas. Para D\u00e9bora Diniz, antrop\u00f3loga da Universidade de Bras\u00edlia, a caracter\u00edstica coletiva desse tipo de crime, denuncia e evidencia o car\u00e1ter cultural do estupro. \u201cCom o avan\u00e7o da internet, o estupro coletivo, muitas vezes postado ao vivo e a cores nas redes sociais, ganhara um car\u00e1ter quase ritual\u00edstico, com as v\u00edtimas sendo apresentadas como objeto ou trof\u00e9u que foi conquistado\u201d, analisa a soci\u00f3loga da USP Mulheres, W\u00e2nia Pasionato. Dif\u00edcil conceber que em pleno s\u00e9culo 21, na mais moderna capital da Am\u00e9rica, crimes com caracter\u00edsticas doentias ainda ocorram bem debaixo do nariz das autoridades e sob o sil\u00eancio de todos.<\/p>\n<p>&nbsp;<\/p>\n<p><strong>A frase que foi pronunciada<\/strong><\/p>\n<p><em>\u201cSempre considerei as a\u00e7\u00f5es dos homens como as melhores int\u00e9rpretes dos seus pensamentos.\u201d<\/em><\/p>\n<p>John Locke,\u00a0 fil\u00f3sofo ingl\u00eas e ide\u00f3logo do liberalismo, nascido no s\u00e9culo 17<\/p>\n<p>&nbsp;<\/p>\n<p><strong>Esgoto<\/strong><\/p>\n<p>\u00bb Corre a c\u00e9u aberto esgoto pela N2. O cheiro \u00e9 insuport\u00e1vel. Onde est\u00e3o os terceirizados da Caesb? O tempo para a solu\u00e7\u00e3o dos problemas ainda \u00e9 longo demais.<\/p>\n<p>&nbsp;<\/p>\n<p><strong>Provas<\/strong><\/p>\n<p>Na Praia liberado para fazer festa. Faltaram provas para a ju\u00edza Sandra Reves Vasques Tonussi. N\u00e3o houve vistoria que desabonasse os decib\u00e9is que avan\u00e7am at\u00e9 o dia amanhecer. Sorte da magistrada n\u00e3o morar perto do evento. O presidente da Associa\u00e7\u00e3o dos Moradores da Vila Planalto assinou documento agradecendo a amabilidade da produ\u00e7\u00e3o do evento, que atendeu as demandas da regi\u00e3o, patrocinando cobertura de \u00e1rea de lazer da Creche Pioneira Vila Planalto, doa\u00e7\u00e3o de areia e por a\u00ed vai. A paz tem pre\u00e7o?<\/p>\n<p>&nbsp;<\/p>\n<p><strong>Pauta<\/strong><\/p>\n<p>\u00bb Na quarta-feira, 30 de agosto, no Audit\u00f3rio da FAU, UnB, ICC Norte, das 9h30 at\u00e9 as 17h30, o Minist\u00e9rio P\u00fablico do DF, em parceria com a FAU\/UnB e organiza\u00e7\u00f5es da sociedade civil, como o Instituto Oca do Sol, Projeto \u00c1guas da Serrinha e Conselho Regional de Desenvolvimento Rural Sustent\u00e1vel do Lago Norte, discutir\u00e1 os impactos dos empreendimentos urbanos no DF. Entrada liberada para os cidad\u00e3os que quiserem acompanhar o assunto.<\/p>\n<p>&nbsp;<\/p>\n<p><strong>Bug<\/strong><\/p>\n<p>\u00bb O Banco do Brasil passou por um problema que atingiu a clientela que usa o saque sem. N\u00fameros cadastrados n\u00e3o conseguiram, ontem \u00e0 tarde, realizar a opera\u00e7\u00e3o. A mensagem era \u201cconta n\u00e3o cadastrada no servi\u00e7o saque sem (G-540) c\u00f3digo S500. Ainda desconhecemos a raz\u00e3o.<\/p>\n<p>&nbsp;<\/p>\n<p><strong>Hist\u00f3ria de Bras\u00edlia<\/strong><\/p>\n<p>H\u00e1, tamb\u00e9m, diversas sacas de farinha de trigo, e o gorgulho come\u00e7a a prejudicar o alimento vindo dos Estados Unidos para a Legi\u00e3o Brasileira de Assist\u00eancia e Casa do Candango. (Publicada em 4\/10\/1961)<\/p>\n","protected":false},"excerpt":{"rendered":"<p>Desde 1960 colunadoaricunha@gmail.com com Circe Cunha \u00a0e Mamfil 25Com o advento da Lei 12.015\/2009, os outrora chamados \u201ccrimes contra os costumes\u201d passaram a ser tratados como \u201ccrimes contra a dignidade sexual\u201d, considerando aqui que um dos pilares do Estado Democr\u00e1tico de Direito, a dignidade humana, foi aviltada de forma grave. As penas para crimes dessa natureza tamb\u00e9m foram sensivelmente mais [&hellip;]<\/p>\n","protected":false},"author":34,"featured_media":0,"comment_status":"closed","ping_status":"closed","sticky":false,"template":"","format":"standard","meta":{"footnotes":""},"categories":[23],"tags":[46],"class_list":["post-8988","post","type-post","status-publish","format-standard","hentry","category-integra","tag-brasilia-brasil-politica-cidade-ari-cunha-mamfil-circe"],"_links":{"self":[{"href":"https:\/\/blogs.correiobraziliense.com.br\/aricunha\/wp-json\/wp\/v2\/posts\/8988","targetHints":{"allow":["GET"]}}],"collection":[{"href":"https:\/\/blogs.correiobraziliense.com.br\/aricunha\/wp-json\/wp\/v2\/posts"}],"about":[{"href":"https:\/\/blogs.correiobraziliense.com.br\/aricunha\/wp-json\/wp\/v2\/types\/post"}],"author":[{"embeddable":true,"href":"https:\/\/blogs.correiobraziliense.com.br\/aricunha\/wp-json\/wp\/v2\/users\/34"}],"replies":[{"embeddable":true,"href":"https:\/\/blogs.correiobraziliense.com.br\/aricunha\/wp-json\/wp\/v2\/comments?post=8988"}],"version-history":[{"count":1,"href":"https:\/\/blogs.correiobraziliense.com.br\/aricunha\/wp-json\/wp\/v2\/posts\/8988\/revisions"}],"predecessor-version":[{"id":8989,"href":"https:\/\/blogs.correiobraziliense.com.br\/aricunha\/wp-json\/wp\/v2\/posts\/8988\/revisions\/8989"}],"wp:attachment":[{"href":"https:\/\/blogs.correiobraziliense.com.br\/aricunha\/wp-json\/wp\/v2\/media?parent=8988"}],"wp:term":[{"taxonomy":"category","embeddable":true,"href":"https:\/\/blogs.correiobraziliense.com.br\/aricunha\/wp-json\/wp\/v2\/categories?post=8988"},{"taxonomy":"post_tag","embeddable":true,"href":"https:\/\/blogs.correiobraziliense.com.br\/aricunha\/wp-json\/wp\/v2\/tags?post=8988"}],"curies":[{"name":"wp","href":"https:\/\/api.w.org\/{rel}","templated":true}]}}