{"id":8982,"date":"2017-08-24T03:53:34","date_gmt":"2017-08-24T06:53:34","guid":{"rendered":"https:\/\/blogs.correiobraziliense.com.br\/aricunha\/?p=8982"},"modified":"2017-08-24T06:54:17","modified_gmt":"2017-08-24T09:54:17","slug":"rankings-da-vergonha","status":"publish","type":"post","link":"https:\/\/blogs.correiobraziliense.com.br\/aricunha\/rankings-da-vergonha\/","title":{"rendered":"Rankings da vergonha"},"content":{"rendered":"<p>Desde 1960<\/p>\n<p>colunadoaricunha@gmail.com<\/p>\n<p>com\u00a0Mamfil e Circe Cunha<\/p>\n<p>Sexagen\u00e1ria e com uma popula\u00e7\u00e3o que j\u00e1 ultrapassou os 3 milh\u00f5es de habitantes, Bras\u00edlia \u00e9 hoje uma metr\u00f3pole que, a exemplo de muitas capitais pa\u00eds afora, apresenta sintomas vis\u00edveis de decrepitude precoce. Al\u00e9m dos problemas urbanos cl\u00e1ssicos que se avolumam por causa do crescimento r\u00e1pido e desordenado, a cidade vai se despontando tamb\u00e9m no cen\u00e1rio nacional nos vergonhosos rankings da viol\u00eancia contra a mulher e contra os idosos.<\/p>\n<p>A cada dia, novos casos e novos dados refor\u00e7am a tese de que Bras\u00edlia \u00e9 mais um ente da Uni\u00e3o com seri\u00edssimos problemas de ordem social, cujas causas principais ainda n\u00e3o s\u00e3o totalmente conhecidas. Uma coisa \u00e9 certa: as caracter\u00edsticas humanizadoras, quase inocentes, idealizadas e defendidas pelos criadores da capital, j\u00e1 n\u00e3o existem mais. \u00c9 coisa de um passado distante e esquecido.<\/p>\n<p>Den\u00fancias de viol\u00eancia contra pessoas idosas t\u00eam chegado a cada instante e em tal volume ao conhecimento p\u00fablico que acabaram por obrigar as autoridades locais a criarem delegacias especializadas somente para atenderem essas ocorr\u00eancias e racionalizar o combate a esses crimes hediondos. Com a cria\u00e7\u00e3o recente da Delegacia Especial de Repress\u00e3o aos Crimes por Discrimina\u00e7\u00e3o Racial, Religiosa ou por Orienta\u00e7\u00e3o Sexual ou Contra a Pessoa Idosa ou com Defici\u00eancia (Decrin), os casos de abuso e viol\u00eancia contra os idosos come\u00e7aram a vir \u00e0 luz, mostrando situa\u00e7\u00e3o at\u00e9 recentemente desconhecida dos brasilienses.<\/p>\n<p>Nessa delegacia, mais de 63% das den\u00fancias registradas s\u00e3o referentes a maus-tratos contra idosos. Das 278 ocorr\u00eancias anotadas, 176 se referiam \u00e0 viola\u00e7\u00e3o de direitos contra maiores de 60 anos. Dos 183 casos registrados em 2016, 61 eram de viol\u00eancia expl\u00edcita contra pessoas da terceira idade. Apenas nos primeiros meses deste ano, houve relatos de mais de 60 crimes contra os idosos.<\/p>\n<p>Apesar da quantidade preocupante, a delegada que comanda essa unidade da pol\u00edcia, Gl\u00e1ucia Cristina da Silva, reconhece que esses n\u00fameros n\u00e3o refletem a realidade. Como a maioria dos crimes de ofensa moral, financeira e f\u00edsica ocorrem dentro de casa, praticados pelos pr\u00f3prios familiares, os respectivos registros quase nunca s\u00e3o feitos, o que dificulta muito o conhecimento das estat\u00edsticas reais.<\/p>\n<p>Pelo canal criado pelo Tribunal de Justi\u00e7a do Distrito Federal e dos Territ\u00f3rios, conhecido como Central Judicial do Idoso, ficou mais f\u00e1cil conhecer de perto a realidade. Em 2016, essa Central computou 2.601 casos, sendo 283 de viol\u00eancia, dos quais 106 foram de viol\u00eancia psicol\u00f3gica e 94 de neglig\u00eancia. No quadro assustador, as mulheres foram as que mais sofreram viola\u00e7\u00f5es de direitos, com 157 casos registrados.<\/p>\n<p>Plano Piloto e Ceil\u00e2ndia lideram os n\u00fameros de viol\u00eancia contra idosos. Com uma popula\u00e7\u00e3o acima dos 60 anos, estimada em aproximadamente 300 mil pessoas ou 15% do total, chega a ser surpreendente que 2.601 casos de viol\u00eancia contra idosos tenham ocorrido num per\u00edodo de apenas um ano. Pelo Disque Idoso, no n\u00famero 156, op\u00e7\u00e3o 8, e pelo Disque 100, Disque 197 e Disque 162, podem ser feitos registros e den\u00fancias de viol\u00eancia contra os idosos.<\/p>\n<p>Para uma capital que foi idealizada como marco de nova civiliza\u00e7\u00e3o, que iria comandar os destinos do pa\u00eds, Bras\u00edlia parece ter tal forma se desviado do rumo natural que se tornou necess\u00e1rio ao Estado criar um departamento especializado em socorrer a popula\u00e7\u00e3o idosa, a maioria formada de candangos pioneiros, massacrados por jovens que parecem n\u00e3o acreditar nem na Justi\u00e7a, nem no fato de que um dia v\u00e3o ser idosos tamb\u00e9m.<\/p>\n<p>&nbsp;<\/p>\n<p><strong>A frase que foi pronunciada<\/strong><\/p>\n<p><em>\u201cA hist\u00f3ria \u00e9 um conjunto de mentiras sobre as quais se chegou a um acordo.\u201d<\/em><\/p>\n<p>Napole\u00e3o Bonaparte, um vision\u00e1rio<\/p>\n<p>&nbsp;<\/p>\n<p><strong>Release<\/strong><\/p>\n<p>\u00bb A C\u00e2mara Legislativa vai realizar sess\u00e3o solene em comemora\u00e7\u00e3o ao Dia do Nutricionista, 31 de agosto. Especialistas da \u00e1rea ser\u00e3o homenageados no evento, na pr\u00f3xima quarta-feira, 30 de agosto, \u00e0s 9h, no audit\u00f3rio da CLDF. O nutricionista Daniel Novais \u00e9 um dos convidados para receber mo\u00e7\u00e3o de louvor pelos relevantes servi\u00e7os prestados \u00e0 sociedade. Cada vez mais, as pessoas reconhecem a import\u00e2ncia de uma alimenta\u00e7\u00e3o equilibrada. Parab\u00e9ns a esses profissionais que tornam o mundo mais saud\u00e1vel.<\/p>\n<p>&nbsp;<\/p>\n<p><strong>Agenda<\/strong><\/p>\n<p>\u00bb Figueira da Villa oferece feijoada e resgata chorinho do Mercado Municipal aos s\u00e1bados. O restaurante serve o prato completo ao som do trio Choro a Granel, que se formou no Mercado e tocou l\u00e1 durante oito anos. O almo\u00e7o \u00e9 servido a partir das 13h, e o som anima a casa das 13h \u00e0s 16h.<\/p>\n<p>&nbsp;<\/p>\n<p><strong>Impratic\u00e1vel<\/strong><\/p>\n<p>\u00bb Definitivamente, a praia de Bras\u00edlia \u00e9 o c\u00e9u da cidade. A tentativa de trazer \u201cA Praia\u201d para a capital do pa\u00eds pecou quando n\u00e3o respeitou os moradores da redondeza. O melhor DJ \u00e9 o que usa o bom senso para aproveitar a pot\u00eancia do som com engenho e arte e n\u00e3o apenas colocando no volume m\u00e1ximo.<\/p>\n<p>&nbsp;<\/p>\n<p><strong>Hist\u00f3ria de Bras\u00edlia<\/strong><\/p>\n<p>Dona Tereza Goulart deve saber que o governo americano mandou, h\u00e1 meses, centenas de sacas de fub\u00e1 de milho para serem distribu\u00eddos nos acampamentos e at\u00e9 agora a pilha de sacas est\u00e1 mofando no galp\u00e3o da Catedral de Bras\u00edlia. (Publicada em 4\/10\/1961)<\/p>\n<p>&nbsp;<\/p>\n","protected":false},"excerpt":{"rendered":"<p>Desde 1960 colunadoaricunha@gmail.com com\u00a0Mamfil e Circe Cunha Sexagen\u00e1ria e com uma popula\u00e7\u00e3o que j\u00e1 ultrapassou os 3 milh\u00f5es de habitantes, Bras\u00edlia \u00e9 hoje uma metr\u00f3pole que, a exemplo de muitas capitais pa\u00eds afora, apresenta sintomas vis\u00edveis de decrepitude precoce. Al\u00e9m dos problemas urbanos cl\u00e1ssicos que se avolumam por causa do crescimento r\u00e1pido e desordenado, a cidade vai se despontando tamb\u00e9m [&hellip;]<\/p>\n","protected":false},"author":34,"featured_media":0,"comment_status":"closed","ping_status":"closed","sticky":false,"template":"","format":"standard","meta":{"footnotes":""},"categories":[23],"tags":[32],"class_list":["post-8982","post","type-post","status-publish","format-standard","hentry","category-integra","tag-politica-brasil-brasilia-mamfil-ari-cunha-circe-cunha"],"_links":{"self":[{"href":"https:\/\/blogs.correiobraziliense.com.br\/aricunha\/wp-json\/wp\/v2\/posts\/8982","targetHints":{"allow":["GET"]}}],"collection":[{"href":"https:\/\/blogs.correiobraziliense.com.br\/aricunha\/wp-json\/wp\/v2\/posts"}],"about":[{"href":"https:\/\/blogs.correiobraziliense.com.br\/aricunha\/wp-json\/wp\/v2\/types\/post"}],"author":[{"embeddable":true,"href":"https:\/\/blogs.correiobraziliense.com.br\/aricunha\/wp-json\/wp\/v2\/users\/34"}],"replies":[{"embeddable":true,"href":"https:\/\/blogs.correiobraziliense.com.br\/aricunha\/wp-json\/wp\/v2\/comments?post=8982"}],"version-history":[{"count":1,"href":"https:\/\/blogs.correiobraziliense.com.br\/aricunha\/wp-json\/wp\/v2\/posts\/8982\/revisions"}],"predecessor-version":[{"id":8983,"href":"https:\/\/blogs.correiobraziliense.com.br\/aricunha\/wp-json\/wp\/v2\/posts\/8982\/revisions\/8983"}],"wp:attachment":[{"href":"https:\/\/blogs.correiobraziliense.com.br\/aricunha\/wp-json\/wp\/v2\/media?parent=8982"}],"wp:term":[{"taxonomy":"category","embeddable":true,"href":"https:\/\/blogs.correiobraziliense.com.br\/aricunha\/wp-json\/wp\/v2\/categories?post=8982"},{"taxonomy":"post_tag","embeddable":true,"href":"https:\/\/blogs.correiobraziliense.com.br\/aricunha\/wp-json\/wp\/v2\/tags?post=8982"}],"curies":[{"name":"wp","href":"https:\/\/api.w.org\/{rel}","templated":true}]}}