{"id":8947,"date":"2017-08-08T03:29:28","date_gmt":"2017-08-08T06:29:28","guid":{"rendered":"https:\/\/blogs.correiobraziliense.com.br\/aricunha\/?p=8947"},"modified":"2017-08-09T07:34:34","modified_gmt":"2017-08-09T10:34:34","slug":"parcerias-publico-privadas-penalizam-o-contribuinte","status":"publish","type":"post","link":"https:\/\/blogs.correiobraziliense.com.br\/aricunha\/parcerias-publico-privadas-penalizam-o-contribuinte\/","title":{"rendered":"Parcerias P\u00fablico-Privadas penalizam o contribuinte"},"content":{"rendered":"<p>Desde 1960<\/p>\n<p>colunadoaricunha@gmail.com<\/p>\n<p>com Circe Cunha e Mamfil<\/p>\n<p>Com a homologa\u00e7\u00e3o, feita pelo GDF, da licita\u00e7\u00e3o que escolheu as empresas que prestar\u00e3o servi\u00e7os de vigil\u00e2ncia, por cinco anos, em diversos \u00f3rg\u00e3os p\u00fablicos da capital, algumas quest\u00f5es de vi\u00e9s \u00e9tico e outras de natureza econ\u00f4mica se imp\u00f5em de imediato e, portanto, necessitam ser esclarecidas para os contribuintes. A primeira delas diz respeito ao fato de a maioria das empresas pertencer a pol\u00edticos com assento no Legislativo local. Apenas por esse crit\u00e9rio, torna-se, no m\u00ednimo, preocupante e estranho que pessoas com influ\u00eancia dentro do Poder Legislativo e, portanto, com tr\u00e2nsito no governo, possuam empresas que atuam na presta\u00e7\u00e3o de servi\u00e7o ao pr\u00f3prio governo.<\/p>\n<p>Tal situa\u00e7\u00e3o, por sua natureza peculiar, acaba provocando, na cabe\u00e7a do cidad\u00e3o comum, um sentimento de desalento com as institui\u00e7\u00f5es rendidas a interesses de grupos econ\u00f4micos poderosos incrustados na m\u00e1quina p\u00fablica. Quem se der ao trabalho de ler as muitas manifesta\u00e7\u00f5es dos leitores e mesmo de ouvi-las nas emissoras de r\u00e1dio sobre esse assunto percebe que, absolutamente, todos se manifestam n\u00e3o s\u00f3 contr\u00e1rios \u00e0 medida, mas a consideram inoportuna e lesiva aos cofres p\u00fablicos.<\/p>\n<p>Obviamente, o Tribunal de Contas, atrelado \u00e0 C\u00e2mara Legislativa, n\u00e3o enxerga quest\u00e3o sob o mesmo prisma, tanto que deu seu aval aos contratos fabulosos. As empresas Brasfort, Confederal e Multiserv, vencedoras da licita\u00e7\u00e3o, v\u00e3o embolsar R$ 305 milh\u00f5es anualmente ou R$ 1,525 bilh\u00e3o em cinco anos, apenas para preencher 1.780 postos de trabalho. Uma f\u00e1bula se comparada com os valores gastos em outras \u00e1reas de interesse da popula\u00e7\u00e3o.<\/p>\n<p>O que chama a aten\u00e7\u00e3o para o fato \u00e9 que, ao longo dos anos, o que o p\u00fablico assiste e reclama, com raz\u00e3o, principalmente depois da Lei 11.079\/2004, que estabeleceu as PPPs, s\u00e3o as licita\u00e7\u00f5es, os preg\u00f5es p\u00fablicos, as parcerias p\u00fablico-privadas e as outras modalidades de delega\u00e7\u00e3o de servi\u00e7os que t\u00eam tido o cond\u00e3o at\u00e9 agora de melhorar os servi\u00e7os prestados aos cidad\u00e3os, reduzindo os custos da presta\u00e7\u00e3o desse trabalho. O que se v\u00ea, por todo o pa\u00eds, s\u00e3o ambul\u00e2ncias e viaturas policiais amontoadas e em processo de sucateamento em p\u00e1tios superlotados \u00e0 espera de licita\u00e7\u00f5es e outras formas de concess\u00e3o de servi\u00e7os necess\u00e1rios para sua manuten\u00e7\u00e3o.<\/p>\n<p>Da mesma forma, escolas p\u00fablicas sem pessoal para a limpeza e para o preparo de alimentos \u2014 todas \u00e0 espera de contrata\u00e7\u00e3o, via licita\u00e7\u00e3o, para essas tarefas corriqueiras. O mesmo se repete nos hospitais da capital, desfalcados de pessoal terceirizado. Para o escorchado contribuinte, o mais correto seria o GDF contratar diretamente esses servi\u00e7os por meio de concurso p\u00fablico, preenchendo as vagas com pessoal pr\u00f3prio, de acordo com os novos par\u00e2metros da legisla\u00e7\u00e3o trabalhista, evitando que casos mal explicados como estes continuem a se perpetuar sob um verniz falso da modernidade.<\/p>\n<p>&nbsp;<\/p>\n<p><b>A frase que foi pronunciada<\/b><\/p>\n<p><i>\u201cQuando percebes que a corrup\u00e7\u00e3o \u00e9 recompensada e que a honestidade se torna autossacrif\u00edcio, ent\u00e3o podes afirmar que a tua sociedade est\u00e1 condenada.\u201d<\/i><\/p>\n<p>Ayn Rand, escritora e fil\u00f3sofa russo-americana<\/p>\n<p>&nbsp;<\/p>\n<p><b>Calv\u00edcie<\/b><\/p>\n<p>\u00bb Tecnologia americana est\u00e1 no Brasil com total aval da Anvisa. Trata-se do rob\u00f4 Artas. Ele realiza o tra\u00e7o e a perfura\u00e7\u00e3o precisos, no transplante capilar. \u201cEle vai agilizar de forma assombrosa a realiza\u00e7\u00e3o das cirurgias e trazer ainda mais resultado\u201d, explica o dermatologista Jo\u00e3o Carlos Pereira, especialista em transplante capilar pela Associa\u00e7\u00e3o Brasileira de Cirurgia de Reconstru\u00e7\u00e3o Capilar (ABCRC)<\/p>\n<p>&nbsp;<\/p>\n<p><b>Vontade pol\u00edtica?<\/b><\/p>\n<p>\u00bb Por falar em Anvisa, o Brasil precisa usar os impostos para a compra de medicamentos para a cura do c\u00e2ncer. H\u00e1 uma defasagem nas modernas medica\u00e7\u00f5es dispostas no mundo e nos m\u00e9todos adotados pelo pa\u00eds. Para o c\u00e2ncer de mama, h\u00e1 novidades com menos efeitos colaterais e com resultados animadores. Mas ainda n\u00e3o chegaram ao SUS.<\/p>\n<p>&nbsp;<\/p>\n<p><b>Portal da PGN<\/b><\/p>\n<p>\u00bb \u201cPrograma Especial de Regulariza\u00e7\u00e3o Tribut\u00e1ria\u201d, dispon\u00edvel no menu \u201cBenef\u00edcio Fiscal\u201d do portal da Procuradoria-Geral da Fazenda Nacional. Poder\u00e1 ser feito pelo devedor principal ou pelo correspons\u00e1vel constante da inscri\u00e7\u00e3o em D\u00edvida Ativa da Uni\u00e3o. No caso de devedor pessoa jur\u00eddica, o requerimento dever\u00e1 ser formulado pelo respons\u00e1vel perante o Cadastro Nacional da Pessoa Jur\u00eddica (CNPJ). Sem divulga\u00e7\u00e3o. O prazo foi encerrado.<\/p>\n<p>&nbsp;<\/p>\n<p><b>Ideias para todos<\/b><\/p>\n<p>\u00bb Amil Dental faz uma campanha interessante. Disponibiliza, na p\u00e1gina da empresa, acesso aos clientes sobre os atendimentos realizados onde os benefici\u00e1rios podem conferir em um hist\u00f3rico os atendimentos datados e procedimentos realizados. Qualquer discrep\u00e2ncia \u00e9 comunicada pelo usu\u00e1rio, que deve ter todos os comprovantes em m\u00e3os.<\/p>\n<p>&nbsp;<\/p>\n<p><b>Dever do Estado<\/b><\/p>\n<p>\u00bb Em julho, a not\u00edcia sobre o Complexo Penitenci\u00e1rio da Papuda, na ala dos mortais, era a pior poss\u00edvel: 2.600 detentos infectados. Agora outra informa\u00e7\u00e3o: no Gama, na Penitenci\u00e1ria Feminina impetigo, tineas, furunculose, sarna e pitir\u00edase.<\/p>\n<p>&nbsp;<\/p>\n<p><b>Hist\u00f3ria de Bras\u00edlia<\/b><\/p>\n<p>H\u00e1, tamb\u00e9m, diversas sacas de farinha de trigo, e o gorgulho come\u00e7a a prejudicar o alimento vindo dos Estados Unidos para a Legi\u00e3o Brasileira de Assist\u00eancia e Casa do Candango. (Publicada em 3\/10\/1961)<\/p>\n","protected":false},"excerpt":{"rendered":"<p>Desde 1960 colunadoaricunha@gmail.com com Circe Cunha e Mamfil Com a homologa\u00e7\u00e3o, feita pelo GDF, da licita\u00e7\u00e3o que escolheu as empresas que prestar\u00e3o servi\u00e7os de vigil\u00e2ncia, por cinco anos, em diversos \u00f3rg\u00e3os p\u00fablicos da capital, algumas quest\u00f5es de vi\u00e9s \u00e9tico e outras de natureza econ\u00f4mica se imp\u00f5em de imediato e, portanto, necessitam ser esclarecidas para os contribuintes. A primeira delas diz [&hellip;]<\/p>\n","protected":false},"author":34,"featured_media":0,"comment_status":"closed","ping_status":"closed","sticky":false,"template":"","format":"standard","meta":{"footnotes":""},"categories":[23],"tags":[33],"class_list":["post-8947","post","type-post","status-publish","format-standard","hentry","category-integra","tag-brasil-brasilia-politica-educacao-ari-cunha-mamfil-circecunha"],"_links":{"self":[{"href":"https:\/\/blogs.correiobraziliense.com.br\/aricunha\/wp-json\/wp\/v2\/posts\/8947","targetHints":{"allow":["GET"]}}],"collection":[{"href":"https:\/\/blogs.correiobraziliense.com.br\/aricunha\/wp-json\/wp\/v2\/posts"}],"about":[{"href":"https:\/\/blogs.correiobraziliense.com.br\/aricunha\/wp-json\/wp\/v2\/types\/post"}],"author":[{"embeddable":true,"href":"https:\/\/blogs.correiobraziliense.com.br\/aricunha\/wp-json\/wp\/v2\/users\/34"}],"replies":[{"embeddable":true,"href":"https:\/\/blogs.correiobraziliense.com.br\/aricunha\/wp-json\/wp\/v2\/comments?post=8947"}],"version-history":[{"count":1,"href":"https:\/\/blogs.correiobraziliense.com.br\/aricunha\/wp-json\/wp\/v2\/posts\/8947\/revisions"}],"predecessor-version":[{"id":8948,"href":"https:\/\/blogs.correiobraziliense.com.br\/aricunha\/wp-json\/wp\/v2\/posts\/8947\/revisions\/8948"}],"wp:attachment":[{"href":"https:\/\/blogs.correiobraziliense.com.br\/aricunha\/wp-json\/wp\/v2\/media?parent=8947"}],"wp:term":[{"taxonomy":"category","embeddable":true,"href":"https:\/\/blogs.correiobraziliense.com.br\/aricunha\/wp-json\/wp\/v2\/categories?post=8947"},{"taxonomy":"post_tag","embeddable":true,"href":"https:\/\/blogs.correiobraziliense.com.br\/aricunha\/wp-json\/wp\/v2\/tags?post=8947"}],"curies":[{"name":"wp","href":"https:\/\/api.w.org\/{rel}","templated":true}]}}