{"id":8901,"date":"2017-07-18T10:36:34","date_gmt":"2017-07-18T13:36:34","guid":{"rendered":"https:\/\/blogs.correiobraziliense.com.br\/aricunha\/?p=8901"},"modified":"2017-07-21T10:37:08","modified_gmt":"2017-07-21T13:37:08","slug":"reformas-feitas-por-quem-precisa-de-reforma","status":"publish","type":"post","link":"https:\/\/blogs.correiobraziliense.com.br\/aricunha\/reformas-feitas-por-quem-precisa-de-reforma\/","title":{"rendered":"Reformas feitas por quem precisa de reforma"},"content":{"rendered":"<p>Desde 1960<\/p>\n<p>com Circe Cunha e MAMFIL<\/p>\n<p>colunadoaricunha@gmail.com<\/p>\n<p>&nbsp;<\/p>\n<p>Com a espantosa quantidade de representantes da sociedade enrolados com a Justi\u00e7a por crime comum, n\u00e3o seria de todo exagerado afirmar que o Estado, diante de situa\u00e7\u00e3o t\u00e3o inusitada, est\u00e1 praticamente ac\u00e9falo, restando hoje pouqu\u00edssimos pol\u00edticos com credibilidade suficiente para tocar o barco Brasil.<\/p>\n<p>Trata-se de uma constata\u00e7\u00e3o ao mesmo tempo triste e preocupante. Num momento de t\u00e3o grave crise, provocada justamente pelo comportamento, digamos, pouco \u00e9tico, adotado nas \u00faltimas d\u00e9cadas por nossos representantes, fica cada vez mais dif\u00edcil enxergar um caminho seguro que leve para fora desse labirinto. O que a popula\u00e7\u00e3o parece rejeitar, de forma veemente, e as pesquisas de opini\u00e3o refor\u00e7am \u00e9 que definitivamente n\u00e3o d\u00e1 para seguir a trilha tra\u00e7ada por esses personagens.<\/p>\n<p>Aqueles que levaram a popula\u00e7\u00e3o para o abismo n\u00e3o possuem autoridade nem moral, nem estrat\u00e9gica para resgat\u00e1-la dessa situa\u00e7\u00e3o. Dessa forma, fica a quest\u00e3o: que qualidade de reformas podem gerar os Poderes Executivo e Legislativo eivados de pessoas suspeitas de crime de toda ordem? A situa\u00e7\u00e3o ultrapassa o modo delicado e tem colocado o pa\u00eds num impasse e num imobilismo t\u00edpicos das na\u00e7\u00f5es que perderam o rumo.<\/p>\n<p>Conhecedores das debilidades de um governo ansioso por uma base de apoio que suste as investiga\u00e7\u00f5es do Minist\u00e9rio P\u00fablico no \u00e2mbito do Congresso, os pol\u00edticos profissionais v\u00eam repetindo o comportamento reprov\u00e1vel que tiveram na crise que retirou Dilma do poder, usando do momento de crise para depenar o governo, retirando at\u00e9 o \u00faltimo anel do dedo do presidente. Ademais, as press\u00f5es vindas de todos os lados poss\u00edveis v\u00eam desfigurando paulatinamente as propostas de reformas originais, a tal ponto que o que temos agora s\u00e3o outras propostas, confeccionadas por outros autores, para outro momento.<\/p>\n<p>De um presidente acuado e um Congresso que tem como interlocutores pol\u00edticos na mira da popula\u00e7\u00e3o o que se tem agora s\u00e3o reformas bem distantes dos anseios dos brasileiros. As reformas que est\u00e3o saindo com receitas desse tipo atendem apenas ao apetite pantagru\u00e9lico desses personagens e, por sua dist\u00e2ncia da realidade, ser\u00e3o de curta dura\u00e7\u00e3o, perdendo os efeitos t\u00e3o logo o pa\u00eds reencontre o rumo certo, em outro momento e, obviamente, com outros protagonistas.<\/p>\n<p>&nbsp;<\/p>\n<p><strong>A frase que foi pronunciada<\/strong><\/p>\n<p><em>&#8220;Quem quer ganhar dinheiro que tente na ind\u00fastria, no com\u00e9rcio. N\u00e3o na pol\u00edtica&#8221;.<\/em><\/p>\n<p>Mujica, ex-presidente do Uruguai<\/p>\n<p>&nbsp;<\/p>\n<p><strong>Desnecess\u00e1rio<\/strong><\/p>\n<p>\u00bb Se a produ\u00e7\u00e3o do artista Maikon Kempinski n\u00e3o cuidou das autoriza\u00e7\u00f5es na administra\u00e7\u00e3o de Bras\u00edlia para uma moderna performance, parece que n\u00e3o cabe ao governador Rollemberg pedir desculpas por isso. Mesmo porque quem chamou a pol\u00edcia foram populares.<\/p>\n<p>&nbsp;<\/p>\n<p><strong>Vigil\u00e2ncia<\/strong><\/p>\n<p>\u00bb Durante todo o dia, havia um carro da PM estacionado na entrada do Varj\u00e3o. Ontem n\u00e3o havia. Da\u00ed a tranquilidade de um motorista que andava em alta velocidade nas vias do Lago Norte ,cortando, fechando e costurando os outros carros. Escolheu o Varj\u00e3o para entrar. Como n\u00e3o havia pol\u00edcia nas ruas, estava seguro enquanto os moradores n\u00e3o entendiam o que aquele tresloucado fazia.<\/p>\n<p>&nbsp;<\/p>\n<p><strong>Release<\/strong><\/p>\n<p>\u00bb Est\u00e3o abertas as inscri\u00e7\u00f5es para o concurso da campanha #MulheresRurais, mulheres com direitos. A agricultora familiar do DF Norma Sueli \u00e9 a embaixadora do Centro-Oeste nessa a\u00e7\u00e3o. A Secretaria Especial de Agricultura Familiar e do Desenvolvimento Agr\u00e1rio (Sead), que promove a campanha no Brasil, espera que, assim como dona Norma, outras mulheres contem suas hist\u00f3rias brilhantes e ajudem a promover e a valorizar a atua\u00e7\u00e3o feminina no campo, nas \u00e1guas e nas florestas. As inscri\u00e7\u00f5es para o concurso seguem at\u00e9 15 de agosto. As vencedoras participar\u00e3o de uma confer\u00eancia no Paraguai. Mais informa\u00e7\u00f5es dispon\u00edveis no site da secretaria.<\/p>\n<p>&nbsp;<\/p>\n<p><strong>Em respeito<\/strong><\/p>\n<p>\u00bb Ontem foi a missa de um ano do falecimento do ex-reitor da UnB Lauro Morhy, na igreja S\u00e3o Camillo de Lellis.<\/p>\n<p>&nbsp;<\/p>\n<p><strong>Nota 10<\/strong><\/p>\n<p>\u00bb Com\u00e9rcio do N\u00facleo Bandeirante toca na espinha dorsal do sucesso nos empreendimentos. O projeto Gentileza no Com\u00e9rcio trata-se de um curso para o empreendedor que tem a inten\u00e7\u00e3o de atrair a clientela pela excel\u00eancia no atendimento. As inscri\u00e7\u00f5es v\u00e3o at\u00e9<\/p>\n<p>1\u00ba de agosto.<\/p>\n<p>&nbsp;<\/p>\n<p><strong>N\u00fameros<\/strong><\/p>\n<p>\u00bb Dados do site Contas Abertas mostram que o n\u00famero de cargos, fun\u00e7\u00f5es de confian\u00e7a e gratifica\u00e7\u00f5es praticamente n\u00e3o mudou desde que Temer assumiu o pa\u00eds. Interessante a divulga\u00e7\u00e3o porque, quando o PT assumiu o poder, todos os cargos comissionados foram ocupados por filiados do partido no Executivo e no Legislativo.<\/p>\n<p>&nbsp;<\/p>\n<p><strong>Boa-nova<\/strong><\/p>\n<p>\u00bb Uma beleza passar pelo estacionamento 13 do Parque da Cidade e ver a garotada cadeirante ter a oportunidade de se exercitar em barras adaptadas.<\/p>\n<p>&nbsp;<\/p>\n<p><strong>Hist\u00f3ria de Bras\u00edlia<\/strong><\/p>\n<p>Agora, passou \u00e0 amea\u00e7a. Como a Novacap n\u00e3o pagou as d\u00edvidas \u00e0 Celg, o PSD de Goi\u00e1s procura dar uma nota de for\u00e7a para provar que merece a Prefeitura de Bras\u00edlia. Na amea\u00e7a que fiquem as coisas, e que o esp\u00edrito de solidariedade supere aos interesses pol\u00edticos. (Publicado em 30\/9\/1961)<\/p>\n","protected":false},"excerpt":{"rendered":"<p>Desde 1960 com Circe Cunha e MAMFIL colunadoaricunha@gmail.com &nbsp; Com a espantosa quantidade de representantes da sociedade enrolados com a Justi\u00e7a por crime comum, n\u00e3o seria de todo exagerado afirmar que o Estado, diante de situa\u00e7\u00e3o t\u00e3o inusitada, est\u00e1 praticamente ac\u00e9falo, restando hoje pouqu\u00edssimos pol\u00edticos com credibilidade suficiente para tocar o barco Brasil. Trata-se de uma constata\u00e7\u00e3o ao mesmo tempo [&hellip;]<\/p>\n","protected":false},"author":34,"featured_media":0,"comment_status":"closed","ping_status":"closed","sticky":false,"template":"","format":"standard","meta":{"footnotes":""},"categories":[23],"tags":[],"class_list":["post-8901","post","type-post","status-publish","format-standard","hentry","category-integra"],"_links":{"self":[{"href":"https:\/\/blogs.correiobraziliense.com.br\/aricunha\/wp-json\/wp\/v2\/posts\/8901","targetHints":{"allow":["GET"]}}],"collection":[{"href":"https:\/\/blogs.correiobraziliense.com.br\/aricunha\/wp-json\/wp\/v2\/posts"}],"about":[{"href":"https:\/\/blogs.correiobraziliense.com.br\/aricunha\/wp-json\/wp\/v2\/types\/post"}],"author":[{"embeddable":true,"href":"https:\/\/blogs.correiobraziliense.com.br\/aricunha\/wp-json\/wp\/v2\/users\/34"}],"replies":[{"embeddable":true,"href":"https:\/\/blogs.correiobraziliense.com.br\/aricunha\/wp-json\/wp\/v2\/comments?post=8901"}],"version-history":[{"count":1,"href":"https:\/\/blogs.correiobraziliense.com.br\/aricunha\/wp-json\/wp\/v2\/posts\/8901\/revisions"}],"predecessor-version":[{"id":8902,"href":"https:\/\/blogs.correiobraziliense.com.br\/aricunha\/wp-json\/wp\/v2\/posts\/8901\/revisions\/8902"}],"wp:attachment":[{"href":"https:\/\/blogs.correiobraziliense.com.br\/aricunha\/wp-json\/wp\/v2\/media?parent=8901"}],"wp:term":[{"taxonomy":"category","embeddable":true,"href":"https:\/\/blogs.correiobraziliense.com.br\/aricunha\/wp-json\/wp\/v2\/categories?post=8901"},{"taxonomy":"post_tag","embeddable":true,"href":"https:\/\/blogs.correiobraziliense.com.br\/aricunha\/wp-json\/wp\/v2\/tags?post=8901"}],"curies":[{"name":"wp","href":"https:\/\/api.w.org\/{rel}","templated":true}]}}