{"id":8893,"date":"2017-07-13T10:29:38","date_gmt":"2017-07-13T13:29:38","guid":{"rendered":"https:\/\/blogs.correiobraziliense.com.br\/aricunha\/?p=8893"},"modified":"2017-07-21T10:30:24","modified_gmt":"2017-07-21T13:30:24","slug":"educacao-ciencia-e-tecnologia-amargam-cortes-de-orcamento","status":"publish","type":"post","link":"https:\/\/blogs.correiobraziliense.com.br\/aricunha\/educacao-ciencia-e-tecnologia-amargam-cortes-de-orcamento\/","title":{"rendered":"Educa\u00e7\u00e3o, ci\u00eancia e tecnologia amargam cortes de or\u00e7amento"},"content":{"rendered":"<p>Desde 1960<\/p>\n<p>com Circe Cunha e MAMFIL<\/p>\n<p>colunadoaricunha@gmail.com<\/p>\n<p>Cortes no Or\u00e7amento da Uni\u00e3o propostos pelo governo para conter o deficit crescente nas contas p\u00fablicas tem atingido indiscriminadamente todas as rubricas do Estado. Obviamente que alguns setores da economia s\u00e3o mais atingidos que outros e, por conseguinte, levar\u00e3o mais tempo para se recompor. O ponto central nos cortes necess\u00e1rios \u00e9 que eles acabam por atingir \u00e1reas muito sens\u00edveis e at\u00e9 estrat\u00e9gicas para o pa\u00eds, fazendo que o processo de regulariza\u00e7\u00e3o das contas se torne ainda mais penoso e demorado.<\/p>\n<p>Incluem-se nos casos de cortes indiscriminados e discut\u00edveis as \u00e1reas de educa\u00e7\u00e3o e de pesquisas, fundamentais para que o Brasil possa retomar o caminho do crescimento de modo sustent\u00e1vel e duradouro. N\u00e3o \u00e9 segredo para nenhum economista que as \u00e1reas de educa\u00e7\u00e3o, ci\u00eancia e tecnologia constituem hoje o principal fator de gera\u00e7\u00e3o de riquezas materiais para uma na\u00e7\u00e3o.<\/p>\n<p>N\u00e3o \u00e9 por outro motivo que todos os pa\u00edses que comp\u00f5em hoje o seleto grupo de Estados ricos e pr\u00f3speros apresentam, em comum, alt\u00edssimos volumes de investimentos em educa\u00e7\u00e3o e em pesquisas em v\u00e1rios segmentos. A ci\u00eancia \u00e9, nos dias atuais, o principal motor do desenvolvimento, constituindo-se verdadeiro capital das na\u00e7\u00f5es.<\/p>\n<p>Nesse sentido, soa como desprop\u00f3sito que cortes or\u00e7ament\u00e1rios da ordem de 44% tenham atingido as \u00e1reas de ci\u00eancia, tecnologia, inova\u00e7\u00e3o e comunica\u00e7\u00f5es. N\u00e3o se compreende tamb\u00e9m que o Minist\u00e9rio da Educa\u00e7\u00e3o tenha sofrido bloqueio no or\u00e7amento estimado em R$ 9,42 bilh\u00f5es. Juntas, as universidades federais somaram deficit em 2015 de aproximadamente meio bilh\u00e3o de reais.<\/p>\n<p>Na Universidade de Bras\u00edlia, as coisas n\u00e3o s\u00e3o diferentes. Somente em investimentos, a UnB reduziu o or\u00e7amento em 47% em rela\u00e7\u00e3o ao ano passado. Para este ano, a universidade poder\u00e1 contar com R$ 105, 9 milh\u00f5es, 43% menor do que em 2016, quando o valor era de um pouco mais de R$ 188 milh\u00f5es. Essas situa\u00e7\u00f5es tendem a piorar daqui para a frente.<\/p>\n<p>A partir de 2018, os gastos federais s\u00f3 poder\u00e3o crescer de acordo com os \u00edndices inflacion\u00e1rios, conforme prev\u00ea a Emenda \u00e0 Constitui\u00e7\u00e3o 95 sobre o teto dos gastos. Para muitos especialistas no assunto, \u00e9 erro grave considerar o dinheiro destinado \u00e0 ci\u00eancia, \u00e0 educa\u00e7\u00e3o e \u00e0 inova\u00e7\u00e3o como gastos do Estado. Na verdade, dizem, os recursos aplicados nessas \u00e1reas representam investimentos seri\u00edssimos e estrat\u00e9gicos que ter\u00e3o grande impacto no desenvolvimento do Brasil, principalmente para tirar o pa\u00eds da crise.<\/p>\n<p>Diferentemente de muitos pa\u00edses, inclusive do continente, o Brasil investe em ci\u00eancia e tecnologia algo em torno de 1,2 % do Produto Interno Bruto (PIB), o que \u00e9 muito pouco se comparado aos padr\u00f5es internacionais, em que esses investimentos giram em torno de 5% do PIB. Isso significa que, em termos de desenvolvimento, progresso e enfrentamento \u00e0 crise, a cada dois passos adiante, o Brasil d\u00e1 tr\u00eas para tr\u00e1s.<\/p>\n<p>&nbsp;<\/p>\n<p><strong>A frase que n\u00e3o foi pronunciada<\/strong><\/p>\n<p><em>\u201cEduca\u00e7\u00e3o \u00e9 a arma mais poderosa para quem quer mudar o mundo.\u201d<\/em><\/p>\n<p>Nelson Mandela<\/p>\n<p>&nbsp;<\/p>\n<p><strong>Missiva<\/strong><\/p>\n<p>\u00bb N\u00e3o solucionam as causas, em raz\u00e3o disso avalizamos a informalidade e dependemos dela, pois ela nos oferece: padaria a c\u00e9u aberto, sandu\u00edche a quatro rodas, abacaxi \u00e0 beira da estrada, quiosques que viram mercearia. E silenciosamente deixamos a cidade para tr\u00e1s por causa de \u201cmentes descaracterizadas\u201d do sustent\u00e1vel equil\u00edbrio do ambiente como ess\u00eancia prim\u00e1ria de sobreviv\u00eancia. Antes da Luos tem que alterar o PDot para ampliar o planejamento dentro do uso conforme e n\u00e3o apenas no \u201cn\u00e3o conforme\u201d.<\/p>\n<p>&nbsp;<\/p>\n<p><strong>Se a moda pega<\/strong><\/p>\n<p>\u00bb Um ter\u00e7o dos propriet\u00e1rios de im\u00f3veis tribut\u00e1veis no DF ainda n\u00e3o pagaram a primeira parcela do IPTU. Talvez seja vingan\u00e7a do subconsciente coletivo em rela\u00e7\u00e3o a bilh\u00f5es de reais mal-empregados. Sem hospital, sem seguran\u00e7a, sem educa\u00e7\u00e3o de qualidade. Nunca muda.<\/p>\n<p>&nbsp;<\/p>\n<p><strong>Voz do cidad\u00e3o<\/strong><\/p>\n<p>\u00bb Resumindo parte do que diz o leitor Cauby Pinheiro Junior em sua missiva, o plano de manejo da \u00c1rea de Prote\u00e7\u00e3o Ambiental do Lago Parano\u00e1 n\u00e3o \u00e9 encontrado nem no site da Terracap nem no portal do Instituto. Pergunta o leitor se a previs\u00e3o de retirada de 700 litros de \u00e1gua por segundo do lago foi ao menos confrontada por hidr\u00f3logos da ANA, se h\u00e1 essa reposi\u00e7\u00e3o por parte das fontes que alimentam o lago. \u201cA capta\u00e7\u00e3o de \u00e1gua do Lago Parano\u00e1 para abastecimento p\u00fablico \u00e9 erro pelo qual os respons\u00e1veis n\u00e3o ser\u00e3o punidos no futuro\u201d, atesta Cauby. A C\u00e2mara Legislativa n\u00e3o se manifesta sobre o assunto, protesta.<\/p>\n<p>&nbsp;<\/p>\n<p><strong>Biografia<\/strong><\/p>\n<p>\u00bb Giovanni Salera J\u00fanior publicou na Companhia das Letras (http:\/\/www.recantodas letras.com.br\/biografias) a biografia de Fernando Cesar Mesquita. Jornalista revolucion\u00e1rio, administrador de compet\u00eancia \u00edmpar. Foi o autor do projeto de cria\u00e7\u00e3o do Ibama e seu primeiro presidente. Homem que merece respeito.<\/p>\n<p>&nbsp;<\/p>\n<p><strong>Hist\u00f3ria de Bras\u00edlia<\/strong><\/p>\n<p>Com a paralisa\u00e7\u00e3o total das obras de Bras\u00edlia, nenhuma reparti\u00e7\u00e3o poder\u00e1, t\u00e3o cedo, transferir funcion\u00e1rios para o Distrito Federal. (Publicada em 30\/9\/1961)<\/p>\n","protected":false},"excerpt":{"rendered":"<p>Desde 1960 com Circe Cunha e MAMFIL colunadoaricunha@gmail.com Cortes no Or\u00e7amento da Uni\u00e3o propostos pelo governo para conter o deficit crescente nas contas p\u00fablicas tem atingido indiscriminadamente todas as rubricas do Estado. Obviamente que alguns setores da economia s\u00e3o mais atingidos que outros e, por conseguinte, levar\u00e3o mais tempo para se recompor. O ponto central nos cortes necess\u00e1rios \u00e9 que [&hellip;]<\/p>\n","protected":false},"author":34,"featured_media":0,"comment_status":"closed","ping_status":"closed","sticky":false,"template":"","format":"standard","meta":{"footnotes":""},"categories":[23],"tags":[],"class_list":["post-8893","post","type-post","status-publish","format-standard","hentry","category-integra"],"_links":{"self":[{"href":"https:\/\/blogs.correiobraziliense.com.br\/aricunha\/wp-json\/wp\/v2\/posts\/8893","targetHints":{"allow":["GET"]}}],"collection":[{"href":"https:\/\/blogs.correiobraziliense.com.br\/aricunha\/wp-json\/wp\/v2\/posts"}],"about":[{"href":"https:\/\/blogs.correiobraziliense.com.br\/aricunha\/wp-json\/wp\/v2\/types\/post"}],"author":[{"embeddable":true,"href":"https:\/\/blogs.correiobraziliense.com.br\/aricunha\/wp-json\/wp\/v2\/users\/34"}],"replies":[{"embeddable":true,"href":"https:\/\/blogs.correiobraziliense.com.br\/aricunha\/wp-json\/wp\/v2\/comments?post=8893"}],"version-history":[{"count":1,"href":"https:\/\/blogs.correiobraziliense.com.br\/aricunha\/wp-json\/wp\/v2\/posts\/8893\/revisions"}],"predecessor-version":[{"id":8894,"href":"https:\/\/blogs.correiobraziliense.com.br\/aricunha\/wp-json\/wp\/v2\/posts\/8893\/revisions\/8894"}],"wp:attachment":[{"href":"https:\/\/blogs.correiobraziliense.com.br\/aricunha\/wp-json\/wp\/v2\/media?parent=8893"}],"wp:term":[{"taxonomy":"category","embeddable":true,"href":"https:\/\/blogs.correiobraziliense.com.br\/aricunha\/wp-json\/wp\/v2\/categories?post=8893"},{"taxonomy":"post_tag","embeddable":true,"href":"https:\/\/blogs.correiobraziliense.com.br\/aricunha\/wp-json\/wp\/v2\/tags?post=8893"}],"curies":[{"name":"wp","href":"https:\/\/api.w.org\/{rel}","templated":true}]}}