{"id":8866,"date":"2017-07-02T03:38:57","date_gmt":"2017-07-02T06:38:57","guid":{"rendered":"https:\/\/blogs.correiobraziliense.com.br\/aricunha\/?p=8866"},"modified":"2017-07-04T06:39:50","modified_gmt":"2017-07-04T09:39:50","slug":"politicos-que-brasilia-merece","status":"publish","type":"post","link":"https:\/\/blogs.correiobraziliense.com.br\/aricunha\/politicos-que-brasilia-merece\/","title":{"rendered":"Pol\u00edticos que Bras\u00edlia merece?"},"content":{"rendered":"<p>Desde 1960<\/p>\n<p>com Circe Cunha e MAMFIL<\/p>\n<p>colunadoaricunha@gmail.com<\/p>\n<p>Mesmo debaixo de uma saraivada de den\u00fancias, apresentadas pelo Minist\u00e9rio P\u00fablico do DF e Territ\u00f3rios (MPDFT), contra um quarto dos deputados distritais, a dire\u00e7\u00e3o da C\u00e2mara Legislativa continua fazendo cara de paisagem, o que refor\u00e7a na popula\u00e7\u00e3o, nestes tempos de Lava-Jato e de outras opera\u00e7\u00f5es da pol\u00edcia, que em nossos pol\u00edticos, de um modo geral, residem as causas primeiras e \u00faltimas da severa crise que assola o pa\u00eds.<\/p>\n<p>Aos cidad\u00e3os, incumbidos compulsoriamente de patrocinarem o triste espet\u00e1culo, resta torcer para que essa legislatura termine o quanto antes e que novos atores pol\u00edticos e probos venham a ocupar essas relevantes fun\u00e7\u00f5es. O que n\u00e3o se pode admitir, at\u00e9 por uma quest\u00e3o de razoabilidade, \u00e9 que os distritais Cristiano Ara\u00fajo (PSD), Celina Le\u00e3o (PPS), Raimundo Ribeiro (PPS), J\u00falio C\u00e9sar (PRB), Bispo Renato (PR) e Sandra Faraj (SD) continuem exercendo seus mandatos, legislando e decidindo tranquilamente quest\u00f5es de interesse da popula\u00e7\u00e3o e, pior, sem o menor constrangimento.<\/p>\n<p>A explica\u00e7\u00e3o que primeiro salta aos olhos, para tamanha desenvoltura e desassombro com que esses parlamentares continuam exercendo suas atividades, vem do perfil de eleitor, do tipo pragm\u00e1tico, que esses pol\u00edticos t\u00eam em sua base eleitoral. O voto, nesse caso, \u00e9 apenas um recibo em branco que ser\u00e1 resgatado depois da posse. Em \u00faltima an\u00e1lise, trata-se de esp\u00e9cie modernizada de curral eleitoral, posto em pr\u00e1tica na moderna capital do pa\u00eds, em pleno s\u00e9culo 21 e aos olhos de todos.<\/p>\n<p>Outro aspecto que permite a esses denunciados continuarem placidamente no exerc\u00edcio de suas fun\u00e7\u00f5es vem do conhecido corporativismo que impera n\u00e3o apenas nessa Casa, mas em todos os legislativos do pa\u00eds. A quest\u00e3o se resume na assertiva: \u201cEu sou voc\u00ea amanh\u00e3\u201d. As acusa\u00e7\u00f5es que pesam sobre uns podem muito bem, dadas as caracter\u00edsticas pouco \u00e9ticas de nossos pol\u00edticos, se espraiarem tamb\u00e9m para todos igualmente.<\/p>\n<p>Numa situa\u00e7\u00e3o como essa, melhor deixar os olhos vendados, inclusive da pr\u00f3pria Justi\u00e7a. Outro fator que permite que pessoas enroladas com a lei prossigam ocupando importantes posi\u00e7\u00f5es dentro da m\u00e1quina do Estado \u00e9 dado pela conhecida morosidade e mesmo displic\u00eancia com que a Justi\u00e7a trata quest\u00f5es que envolvem pessoas blindadas e influentes.<\/p>\n<p>Dessa forma, enquanto a lei n\u00e3o se afirma sobre esses indiv\u00edduos, de modo incisivo e imparcial, os brasilienses ter\u00e3o que suportar a situa\u00e7\u00e3o vexat\u00f3ria de serem representados por pessoas com altos sal\u00e1rios e mordomias extras, acusadas de improbidade administrativa, desvios de recursos p\u00fablicos, corrup\u00e7\u00e3o passiva, lavagem de dinheiro, obstru\u00e7\u00e3o \u00e0 Justi\u00e7a, apropria\u00e7\u00e3o indevida de verba indenizat\u00f3ria, ofensas aos ve\u00edculos de comunica\u00e7\u00e3o, amea\u00e7as e um rol imenso de crimes que, para os simples mortais, j\u00e1 seria um caminho sem volta para atr\u00e1s das grades.<\/p>\n<p>&nbsp;<\/p>\n<p><strong>A frase que foi pronunciada<\/strong><\/p>\n<p><em>\u201cSe voc\u00ea acha caro educar seus filhos, experimente mant\u00ea-los na ignor\u00e2ncia.\u201d<\/em><\/p>\n<p>Derek Curtis Bok, educador americano, fundador da Universidade Harvard<\/p>\n<p>&nbsp;<\/p>\n<p><strong>W3 Filarm\u00f4nica<\/strong><\/p>\n<p>\u00bb Nasceu! A mais nova orquestra de Bras\u00edlia. Um alento \u00e0 classe musical, aos amantes de boa cultura. Um vision\u00e1rio que, aos moldes de Levino de Alc\u00e2ntara, se lan\u00e7a ao desafio de chacoalhar a cidade com sua miss\u00e3o! Bilhetinho de Denise Tavares ao regente Alexandre Innecco.<\/p>\n<p>&nbsp;<\/p>\n<p><strong>Verde cinza<\/strong><\/p>\n<p>\u00bb Em breve, novo supermercado na 213 Norte em frente ao Parque Olhos D\u2019\u00c1gua. A maior preocupa\u00e7\u00e3o dos frequentadores da \u00e1rea \u00e9 que o com\u00e9rcio abra um estacionamento na \u00e1rea que deveria ser arborizada e gramada. Vamos ver se as autoridades da Administra\u00e7\u00e3o do Plano Piloto e da Agefis estar\u00e3o presente para impedir esse crime.<\/p>\n<p>&nbsp;<\/p>\n<p><strong>Praticidade<\/strong><\/p>\n<p>\u00bb Por falar em 213 Norte, n\u00e3o d\u00e1 para entender o porqu\u00ea de o retorno na L2 ser t\u00e3o distante da entrada da quadra. Ali\u00e1s, em outras quadras acontece a mesma coisa.<\/p>\n<p>&nbsp;<\/p>\n<p><strong>Coral<\/strong><\/p>\n<p>\u00bb Eder Camuzis lan\u00e7a a campanha Canta Canta, Minha Gente. S\u00f3 assim para voltar a alegria desse pa\u00eds.<\/p>\n<p>&nbsp;<\/p>\n<p><strong>Hist\u00f3ria de Bras\u00edlia<\/strong><\/p>\n<p>Eu n\u00e3o quero falar mal de ningu\u00e9m, mas o nosso Batista, da Vasp, j\u00e1 comprou um carro que tem a chapa do Rio Grande do Sul&#8230; Cuidado, dr. Apr\u00edcio, com a previs\u00e3o para amanh\u00e3. Nestas 48 horas dever\u00e1 chover em Bras\u00edlia. (Publicada em 29\/9\/1961)<\/p>\n","protected":false},"excerpt":{"rendered":"<p>Desde 1960 com Circe Cunha e MAMFIL colunadoaricunha@gmail.com Mesmo debaixo de uma saraivada de den\u00fancias, apresentadas pelo Minist\u00e9rio P\u00fablico do DF e Territ\u00f3rios (MPDFT), contra um quarto dos deputados distritais, a dire\u00e7\u00e3o da C\u00e2mara Legislativa continua fazendo cara de paisagem, o que refor\u00e7a na popula\u00e7\u00e3o, nestes tempos de Lava-Jato e de outras opera\u00e7\u00f5es da pol\u00edcia, que em nossos pol\u00edticos, de [&hellip;]<\/p>\n","protected":false},"author":34,"featured_media":0,"comment_status":"closed","ping_status":"closed","sticky":false,"template":"","format":"standard","meta":{"footnotes":""},"categories":[23],"tags":[34],"class_list":["post-8866","post","type-post","status-publish","format-standard","hentry","category-integra","tag-politica-brasil-brasilia-ari-cunha-mamfil-circecunha"],"_links":{"self":[{"href":"https:\/\/blogs.correiobraziliense.com.br\/aricunha\/wp-json\/wp\/v2\/posts\/8866","targetHints":{"allow":["GET"]}}],"collection":[{"href":"https:\/\/blogs.correiobraziliense.com.br\/aricunha\/wp-json\/wp\/v2\/posts"}],"about":[{"href":"https:\/\/blogs.correiobraziliense.com.br\/aricunha\/wp-json\/wp\/v2\/types\/post"}],"author":[{"embeddable":true,"href":"https:\/\/blogs.correiobraziliense.com.br\/aricunha\/wp-json\/wp\/v2\/users\/34"}],"replies":[{"embeddable":true,"href":"https:\/\/blogs.correiobraziliense.com.br\/aricunha\/wp-json\/wp\/v2\/comments?post=8866"}],"version-history":[{"count":1,"href":"https:\/\/blogs.correiobraziliense.com.br\/aricunha\/wp-json\/wp\/v2\/posts\/8866\/revisions"}],"predecessor-version":[{"id":8867,"href":"https:\/\/blogs.correiobraziliense.com.br\/aricunha\/wp-json\/wp\/v2\/posts\/8866\/revisions\/8867"}],"wp:attachment":[{"href":"https:\/\/blogs.correiobraziliense.com.br\/aricunha\/wp-json\/wp\/v2\/media?parent=8866"}],"wp:term":[{"taxonomy":"category","embeddable":true,"href":"https:\/\/blogs.correiobraziliense.com.br\/aricunha\/wp-json\/wp\/v2\/categories?post=8866"},{"taxonomy":"post_tag","embeddable":true,"href":"https:\/\/blogs.correiobraziliense.com.br\/aricunha\/wp-json\/wp\/v2\/tags?post=8866"}],"curies":[{"name":"wp","href":"https:\/\/api.w.org\/{rel}","templated":true}]}}