{"id":8841,"date":"2017-06-20T03:46:25","date_gmt":"2017-06-20T06:46:25","guid":{"rendered":"https:\/\/blogs.correiobraziliense.com.br\/aricunha\/?p=8841"},"modified":"2017-06-20T07:47:00","modified_gmt":"2017-06-20T10:47:00","slug":"no-caminho-certo","status":"publish","type":"post","link":"https:\/\/blogs.correiobraziliense.com.br\/aricunha\/no-caminho-certo\/","title":{"rendered":"No caminho certo"},"content":{"rendered":"<p>Desde 1960<\/p>\n<p>com Circe Cunha e MAMFIL<\/p>\n<p>colunadoaricunha@gmail.com<\/p>\n<p>Em virtude do progressivo processo de degenera\u00e7\u00e3o sofrido pelas entidades representativas de classes ao longo dos \u00faltimos anos, principalmente pelo fato de que a maioria foi totalmente abduzida pelos partidos pol\u00edticos, se transformando em pontas avan\u00e7adas das agremia\u00e7\u00f5es, o que era seu mister original acabou dilu\u00eddo, perdendo a import\u00e2ncia e raz\u00e3o de ser. Acrescente-se ainda que grande parte dos sindicatos encontraram no Estado um meio de subsistir, com folga, gra\u00e7as \u00e0s generosas transfer\u00eancias de rendas compuls\u00f3rias.<\/p>\n<p>Libertas de seu patr\u00e3o original (os trabalhadores), muitas dessas institui\u00e7\u00f5es n\u00e3o sabem mais a quem servem, seduzidas e abiloladas que est\u00e3o pelo poder do dinheiro farto. Dessa forma, vai tornando cada vez mais patente que os embates entre os sindicatos e o governo, que outrora ajudaram a garantir melhorias para os trabalhadores, perderam sua for\u00e7a original e n\u00e3o empolgam as plateias, desconfiadas que, por tr\u00e1s das mobiliza\u00e7\u00f5es frequentes, escondem-se estrat\u00e9gias que n\u00e3o dizem respeito ao direto dos representados.<\/p>\n<p>Esse parece ser, precisamente, o caso dos embates entre os sindicatos da sa\u00fade (SindSa\u00fade e Sindicato dos M\u00e9dicos) em rela\u00e7\u00e3o ao Projeto de Lei n\u00ba 1.486\/2017, que institui o Instituto Hospital de Base do Distrito Federal (HBDF). A princ\u00edpio \u00e9 bom ressaltar que revolu\u00e7\u00f5es e mudan\u00e7as na rotina e no status quo vigente, seja do que for, sempre encontraram resist\u00eancias, simplesmente, por retirar da zona de conforto todos aqueles que, durante longos per\u00edodos, v\u00eam colhendo frutos, mesmo em situa\u00e7\u00f5es em que a lavoura est\u00e1 arrasada h\u00e1 anos.<\/p>\n<p>N\u00e3o \u00e9 por outro motivo que encontramos hoje diretores sindicais prosperando financeiramente \u00e0s custas da deteriora\u00e7\u00e3o dos servi\u00e7os p\u00fablicos que dizem representar. Dessa forma, torna-se alvissareira a possibilidade de mudan\u00e7a no modelo de gest\u00e3o do Hospital de Base, primeiro devido \u00e0s constantes not\u00edcias de que a institui\u00e7\u00e3o carece de gest\u00e3o profissional competente, tendo se transformado, ao longo do tempo, num buraco sem fundo de recursos p\u00fablicos, que se esvai , ano ap\u00f3s ano, e ainda assim faltam equipamentos, medicamentos e pessoal.<\/p>\n<p>A press\u00e3o que os sindicatos prometem fazer pela n\u00e3o aprova\u00e7\u00e3o do referido PL tem como pano de fundo poss\u00edvel esvaziamento dessas entidades, que t\u00eam no HBDF, especificamente, e nos demais da rede, todos visivelmente sucateados, a pr\u00f3pria raz\u00e3o de existir. Caso o projeto seja aprovado, a administra\u00e7\u00e3o do Hospital de Base ser\u00e1 feita por um conselho de oito membros. Quatro nomeados pelo secret\u00e1rio de Sa\u00fade \u2014 que assume fun\u00e7\u00e3o de presidente do colegiado \u2014 e quatro da sociedade civil, indicados em lista tr\u00edplice pelo Conselho Regional de Medicina, pelo Conselho de Sa\u00fade do DF, por uma entidade social, que represente os direitos dos usu\u00e1rios do SUS, e pelos funcion\u00e1rios do pr\u00f3prio instituto.<\/p>\n<p>\u00c9 preciso observar ainda que nenhum dos membros ser\u00e1 remunerado pela fun\u00e7\u00e3o ou poder\u00e1 ser pol\u00edtico, filiado a partido ou parente de pol\u00edtico em at\u00e9 terceiro grau. Haver\u00e1 tamb\u00e9m uma diretoria executiva, com diretor-presidente, vice-presidente e tr\u00eas diretores escolhidos pelo conselho administrativo. O conselho fiscal ser\u00e1 composto por tr\u00eas membros indicados pelo governador. O projeto prev\u00ea que o quadro de funcion\u00e1rios do hospital ser\u00e1 alterado. Os trabalhadores vinculados ao instituto ser\u00e3o celetistas, em vez de concursados. Os cerca de 3,4 mil servidores do Hospital de Base poder\u00e3o ainda optar por permanecer sob o novo formato ou ir para outras unidades de sa\u00fade do DF. O importante nesse caso, e os sindicatos n\u00e3o apontam, \u00e9 que a popula\u00e7\u00e3o do DF e do Entorno seja atendida com qualidade e presteza.<\/p>\n<p>&nbsp;<\/p>\n<p><strong>A frase que foi pronunciada<\/strong><\/p>\n<p><em>\u201cH\u00e1 dois tipos de pessoas: as que fazem o trabalho e as que reivindicam o m\u00e9rito. Procure estar no primeiro grupo. H\u00e1 menos concorr\u00eancia\u201d<\/em><\/p>\n<p>Indira Gandhi, ex-primeira ministra Indiana<\/p>\n<p>&nbsp;<\/p>\n<p><strong>Hist\u00f3ria real<\/strong><\/p>\n<p>T\u00e2nia Fontenelli, com apoio da primeira-dama, Marcia Rollemberg, ofereceu um ch\u00e1 na resid\u00eancia oficial, em \u00c1guas Claras, para as mulheres pioneiras de Bras\u00edlia. Tarde de Ch\u00e1 da Mem\u00f3ria Viva com direito a conversar com as pioneiras, debater sobre conquistas e acompanhar trechos do filme Poeira e Batom.<\/p>\n<p>&nbsp;<\/p>\n<p><strong>Lei seca<\/strong><\/p>\n<p>Consumidor conseguiu apoio para parar de pagar pela \u00e1gua de carne congelada comprada em supermercado. Agora \u00e9 lei. S\u00f3 12% de \u00e1gua e o percentual deve ser descontado do peso l\u00edquido e o consumidor deve ter acesso a essa informa\u00e7\u00e3o.<\/p>\n<p>&nbsp;<\/p>\n<p><strong>Prefeitos perfeitos?<\/strong><\/p>\n<p>Depois do cl\u00e1ssico Fla-Flu, outra surpresa para os moradores do Rio e de S\u00e3o Paulo principais cidades do Brasil mostram que est\u00e3o mudando. Menos carnaval e mais creche no Rio e em S\u00e3o Paulo, dinheiro p\u00fablico n\u00e3o ser\u00e1 mais usado em parada Gay. A iniciativa privada deve estimular o evento no ano que vem. Crivella e Doria s\u00e3o os prefeitos que querem deixar a marca da boa gest\u00e3o.<\/p>\n<p>&nbsp;<\/p>\n<p><strong>Melhor proposta<\/strong><\/p>\n<p>Hoje \u00e9 dia de investir em im\u00f3veis. S\u00e3o 24 apartamentos e uma casa no DF \u00e0 disposi\u00e7\u00e3o colocados \u00e0 venda pela Secretaria do Patrim\u00f4nio da Uni\u00e3o (SPU) e ser\u00e3o vendidos em concorr\u00eancia p\u00fablica. \u00c9 preciso ter entre R$ 506 mil a R$ 6,6 milh\u00f5es.<\/p>\n<p>&nbsp;<\/p>\n<p><strong>Olho vivo<\/strong><\/p>\n<p>Todo cuidado \u00e9 pouco. Na compra de im\u00f3veis releia o contrato. Que fique claro o dia de entrega. H\u00e1 no Procon estat\u00edsticas em que as maiores reclama\u00e7\u00f5es de quem compra im\u00f3veis s\u00e3o o prazo de entrega descumprido e problemas estruturais nas unidades.<\/p>\n<p>&nbsp;<\/p>\n<p><strong>Compartilhar<\/strong><\/p>\n<p>H\u00e1 estabelecimentos que se recusam a entregar mais um copo ou mais um prato e talheres para o alimento comprado para uma pessoa que queira compartilhar essa quantidade com outra pessoa. No Rio de Janeiro, a Comiss\u00e3o de Desenvolvimento Econ\u00f4mico, Ind\u00fastria, Com\u00e9rcio e Servi\u00e7os aprovou essa proposta. Fica proibido tamb\u00e9m cobrar taxa extra pelo empr\u00e9stimo dos utens\u00edlios.<\/p>\n<p>&nbsp;<\/p>\n<p><strong>Tem que ser<\/strong><\/p>\n<p>Gisele Pires Mota, uma das pianistas mais brilhantes da Escola de M\u00fasica de Bras\u00edlia, foi para um concerto em Goi\u00e2nia, onde Nelson Freire se apresentaria. Depois da apresenta\u00e7\u00e3o, nada de aut\u00f3grafos ou fotos. Mas no caf\u00e9 da manh\u00e3 do hotel l\u00e1 estava o discreto astro. Simp\u00e1tico posou com Gisele.<\/p>\n<p>&nbsp;<\/p>\n<p><strong>Hist\u00f3ria de Bras\u00edlia<\/strong><\/p>\n<p>O sr. J\u00e2nio Quadros baixou um decreto absurdo regulando a profiss\u00e3o de jornalista, e com isso, mesmo os profissionais que preencham todas as condi\u00e7\u00f5es n\u00e3o podem se registrar, porque em todo o Brasil est\u00e1 paralisado o Servi\u00e7o de Identifica\u00e7\u00e3o Profissional, quando para jornalistas. (Publicada em 29\/9\/1961)<\/p>\n<p>&nbsp;<\/p>\n<p>&nbsp;<\/p>\n","protected":false},"excerpt":{"rendered":"<p>Desde 1960 com Circe Cunha e MAMFIL colunadoaricunha@gmail.com Em virtude do progressivo processo de degenera\u00e7\u00e3o sofrido pelas entidades representativas de classes ao longo dos \u00faltimos anos, principalmente pelo fato de que a maioria foi totalmente abduzida pelos partidos pol\u00edticos, se transformando em pontas avan\u00e7adas das agremia\u00e7\u00f5es, o que era seu mister original acabou dilu\u00eddo, perdendo a import\u00e2ncia e raz\u00e3o de [&hellip;]<\/p>\n","protected":false},"author":34,"featured_media":0,"comment_status":"closed","ping_status":"closed","sticky":false,"template":"","format":"standard","meta":{"footnotes":""},"categories":[23],"tags":[],"class_list":["post-8841","post","type-post","status-publish","format-standard","hentry","category-integra"],"_links":{"self":[{"href":"https:\/\/blogs.correiobraziliense.com.br\/aricunha\/wp-json\/wp\/v2\/posts\/8841","targetHints":{"allow":["GET"]}}],"collection":[{"href":"https:\/\/blogs.correiobraziliense.com.br\/aricunha\/wp-json\/wp\/v2\/posts"}],"about":[{"href":"https:\/\/blogs.correiobraziliense.com.br\/aricunha\/wp-json\/wp\/v2\/types\/post"}],"author":[{"embeddable":true,"href":"https:\/\/blogs.correiobraziliense.com.br\/aricunha\/wp-json\/wp\/v2\/users\/34"}],"replies":[{"embeddable":true,"href":"https:\/\/blogs.correiobraziliense.com.br\/aricunha\/wp-json\/wp\/v2\/comments?post=8841"}],"version-history":[{"count":1,"href":"https:\/\/blogs.correiobraziliense.com.br\/aricunha\/wp-json\/wp\/v2\/posts\/8841\/revisions"}],"predecessor-version":[{"id":8842,"href":"https:\/\/blogs.correiobraziliense.com.br\/aricunha\/wp-json\/wp\/v2\/posts\/8841\/revisions\/8842"}],"wp:attachment":[{"href":"https:\/\/blogs.correiobraziliense.com.br\/aricunha\/wp-json\/wp\/v2\/media?parent=8841"}],"wp:term":[{"taxonomy":"category","embeddable":true,"href":"https:\/\/blogs.correiobraziliense.com.br\/aricunha\/wp-json\/wp\/v2\/categories?post=8841"},{"taxonomy":"post_tag","embeddable":true,"href":"https:\/\/blogs.correiobraziliense.com.br\/aricunha\/wp-json\/wp\/v2\/tags?post=8841"}],"curies":[{"name":"wp","href":"https:\/\/api.w.org\/{rel}","templated":true}]}}