{"id":8793,"date":"2017-06-02T03:43:10","date_gmt":"2017-06-02T06:43:10","guid":{"rendered":"https:\/\/blogs.correiobraziliense.com.br\/aricunha\/?p=8793"},"modified":"2017-12-14T16:17:10","modified_gmt":"2017-12-14T18:17:10","slug":"estadio-humilha-nome-de-mane-garrincha","status":"publish","type":"post","link":"https:\/\/blogs.correiobraziliense.com.br\/aricunha\/estadio-humilha-nome-de-mane-garrincha\/","title":{"rendered":"\u00a0\u00a0Est\u00e1dio humilha nome de Man\u00e9 Garrincha"},"content":{"rendered":"<p>Desde 1960<\/p>\n<p><a href=\"mailto:aricunha@dabr.com.br\">aricunha@dabr.com.br<\/a><\/p>\n<p>com Circe Cunha e MAMFIL<\/p>\n<p>De Garrincha, a alegria do povo e o anjo das pernas tortas, as novas gera\u00e7\u00f5es nada conhecem. Considerado, ao lado de Pel\u00e9 , como o maior jogador de futebol de todos os tempos , Garrincha \u00e9 , ainda hoje unanimidade na avalia\u00e7\u00e3o de muita gente que entende do assunto, aqui e em boa parte do mundo. Gra\u00e7as \u00e0 seu talento natural no dom\u00ednio da bola, Garrincha elevou esse esporte \u00e0 categoria de arte. Com uma s\u00e9rie de dribles desconcertantes e que acabavam por humilhar seus advers\u00e1rios , Garrincha foi o maior ponta direita que o Botafogo e a Sele\u00e7\u00e3o Brasileira j\u00e1 tiveram.<\/p>\n<p>Para os apreciadores do ludop\u00e9dio, quando Garrincha entrava em campo , todos os outros jogos do campeonato daquele ano, perdiam a import\u00e2ncia. Esse tempo de alegria e improvisa\u00e7\u00e3o ficou para tr\u00e1s, perdido na mem\u00f3ria. A modernidade transformou os clubes em empresas altamente lucrativas e hoje o futebol \u00e9 um neg\u00f3cio milion\u00e1rio de tal monta, que os cartolas acabam sendo muito mais importantes do que os pr\u00f3prios jogadores, comprados e vendidos \u00e0 peso de ouro. No futebol moderno, tudo \u00e9 absolutamente um neg\u00f3cio, pouco importando elementos como arte e alegria.<\/p>\n<p>Com a vinda da Copa do Mundo de Futebol para o Brasil, em situa\u00e7\u00f5es ainda muito nebulosas, ficou demonstrado na pr\u00e1tica e em campo (7&#215;1) que a antiga alegria do povo era apenas coisa do passado. N\u00e3o foi preciso a derrota vergonhosa da Sele\u00e7\u00e3o , para o pov\u00e3o desconfiar que todo aquele campeonato , em que as autoridades da FIFA amea\u00e7avam chutar o traseiro do governo brasileiro, era apenas um pano de cena que escondiam mil maracutaias, aqui e na Su\u00ed\u00e7a, sede da FIFA.<\/p>\n<p>Banidos do futebol pela justi\u00e7a daquele pais, os dirigentes da FIFA ainda aguardam os desdobramentos das investiga\u00e7\u00f5es e as expectativas s\u00e3o de que as puni\u00e7\u00f5es sejam ainda mais severas. No Brasil ficaram, al\u00e9m das arma\u00e7\u00f5es habituais da cartolagem, os imensos elefantes brancos na forma de est\u00e1dios de futebol, gerando preju\u00edzos dia , ap\u00f3s dia e dividas milion\u00e1rias, debitadas, obviamente, na conta dos pobres contribuintes. Bras\u00edlia, por sua import\u00e2ncia como capital do pa\u00eds e por sua desimport\u00e2ncia como sede de clubes de futebol, construiu o quarto est\u00e1dio mais caro do mundo para receber algumas partidas de futebol dos jogos da Copa do Mundo.<\/p>\n<p>Cumprida esta fase curt\u00edssima, eis que as autoridades finalmente \u201cdescobrem\u201d que o novo e pomposo est\u00e1dio, erguido \u00e0 um pre\u00e7o exorbitante ,n\u00e3o tem serventia para nada, al\u00e9m de enfeiar a regi\u00e3o. Tentaram de tudo para viabilizar financeiramente o monstrengo, transformando-o em arena multi uso, mas ainda assim o paquiderme n\u00e3o moveu de lugar.<\/p>\n<p>Com a pris\u00e3o agora dos principais personagens envolvidos neste tremendo conto do vig\u00e1rio, a pol\u00edcia e o Minist\u00e9rio P\u00fablico fizeram um favor a popula\u00e7\u00e3o do Distrito Federal , retirando, pelo menos por enquanto, os nomes desses pol\u00edticos das pr\u00f3ximas as disputas eleitorais na capital. \u00a0 Falta ainda o devido ressarcimento aos cofres p\u00fablicos e um pedido de desculpas, pos mortem , ao grande Man\u00e9 Garrincha, cujo nome foi parar num est\u00e1dio que est\u00e1 muito longe de ser a alegria do povo.<\/p>\n<p>&nbsp;<\/p>\n<p>A frase que\u00a0 foi pronunciada:<\/p>\n<p>\u201cPara conhecermos os amigos \u00e9 necess\u00e1rio passar pelo sucesso e pela desgra\u00e7a. No sucesso, verificamos a quantidade e, na desgra\u00e7a, a qualidade.<\/p>\n<p>Conf\u00facio<\/p>\n<p>&nbsp;<\/p>\n<p>Seguran\u00e7a<\/p>\n<p>Aumenta a incid\u00eancia de objetos furtados dentro de autom\u00f3veis. No Centro Ol\u00edmpico da UnB n\u00e3o h\u00e1 policiamento e o cidad\u00e3o \u00e9 s\u00f3 mais um n\u00famero nas estat\u00edsticas.<\/p>\n<p>&nbsp;<\/p>\n<p>Informativo<\/p>\n<p>Por falar nisso, nas baias de atendimento e nos port\u00f5es das delegacias da cidade o Sindpol informa \u00e0 popula\u00e7\u00e3o que a pol\u00edcia est\u00e1 sucateada e cita o governador Rollemberg. Ao final pergunta: a quem interessa uma pol\u00edcia sucateada?<\/p>\n<p>&nbsp;<\/p>\n<p>Lazer<\/p>\n<p>&nbsp;<\/p>\n<p>Sucesso o cais ao final da asa norte. Fam\u00edlias se divertem por ali em ambiente de paz. O piscin\u00e3o do Lago Norte merece um aporte similar. O local \u00e9 ponto de encontro aos finais de semana com v\u00e1rios atrativos para a crian\u00e7ada.<\/p>\n<p>&nbsp;<\/p>\n<p>Beleza<\/p>\n<p>At\u00e9 o dia 9 desse m\u00eas, no 1<sup>o<\/sup>\u00a0subsolo do Ven\u00e2ncio 2000 a exposi\u00e7\u00e3o&#8221;Yanomami &#8211; Olhares ocultos&#8221; do rep\u00f3rter fotogr\u00e1fico Andr\u00e9 Rodrigo Pacheco estar\u00e1 aberta a visita\u00e7\u00e3o.<\/p>\n<p>&nbsp;<\/p>\n<p>HIST\u00d3RIA DE BRAS\u00cdLIA<\/p>\n<p>Vinte minutos depois do acidente, o governador Leonel Brizola chegava \u00e0 esta\u00e7\u00e3o de passageiros, e tudo voltou a ser alegria, novamente no aeroporto. (Publicado em 28\/09\/1961)<\/p>\n<p>&nbsp;<\/p>\n<p>&nbsp;<\/p>\n<p>Um advogado de defesa na Justi\u00e7a<\/p>\n<p>&nbsp;<\/p>\n<p>S\u00e3o, no m\u00ednimo, preocupantes as primeiras declara\u00e7\u00f5es dada pelo novo Ministro da Justi\u00e7a, Torquato Jardim , com rela\u00e7\u00e3o aos \u00faltimos acontecimentos precipitados pela dela\u00e7\u00e3o dos executivos da JBS. Pelo que foi dito e pelo que fica subentendido, o temor de que o novo ministro teria um protagonismo para al\u00e9m de suas fun\u00e7\u00f5es republicanas, podem ser pescadas aqui e ali em suas \u00faltimas entrevistas a v\u00e1rios \u00f3rg\u00e3os de imprensa.<\/p>\n<p>Mesmo antes de ser empossado Torquato Jardim j\u00e1 havia deixado entender nas entrelinhas que sua miss\u00e3o imediata na pasta seria al\u00e9m das atribui\u00e7\u00f5es relativas \u00e0 nova fun\u00e7\u00e3o, a defesa do presidente Temer. Mesmo sua chegada ao Minist\u00e9rio da Justi\u00e7a foi feita de tal modo atabalhoada e as pressas que n\u00e3o deu tempo nem para avisar ao antigo ocupante da cadeira.<\/p>\n<p>Essa nomea\u00e7\u00e3o, feita num fim de semana, deixou claro, para muitos, que se tratava de uma substitui\u00e7\u00e3o de emerg\u00eancia, feita sob a necessidade do momento delicado e ante a imin\u00eancia do afastamento do pr\u00f3prio Temer. N\u00e3o poderia ser diferente. Amigo do presidente por d\u00e9cadas, a nova miss\u00e3o que tem pela frente vai obrigar este jurista experimentado, a caminhar no limbo , entre as observa\u00e7\u00f5es legais do seu mister oficial e suas convic\u00e7\u00f5es pessoais acerca do velho amigo.<\/p>\n<p>Usando de uma sinceridade enviesada de ironia, Torquato afirmou, mesmo sem conhecer pormenorizadamente o processo, que ainda n\u00e3o h\u00e1 motivos suficientes para investigar o presidente, mesmo sabendo que Supremo Tribunal Federal , atrav\u00e9s do ministro , Edson Fachin, e o Minist\u00e9rio P\u00f9blico, j\u00e1 deram in\u00edcio ao processo . Para ele h\u00e1 muita especula\u00e7\u00e3o e uma espetaculariza\u00e7\u00e3o do epis\u00f3dio envolvendo a grava\u00e7\u00e3o do presidente pelo executivo da JBS. Para o novo titular da pasta , \u201cfaz parte de cultura parlamentar, ser acess\u00edvel a qualquer hora e em qualquer lugar\u201d. Mesmo com rela\u00e7\u00e3o a cassa\u00e7\u00e3o da chapa Dilma\/Temer, Torquato j\u00e1 considerou como \u201crecomend\u00e1vel\u201d que haja um pedido de vista do processo. O temor que ele possa controlar a Pol\u00edcia Federal, fez com que a Federa\u00e7\u00e3o Nacional dos Policiais Federais emitisse nota criticando essa situa\u00e7\u00e3o.<\/p>\n<p>A mais estranha das declara\u00e7\u00f5es para um ministro da justi\u00e7a foi dada \u00e0 um rep\u00f3rter que lhe perguntou sobre a quest\u00e3o da origem as centenas de milh\u00f5es de reais que andaram irrigando os caixas da campanha eleitorais: \u201cSe a doa\u00e7\u00e3o eleitoral entrou legalmente, n\u00e3o interessa a origem\u201d afirmou Torquato para quem o problema de de caixa 1 ou caixa 10 \u00e9 irrelevante, desde que contabilizado. Em outras palavras o que o novo ministro entende \u00e9 que uma vez declarado junto ao Tribunal Superior Eleitoral qualquer recurso, doa\u00e7\u00e3o ou gasto de campanha \u00e9 imediatamente legalizado n\u00e3o importando se a origem do dinheiro \u00e9 fruto de crime. Uma declara\u00e7\u00e3o desta equivale a dizer que o TSE tem lavado todo e qualquer recurso, mesmo com todo o estardalha\u00e7o e seguidos alertas feito por toda a m\u00eddia do pa\u00eds.<\/p>\n<p>Trata-se aqui de um personagem pol\u00eamico que ainda vai dar muito o que falar e que por sua posi\u00e7\u00e3o arriscada, pode empurrar , ainda mais, o presidente Temer, para a beira do abismo. Pretender ser mais realista que a pr\u00f3pria realidade, fixando seu escrit\u00f3rio de advocacia no posto avan\u00e7ado do Minist\u00e9rio da Justi\u00e7a \u00e9 tudo o que os brasileiros n\u00e3o precisam nem agora , nem nunca.<\/p>\n<p>Com Dilma ocorreu a mesma coisa . Instalou o dubl\u00ea de advogado, Jos\u00e9 Eduardo Cardoso no Minist\u00e9rio da Justi\u00e7a e enquanto o Brasil era incendiado pelo processo de impeachment, todas as atividades da pasta ficaram paralisadas enquanto se concentravam esfor\u00e7os de toda a ordem para a defesa da presidente moribunda . Deu no que deu.<\/p>\n<p>&nbsp;<\/p>\n","protected":false},"excerpt":{"rendered":"<p>Desde 1960 aricunha@dabr.com.br com Circe Cunha e MAMFIL De Garrincha, a alegria do povo e o anjo das pernas tortas, as novas gera\u00e7\u00f5es nada conhecem. Considerado, ao lado de Pel\u00e9 , como o maior jogador de futebol de todos os tempos , Garrincha \u00e9 , ainda hoje unanimidade na avalia\u00e7\u00e3o de muita gente que entende do assunto, aqui e em [&hellip;]<\/p>\n","protected":false},"author":34,"featured_media":0,"comment_status":"open","ping_status":"closed","sticky":false,"template":"","format":"standard","meta":{"footnotes":""},"categories":[23],"tags":[67],"class_list":["post-8793","post","type-post","status-publish","format-standard","hentry","category-integra","tag-brasilia-historiadebrasilia-aricunha-circecunha-mamfil"],"_links":{"self":[{"href":"https:\/\/blogs.correiobraziliense.com.br\/aricunha\/wp-json\/wp\/v2\/posts\/8793","targetHints":{"allow":["GET"]}}],"collection":[{"href":"https:\/\/blogs.correiobraziliense.com.br\/aricunha\/wp-json\/wp\/v2\/posts"}],"about":[{"href":"https:\/\/blogs.correiobraziliense.com.br\/aricunha\/wp-json\/wp\/v2\/types\/post"}],"author":[{"embeddable":true,"href":"https:\/\/blogs.correiobraziliense.com.br\/aricunha\/wp-json\/wp\/v2\/users\/34"}],"replies":[{"embeddable":true,"href":"https:\/\/blogs.correiobraziliense.com.br\/aricunha\/wp-json\/wp\/v2\/comments?post=8793"}],"version-history":[{"count":1,"href":"https:\/\/blogs.correiobraziliense.com.br\/aricunha\/wp-json\/wp\/v2\/posts\/8793\/revisions"}],"predecessor-version":[{"id":8794,"href":"https:\/\/blogs.correiobraziliense.com.br\/aricunha\/wp-json\/wp\/v2\/posts\/8793\/revisions\/8794"}],"wp:attachment":[{"href":"https:\/\/blogs.correiobraziliense.com.br\/aricunha\/wp-json\/wp\/v2\/media?parent=8793"}],"wp:term":[{"taxonomy":"category","embeddable":true,"href":"https:\/\/blogs.correiobraziliense.com.br\/aricunha\/wp-json\/wp\/v2\/categories?post=8793"},{"taxonomy":"post_tag","embeddable":true,"href":"https:\/\/blogs.correiobraziliense.com.br\/aricunha\/wp-json\/wp\/v2\/tags?post=8793"}],"curies":[{"name":"wp","href":"https:\/\/api.w.org\/{rel}","templated":true}]}}