{"id":8791,"date":"2017-06-01T02:40:53","date_gmt":"2017-06-01T05:40:53","guid":{"rendered":"https:\/\/blogs.correiobraziliense.com.br\/aricunha\/?p=8791"},"modified":"2017-06-05T09:41:56","modified_gmt":"2017-06-05T12:41:56","slug":"chega-logo-copa-do-mundo","status":"publish","type":"post","link":"https:\/\/blogs.correiobraziliense.com.br\/aricunha\/chega-logo-copa-do-mundo\/","title":{"rendered":"Chega logo Copa do Mundo!"},"content":{"rendered":"<p>Desde 1960<\/p>\n<p><a href=\"mailto:aricunha@dabr.com.br\">aricunha@dabr.com.br<\/a><\/p>\n<p>com Circe Cunha e MAMFIL<\/p>\n<p>Depois das dela\u00e7\u00f5es bomb\u00e1sticas da dupla caipira, Joesley e Wesley, a mesma que parece ter comprado , \u00e0 pre\u00e7o de banana, boa parte da rep\u00fablica, nada menos do que duas Comiss\u00f5es Parlamentares de Inqu\u00e9rito (CPI) entraram em fase de gesta\u00e7\u00e3o . No Congresso Nacional j\u00e1 foi lido, inclusive, o requerimento para a cria\u00e7\u00e3o de uma Comiss\u00e3o mista, para apurar as rela\u00e7\u00f5es suspeit\u00edssimas, envolvendo as empresas JBS e o Banco Nacional de Desenvolvimento (BNDES).<\/p>\n<p>Pelas poss\u00edveis consequ\u00eancias que advir\u00e3o para muitos dessas devassas, entende-se porque, at\u00e9 agora, n\u00e3o houve indica\u00e7\u00e3o, por parte das principais lideran\u00e7as, dos nomes para formar a CPI. Seja qual for o encaminhamento dado pelos parlamentares \u00e0 esse caso, o fato \u00e9 que os desdobramentos dessas investiga\u00e7\u00f5es s\u00e3o imprevis\u00edveis e ter\u00e3o que vir, necessariamente \u00e0 reboque do que a pol\u00edcia e Minist\u00e9rio P\u00fablico j\u00e1 tem conhecimento.<\/p>\n<p>O problema com Comiss\u00f5es dessa natureza \u00e9 que os reais objetivos dos pol\u00edticos nestas investiga\u00e7\u00f5es n\u00e3o est\u00e3o claros. Para aqueles que acompanham de perto esse assunto, a forma\u00e7\u00e3o de uma CPMI agora,\u00a0 de forma tardia, esconderia , no seu \u00e2mago, uma estrat\u00e9gia para tumultuar o processo , enquanto se buscaria uma fresta legal por onde muitos envolvidos tentariam escapar. O que parece pesar nas dela\u00e7\u00f5es da dupla da JBS \u00e9 que pelas grava\u00e7\u00f5es \u00b4colhidas nos depoimentos fica patente e debochadamente claro que todas as doa\u00e7\u00f5es eram, na verdade, propinas .<\/p>\n<p>Sem credibilidade e vivendo seu pior momento junto a popula\u00e7\u00e3o , os congressistas v\u00e3o ter que se desdobrar muito para mostrar servi\u00e7o nestas apura\u00e7\u00f5es e andar a passos largos, j\u00e1 que em 2018, ano de elei\u00e7\u00f5es, ningu\u00e9m quer ficar chamuscado na foto de candidato.<\/p>\n<p>&nbsp;<\/p>\n<p>A frase que foi pronunciada:<\/p>\n<p>\u201c O maior erro dos &#8220;espertos&#8221; e achar que podem fazer todos de ot\u00e1rios.\u201d<\/p>\n<p>J\u00f4 Soares<\/p>\n<p>&nbsp;<\/p>\n<p>Fato gerador<\/p>\n<p>Fizeram as contas. Se toda a corrup\u00e7\u00e3o for extirpada da sociedade brasileira, os preju\u00edzos causados nos \u00faltimos anos estar\u00e3o pagos em 2060.<\/p>\n<p>&nbsp;<\/p>\n<p>&nbsp;<\/p>\n<p>Mal na fita<\/p>\n<p>&nbsp;<\/p>\n<p>Samba, futebol e corrup\u00e7\u00e3o. As fa\u00e7anhas do Brasil tomam as manchetes nada elogiosas pelo mundo. Por curiosidade vejam as manchetes nos jornais alem\u00e3es:\u00a0 Die Welt \u2013 Bar\u00e3o da carne mergulha Brasil no caos na Alemanha,<\/p>\n<p>Wirtschaftswoche \u2013 O grande prato de carnes<\/p>\n<p>Frankfurter Allgemeine Zeitung\u2013Temer mobiliza militares contra manifestantes.<\/p>\n<p>Der Tagesspiegel \u2013 Bras\u00edlia queima .<\/p>\n<p>&nbsp;<\/p>\n<p>Caos<\/p>\n<p>&nbsp;<\/p>\n<p>Arthur Maia, deputado federal pela Bahia j\u00e1 avisou que com a situa\u00e7\u00e3o pol\u00edtica do jeito que est\u00e1 sendo levada fica imposs\u00edvel organizar a vota\u00e7\u00e3o da reforma da Previd\u00eancia, da qual \u00e9 relator.<\/p>\n<p>&nbsp;<\/p>\n<p>Pecado<\/p>\n<p>&nbsp;<\/p>\n<p>Falta mobiliza\u00e7\u00e3o mais efetiva das entidades pr\u00f3-vida nas manifesta\u00e7\u00f5es contra a descriminaliza\u00e7\u00e3o do aborto. A 10a edi\u00e7\u00e3o da \u201cMarcha pela Vida\u201d e o \u201cGrande Ato contra o Aborto\u201d n\u00e3o contou com a presen\u00e7a de muitos por divulga\u00e7\u00e3o ineficiente.Com a Internet \u00e0 disposi\u00e7\u00e3o, isso \u00e9 um pecado capital!<\/p>\n<p>&nbsp;<\/p>\n<p>Como come\u00e7ou<\/p>\n<p>&nbsp;<\/p>\n<p>S\u00f3 para lembrar, o primeiro aborto aprovado por lei aconteceu em 1973 no famoso caso Joe contra Wade, nos Estados Unidos. Jane Roe era o pseud\u00f4nimo de Norma McCorvey que faleceu em fevereiro desse ano. Norma declarava em todas as entrevistas que cada vez que a imprensa a levava ao passado ela era obrigada a encarar o maior erro de sua vida. Sua declara\u00e7\u00e3o diante da Suprema Corte foi falsa.<\/p>\n<p>&nbsp;<\/p>\n<p>\u00c9 algu\u00e9m<\/p>\n<p>&nbsp;<\/p>\n<p>Norma McCorvey queria apenas se livrar do filho de um homem que ela n\u00e3o amava. Por isso mentiu sobre um estupro que nunca houve. Hoje, para convencer qualquer Corte basta instalar um datashow no plen\u00e1rio e mostrar as imagens dentro do ventre materno durante o procedimento do aborto. O feto reage, tenta se proteger, tem o batimento card\u00edaco acelerado. \u00c9 um assassinato previsto \u00a0no art. 121 do C\u00f3digo Penal.<\/p>\n<p>&nbsp;<\/p>\n<p>Release<\/p>\n<p>&nbsp;<\/p>\n<p>Desemprego alcan\u00e7a 14 milh\u00f5es de pessoas.<\/p>\n<p>&nbsp;<\/p>\n<p>&nbsp;<\/p>\n<p>Agenda<\/p>\n<p>&nbsp;<\/p>\n<p>No Brasil 21 \u00e9 poss\u00edvel ter uma alimenta\u00e7\u00e3o saud\u00e1vel e saborosa. Em parceria com a cl\u00ednica Ravenna, o restaurante Norton elaborou um menu sob a coordena\u00e7\u00e3o da chef Myriam Carvalho e Isadora Fadul, a nutricionista. Prote\u00ednas, saladas, caldos e sobremesas caprichadas. Vale conhecer. Para os combos h\u00e1 desconto.<\/p>\n<p>&nbsp;<\/p>\n<p>HIST\u00d3RIA DE BRAS\u00cdLIA<\/p>\n<p>O Hospital Distrital, ao receber a not\u00edcia, enviou, imediatamente, uma equipe de m\u00e9dicos e enfermeiros, e um pequeno hospital ambulante foi transportado para o local. (Publicado em 28\/09\/1961)<\/p>\n","protected":false},"excerpt":{"rendered":"<p>Desde 1960 aricunha@dabr.com.br com Circe Cunha e MAMFIL Depois das dela\u00e7\u00f5es bomb\u00e1sticas da dupla caipira, Joesley e Wesley, a mesma que parece ter comprado , \u00e0 pre\u00e7o de banana, boa parte da rep\u00fablica, nada menos do que duas Comiss\u00f5es Parlamentares de Inqu\u00e9rito (CPI) entraram em fase de gesta\u00e7\u00e3o . No Congresso Nacional j\u00e1 foi lido, inclusive, o requerimento para a [&hellip;]<\/p>\n","protected":false},"author":34,"featured_media":0,"comment_status":"closed","ping_status":"closed","sticky":false,"template":"","format":"standard","meta":{"footnotes":""},"categories":[23],"tags":[32],"class_list":["post-8791","post","type-post","status-publish","format-standard","hentry","category-integra","tag-politica-brasil-brasilia-mamfil-ari-cunha-circe-cunha"],"_links":{"self":[{"href":"https:\/\/blogs.correiobraziliense.com.br\/aricunha\/wp-json\/wp\/v2\/posts\/8791","targetHints":{"allow":["GET"]}}],"collection":[{"href":"https:\/\/blogs.correiobraziliense.com.br\/aricunha\/wp-json\/wp\/v2\/posts"}],"about":[{"href":"https:\/\/blogs.correiobraziliense.com.br\/aricunha\/wp-json\/wp\/v2\/types\/post"}],"author":[{"embeddable":true,"href":"https:\/\/blogs.correiobraziliense.com.br\/aricunha\/wp-json\/wp\/v2\/users\/34"}],"replies":[{"embeddable":true,"href":"https:\/\/blogs.correiobraziliense.com.br\/aricunha\/wp-json\/wp\/v2\/comments?post=8791"}],"version-history":[{"count":1,"href":"https:\/\/blogs.correiobraziliense.com.br\/aricunha\/wp-json\/wp\/v2\/posts\/8791\/revisions"}],"predecessor-version":[{"id":8792,"href":"https:\/\/blogs.correiobraziliense.com.br\/aricunha\/wp-json\/wp\/v2\/posts\/8791\/revisions\/8792"}],"wp:attachment":[{"href":"https:\/\/blogs.correiobraziliense.com.br\/aricunha\/wp-json\/wp\/v2\/media?parent=8791"}],"wp:term":[{"taxonomy":"category","embeddable":true,"href":"https:\/\/blogs.correiobraziliense.com.br\/aricunha\/wp-json\/wp\/v2\/categories?post=8791"},{"taxonomy":"post_tag","embeddable":true,"href":"https:\/\/blogs.correiobraziliense.com.br\/aricunha\/wp-json\/wp\/v2\/tags?post=8791"}],"curies":[{"name":"wp","href":"https:\/\/api.w.org\/{rel}","templated":true}]}}