{"id":8772,"date":"2017-05-23T03:40:27","date_gmt":"2017-05-23T06:40:27","guid":{"rendered":"https:\/\/blogs.correiobraziliense.com.br\/aricunha\/?p=8772"},"modified":"2017-05-24T05:41:27","modified_gmt":"2017-05-24T08:41:27","slug":"balanca-mas-nao-cai","status":"publish","type":"post","link":"https:\/\/blogs.correiobraziliense.com.br\/aricunha\/balanca-mas-nao-cai\/","title":{"rendered":"Balan\u00e7a, mas n\u00e3o cai"},"content":{"rendered":"<p>Desde 1960 \u00bb<br \/>\naricunha@dabr.com.br<br \/>\nCom Mamfil e Circe Cunha<br \/>\nWhatsapp 61 9922CIRCE<\/p>\n<p>Num ponto muitos concordam: as m\u00faltiplas rela\u00e7\u00f5es criminosas costuradas nos \u00faltimos anos entre pol\u00edticos e empres\u00e1rios, que v\u00e3o sendo reveladas em estrepitosos cap\u00edtulos a cada dela\u00e7\u00e3o, adquiriram tal volume de enredo e situa\u00e7\u00f5es inusitadas que ultrapassaram, inclusive, os estilos ficcionais e de realidade fant\u00e1stica, atingindo uma categoria da literatura que ainda est\u00e1 por ser inventada.<\/p>\n<p>Enquanto o novo estilo n\u00e3o surge para narrar com precis\u00e3o essa fase extremamente tumultuada da nossa hist\u00f3ria recente, toda a trama, por sua riqueza de detalhes e mesmo pela forma rid\u00edcula com que os personagens s\u00e3o identificados pelos delatores, deixa exposto um vast\u00edssimo material para compor n\u00e3o uma saga, mas um comp\u00eandio de s\u00e1tiras e tro\u00e7as, descrevendo de A a Z as muitas mazelas de nossa Rep\u00fablica t\u00e3o vilipendiada, o completo desprezo pelos eleitores.<\/p>\n<p>Somente ao humor, com sua mordacidade e acidez aguda, \u00e9 dada a faculdade de adentrar a fundo nessa hist\u00f3ria, retratando e reduzindo esses personagens e situa\u00e7\u00f5es \u00e0quilo que realmente s\u00e3o: seres mesquinhos, que mercadejam a ordem moral, vendilh\u00f5es, dispostos \u00e0s mais degradantes tarefas por um punhado de dinheiro.<\/p>\n<p>N\u00e3o ser\u00e3o com an\u00e1lises formais, acad\u00eamicas e sisudas que poderemos entender o verdadeiro esp\u00edrito dessa fase, uma vez que os personagens que comp\u00f5e o enredo, em nenhum momento, demonstraram seriedade em suas a\u00e7\u00f5es. Na maioria das situa\u00e7\u00f5es, tanto nas nega\u00e7\u00f5es como nas confiss\u00f5es, o que se tem \u00e9 o burlesco e a zombaria. Todos t\u00eam estampado nas express\u00f5es que o crime valeu a pena. Milh\u00f5es de reais e de d\u00f3lares ficar\u00e3o escondidos e \u00e0 disposi\u00e7\u00e3o para retorno da cadeia.<\/p>\n<p>Tudo \u00e9 tragicamente c\u00f4mico. A come\u00e7ar pelos apelidos dados aos pol\u00edticos pelos empres\u00e1rios campe\u00f5es. Para descrever, com riqueza de detalhes, toda essa extravag\u00e2ncia de casos, faz muita falta a arg\u00facia de escritores como Max Nunes, Paulo Gracindo, Mill\u00f4r Fernandes, Carlos Manga, Lauro Borges, Guimar\u00e3es Rosa, Castro Barbosa e muitos outros de saudosa mem\u00f3ria. Somente fil\u00f3sofos dessa vertente do saber poderiam, agora, decifrar o momento brasileiro.<\/p>\n<p>O \u201cEdif\u00edcio Balan\u00e7a, Mas N\u00e3o Cai\u201d de nossa Rep\u00fablica se mostra t\u00e3o impressionantemente atual nas suas diversas situa\u00e7\u00f5esque a reedi\u00e7\u00e3o desse sucesso dos anos 1950 pareceria a continuidade de um Brasil que nunca aprendeu o que \u00e9 ser s\u00e9rio. A PRK-30, que ia ao ar nos anos 1940 pela R\u00e1dio Nacional, poderia muito bem compor a Hora do Brasil, que ningu\u00e9m sentiria a menor diferen\u00e7a. N\u00e3o \u00e0 toa que sempre fomos ridicularizados como pa\u00eds pouco s\u00e9rio pelo restante do planeta. Pa\u00eds onde o auge do protesto \u00e9 bater panelas na janela de casa.<\/p>\n<p>Mesmo o povo, que diz n\u00e3o ver gra\u00e7a alguma nessas situa\u00e7\u00f5es, vota, a cada elei\u00e7\u00e3o, para ter de volta ao palco esses mesmos personagens. O Brasil \u00e9 uma grande chanchada. S\u00f3 que no atual caso, a risada final parece vir de algum ponto no Sul do pa\u00eds. \u00c9 uma risada que mostra todos os dentes de uma boca enorme, mas, se observada mais de perto, \u00e9 formada por grades de uma pris\u00e3o \u00e0 espera de engolir esses buf\u00f5es.<\/p>\n<p>&nbsp;<\/p>\n<p><b>A frase que n\u00e3o foi pronunciada<\/b><\/p>\n<p><i>\u201cO Brasil \u00e9 uma Ferrari dirigida por macacos.\u201d<\/i><\/p>\n<p>Na Internet<\/p>\n<p>&nbsp;<\/p>\n<p><b>Mais essa<\/b><\/p>\n<p>\u00bb Na Fran\u00e7a investiga\u00e7\u00f5es sobre pagamentos ocultos de contratos de armamentos entre Fran\u00e7a e Brasil em 2009. O tra\u00e7ado das investiga\u00e7\u00f5es est\u00e1 pronto. Apontam o fornecimento de cinco submarinos, inclusive, um nuclear. O contrato assinado por Lula e Sarkosy foi fara\u00f4nico: 6,7 bilh\u00f5es de euros (quase R$ 22,9 bilh\u00f5es) entre a fabricante naval francesa DCNS e o Brasil.<\/p>\n<p>&nbsp;<\/p>\n<p><b>Adiante<\/b><\/p>\n<p>\u00bb Enquanto as quest\u00f5es pol\u00edticas aquecem nos bastidores, o Senado discute na Comiss\u00e3o de Rela\u00e7\u00f5es Exteriores o livre com\u00e9rcio entre os pa\u00edses. Os debates quinzenais gravitam sobre a ordem internacional, \u201cErguer ou Estender pontes?<\/p>\n<p>&nbsp;<\/p>\n<p><b>Inclus\u00e3o<\/b><\/p>\n<p>\u00bb At\u00e9 26 de maio, os eleitores, numa parceria entre o Instituto dos Cegos e o Tribunal Eleitoral, participam do recadastramento biom\u00e9trico durante a Semana de Inclus\u00e3o. At\u00e9 agora, 1.600 eleitores deficientes foram registrados no Cadastro da Justi\u00e7a Eleitoral.<\/p>\n<p>&nbsp;<\/p>\n<p><b>Sem solu\u00e7\u00e3o<\/b><\/p>\n<p>\u00bb A JBS pagou propina a 1.829 candidatos de 28 partidos, segundo o diretor Ricardo Saud. As doa\u00e7\u00f5es il\u00edcitas foram de quase R$ 600 milh\u00f5es. O espectro da corrup\u00e7\u00e3o \u00e9 de largo alcance. S\u00f3 uma reforma pol\u00edtica para resolver. Mas, sem o apoio de 1.829 candidatos de 28 partidos, ser\u00e1 dif\u00edcil aprovar.<\/p>\n<p>&nbsp;<\/p>\n<p><b>Hist\u00f3ria de Bras\u00edlia<\/b><\/p>\n<p>O \u201cCaravelle\u201d deslizou mais ou menos uns duzentos metros e, antes de atingir a curva de convers\u00e3o para o p\u00e1tio de manobras, parou fora da pista. (Publicado em 28\/9\/1961)<\/p>\n","protected":false},"excerpt":{"rendered":"<p>Desde 1960 \u00bb aricunha@dabr.com.br Com Mamfil e Circe Cunha Whatsapp 61 9922CIRCE Num ponto muitos concordam: as m\u00faltiplas rela\u00e7\u00f5es criminosas costuradas nos \u00faltimos anos entre pol\u00edticos e empres\u00e1rios, que v\u00e3o sendo reveladas em estrepitosos cap\u00edtulos a cada dela\u00e7\u00e3o, adquiriram tal volume de enredo e situa\u00e7\u00f5es inusitadas que ultrapassaram, inclusive, os estilos ficcionais e de realidade fant\u00e1stica, atingindo uma categoria da [&hellip;]<\/p>\n","protected":false},"author":34,"featured_media":0,"comment_status":"closed","ping_status":"closed","sticky":false,"template":"","format":"standard","meta":{"footnotes":""},"categories":[23],"tags":[34],"class_list":["post-8772","post","type-post","status-publish","format-standard","hentry","category-integra","tag-politica-brasil-brasilia-ari-cunha-mamfil-circecunha"],"_links":{"self":[{"href":"https:\/\/blogs.correiobraziliense.com.br\/aricunha\/wp-json\/wp\/v2\/posts\/8772","targetHints":{"allow":["GET"]}}],"collection":[{"href":"https:\/\/blogs.correiobraziliense.com.br\/aricunha\/wp-json\/wp\/v2\/posts"}],"about":[{"href":"https:\/\/blogs.correiobraziliense.com.br\/aricunha\/wp-json\/wp\/v2\/types\/post"}],"author":[{"embeddable":true,"href":"https:\/\/blogs.correiobraziliense.com.br\/aricunha\/wp-json\/wp\/v2\/users\/34"}],"replies":[{"embeddable":true,"href":"https:\/\/blogs.correiobraziliense.com.br\/aricunha\/wp-json\/wp\/v2\/comments?post=8772"}],"version-history":[{"count":1,"href":"https:\/\/blogs.correiobraziliense.com.br\/aricunha\/wp-json\/wp\/v2\/posts\/8772\/revisions"}],"predecessor-version":[{"id":8773,"href":"https:\/\/blogs.correiobraziliense.com.br\/aricunha\/wp-json\/wp\/v2\/posts\/8772\/revisions\/8773"}],"wp:attachment":[{"href":"https:\/\/blogs.correiobraziliense.com.br\/aricunha\/wp-json\/wp\/v2\/media?parent=8772"}],"wp:term":[{"taxonomy":"category","embeddable":true,"href":"https:\/\/blogs.correiobraziliense.com.br\/aricunha\/wp-json\/wp\/v2\/categories?post=8772"},{"taxonomy":"post_tag","embeddable":true,"href":"https:\/\/blogs.correiobraziliense.com.br\/aricunha\/wp-json\/wp\/v2\/tags?post=8772"}],"curies":[{"name":"wp","href":"https:\/\/api.w.org\/{rel}","templated":true}]}}