{"id":8719,"date":"2017-04-29T11:34:09","date_gmt":"2017-04-29T14:34:09","guid":{"rendered":"https:\/\/blogs.correiobraziliense.com.br\/aricunha\/?p=8719"},"modified":"2017-05-02T11:35:10","modified_gmt":"2017-05-02T14:35:10","slug":"ministerio-da-hemera","status":"publish","type":"post","link":"https:\/\/blogs.correiobraziliense.com.br\/aricunha\/ministerio-da-hemera\/","title":{"rendered":"Minist\u00e9rio da Hemera"},"content":{"rendered":"<p>Desde 1960 \u00bb<\/p>\n<p>jornalista_aricunha@outlook.com<\/p>\n<p>MAMFIL com Circe Cunha<\/p>\n<p>Na sequ\u00eancia ininterrupta de esc\u00e2ndalos protagonizada por integrantes da C\u00e2mara Legislativa (CLDF), desde sua cria\u00e7\u00e3o, v\u00e3o se tornando rotina tamb\u00e9m as opera\u00e7\u00f5es de busca e apreens\u00e3o feitas pela pol\u00edcia e por membros do Minist\u00e9rio P\u00fablico do Distrito Federal e Territ\u00f3rios (MPDFT) nas depend\u00eancias daquela Casa.<\/p>\n<p>A popula\u00e7\u00e3o j\u00e1 nem se surpreende mais com essas batidas. Desmoralizada e sem a credibilidade da popula\u00e7\u00e3o informada e atenta, a CLDF prossegue, a cada ano e por conta pr\u00f3pria, cavando e ampliando a fossa que a separa dos brasilienses. Com isso, aumenta a certeza de muitos de que essa institui\u00e7\u00e3o representa, al\u00e9m de enorme e dispendioso estorvo para gest\u00e3o p\u00fablica, uma inst\u00e2ncia que cuida, sobretudo, dos interesses dos pr\u00f3prios deputados.<\/p>\n<p>Escudados na ideia de que \u00e9 imposs\u00edvel exercer a democracia sem a participa\u00e7\u00e3o de personagens desse quilate e de seus n\u00facleos pol\u00edticos, o que eles t\u00eam conseguido de fato \u00e9 constranger os cidad\u00e3os ao perpetuar seus desmandos e cometer crimes continuados de toda ordem. Servindo-se ainda do famigerado instituto de foro privilegiado, Suas Excel\u00eancias t\u00eam abusado, al\u00e9m da conta, da paci\u00eancia da sociedade. Essa mesma sociedade que lhes garantiu o voto, \u00e9 bom lembrar.<\/p>\n<p>A frase que foi pronunciada<br \/>\n\u201cO Brasil \u00e9 a rep\u00fablica do cinismo!\u201d<br \/>\nReginaldo Marinho, cientista<\/p>\n<p> Muito triste<br \/>\n\u00bb Dia do Perd\u00e3o foi sancionado pela Presid\u00eancia. Keiko Ota perdoou o sequestrador e assassino do filho de 8 anos. A senadora Simone Tebet declarou que a lei incentiva a solidariedade e a irmandade. Parece mais f\u00e1cil para as autoridades contar com o perd\u00e3o das v\u00edtimas do que instituir pol\u00edtica p\u00fablica efetiva e eficiente que resgate essa popula\u00e7\u00e3o vulner\u00e1vel que n\u00e3o encontra alternativa oferecida pelo Estado, sen\u00e3o o crime.<\/p>\n<p>O pre\u00e7o<br \/>\n\u00bb Se a greve fosse realmente para protestar contra o governo, teria sido organizada para o Dia do Trabalhador. O fato \u00e9 que institu\u00edram um dia a menos de trabalho, j\u00e1 que ningu\u00e9m de livre e espont\u00e2nea vontade sairia de casa para servir de massa de manobra. Passagem e alimenta\u00e7\u00e3o de gra\u00e7a foram um est\u00edmulo a mais.<\/p>\n<p>Outro lado<br \/>\n\u00bb Chegar a ponto de impedir passageiros de embarcar nos aeroportos despertou diferentes rea\u00e7\u00f5es. Ao lado dos revoltados estavam as agr\u00f4nomas Sandra Ferrer e Sirlene Morais. Elas aguardavam calmamente o desenrolar dos fatos e afirmaram que os grevistas agiam para defender os interesses da popula\u00e7\u00e3o, por isso, se precisassem passar mais um dia no aeroporto, ficariam de bom grado.<\/p>\n<p>Humor<br \/>\nMeu irm\u00e3o, j\u00e1 sobrevivemos a Garotinho, Rosinha, Cesar Maia, Conde, Dudu Paes. Se rolar um apocalipse nuclear, s\u00f3 sobra barata e carioca! De Raphael Pavan.<\/p>\n<p>Sem vencimentos<br \/>\n\u00bb Por falar nisso, 200 mil servidores,entre ativos, aposentados e pensionistas, est\u00e3o sem sal\u00e1rio no Rio de Janeiro e 5 mil bolsistas da Funda\u00e7\u00e3o Carlos Chagas Filho de Amparo \u00e0 Pesquisa do Estado do Rio de Janeiro (Faperj) est\u00e3o sem receber desde fevereiro.<\/p>\n<p>Interatividade<br \/>\n\u00bb Senado cumpre importante papel perante a sociedade com a cria\u00e7\u00e3o do portal de Educa\u00e7\u00e3o Legislativa. Os cursos s\u00e3o gratuitos, on-line e dispon\u00edveis aos cidad\u00e3os. A coordenadora de Capacita\u00e7\u00e3o, Treinamento e Ensino do Instituto Legislativo Brasileiro, Simone Dourado, diz que \u00e9 preciso aproximar cada vez mais o p\u00fablico dos servi\u00e7os oferecidos pela Casa.<\/p>\n<p>Hist\u00f3ria de Bras\u00edlia<\/p>\n<p>Para o p\u00fablico, temos a informar isto: o pr\u00e9dio para onde se mudaria o Minist\u00e9rio \u00e9 de propriedade da Comiss\u00e3o do Vale do Rio Doce, que \u00e9 subordinada ao Minist\u00e9rio das Minas e Energia. (Publicado em 27\/9\/1961)<\/p>\n","protected":false},"excerpt":{"rendered":"<p>Desde 1960 \u00bb jornalista_aricunha@outlook.com MAMFIL com Circe Cunha Na sequ\u00eancia ininterrupta de esc\u00e2ndalos protagonizada por integrantes da C\u00e2mara Legislativa (CLDF), desde sua cria\u00e7\u00e3o, v\u00e3o se tornando rotina tamb\u00e9m as opera\u00e7\u00f5es de busca e apreens\u00e3o feitas pela pol\u00edcia e por membros do Minist\u00e9rio P\u00fablico do Distrito Federal e Territ\u00f3rios (MPDFT) nas depend\u00eancias daquela Casa. A popula\u00e7\u00e3o j\u00e1 nem se surpreende mais [&hellip;]<\/p>\n","protected":false},"author":34,"featured_media":0,"comment_status":"closed","ping_status":"closed","sticky":false,"template":"","format":"standard","meta":{"footnotes":""},"categories":[23],"tags":[],"class_list":["post-8719","post","type-post","status-publish","format-standard","hentry","category-integra"],"_links":{"self":[{"href":"https:\/\/blogs.correiobraziliense.com.br\/aricunha\/wp-json\/wp\/v2\/posts\/8719","targetHints":{"allow":["GET"]}}],"collection":[{"href":"https:\/\/blogs.correiobraziliense.com.br\/aricunha\/wp-json\/wp\/v2\/posts"}],"about":[{"href":"https:\/\/blogs.correiobraziliense.com.br\/aricunha\/wp-json\/wp\/v2\/types\/post"}],"author":[{"embeddable":true,"href":"https:\/\/blogs.correiobraziliense.com.br\/aricunha\/wp-json\/wp\/v2\/users\/34"}],"replies":[{"embeddable":true,"href":"https:\/\/blogs.correiobraziliense.com.br\/aricunha\/wp-json\/wp\/v2\/comments?post=8719"}],"version-history":[{"count":1,"href":"https:\/\/blogs.correiobraziliense.com.br\/aricunha\/wp-json\/wp\/v2\/posts\/8719\/revisions"}],"predecessor-version":[{"id":8720,"href":"https:\/\/blogs.correiobraziliense.com.br\/aricunha\/wp-json\/wp\/v2\/posts\/8719\/revisions\/8720"}],"wp:attachment":[{"href":"https:\/\/blogs.correiobraziliense.com.br\/aricunha\/wp-json\/wp\/v2\/media?parent=8719"}],"wp:term":[{"taxonomy":"category","embeddable":true,"href":"https:\/\/blogs.correiobraziliense.com.br\/aricunha\/wp-json\/wp\/v2\/categories?post=8719"},{"taxonomy":"post_tag","embeddable":true,"href":"https:\/\/blogs.correiobraziliense.com.br\/aricunha\/wp-json\/wp\/v2\/tags?post=8719"}],"curies":[{"name":"wp","href":"https:\/\/api.w.org\/{rel}","templated":true}]}}