{"id":8716,"date":"2017-05-02T02:28:51","date_gmt":"2017-05-02T05:28:51","guid":{"rendered":"https:\/\/blogs.correiobraziliense.com.br\/aricunha\/?p=8716"},"modified":"2017-05-02T11:30:08","modified_gmt":"2017-05-02T14:30:08","slug":"hospital-da-crianca-assediado-pelo-estado","status":"publish","type":"post","link":"https:\/\/blogs.correiobraziliense.com.br\/aricunha\/hospital-da-crianca-assediado-pelo-estado\/","title":{"rendered":"Hospital da Crian\u00e7a assediado pelo Estado"},"content":{"rendered":"<p>Desde 1960 \u00bb<\/p>\n<p>jornalista_aricunha@outlook.com<\/p>\n<p>MAMFIL com Circe Cunha<\/p>\n<p>Para os brasileiros que t\u00eam a oportunidade de conhecer os pa\u00edses do Primeiro Mundo, a primeira boa impress\u00e3o, que logo desperta a curiosidade do estrangeiro, \u00e9 como as institui\u00e7\u00f5es p\u00fablicas funcionam com tanta precis\u00e3o e prestam servi\u00e7os da mais alta qualidade para os cidad\u00e3os? E como \u00e9 poss\u00edvel ainda que, nesses pa\u00edses, a iniciativa privada e o setor p\u00fablico consigam trabalhar de forma complementar e harm\u00f4nica, sem choques e principalmente sem a ocorr\u00eancia de esc\u00e2ndalos de corrup\u00e7\u00e3o, t\u00e3o comuns por aqui quando os dois personagens se cruzam?Chega a causar espanto que hospitais p\u00fablicos e privados atendam com o mesmo n\u00edvel de excel\u00eancia. O mesmo ocorre com escolas, teatros, museus, transporte, seguran\u00e7a e uma diversidade de outras atividades, todas trabalhando de forma exemplar. Por aqui, a realidade \u00e9 totalmente oposta. As institui\u00e7\u00f5es p\u00fablicas, na sua grande maioria, n\u00e3o prestam bons servi\u00e7os \u00e0 popula\u00e7\u00e3o.Em nosso caso e de forma resumida, essa quest\u00e3o encontra como explica\u00e7\u00f5es o fato de que nos faltam fiscaliza\u00e7\u00f5es rigorosas e sobram burocracias do tipo kafkaniana, que acabam por favorecer os setores p\u00fablicos e privados a negociarem com vistas a atender primeiro os interesses de cada um e n\u00e3o os da coletividade.<\/p>\n<p>As parcerias p\u00fablico-privadas (PPPs) e, mais recentemente, a elei\u00e7\u00e3o das empresas tidas como campe\u00e3s nacionais demonstram que, na pr\u00e1tica, os benef\u00edcios advindos dessas reuni\u00f5es em nosso pa\u00eds acabaram por favorecer apenas os agentes participantes das negocia\u00e7\u00f5es, sobretudo os partidos pol\u00edticos e as empresas privadas.Opera\u00e7\u00f5es policiais como a Lava-Jato provam que ainda estamos muito longe de garantir que os recursos p\u00fablicos tenham gest\u00e3o eficiente e de plena confian\u00e7a. Qualquer licita\u00e7\u00e3o parece fadada a favorecer grupos determinados e sempre em preju\u00edzo dos contribuintes. De certa forma, vamos ficando acostumados com essa situa\u00e7\u00e3o.Quando ocorre de alguma institui\u00e7\u00e3o chamar a aten\u00e7\u00e3o pela excel\u00eancia na presta\u00e7\u00e3o de servi\u00e7os, logo a desconfian\u00e7a \u00e9 geral. Como ela consegue e as outras n\u00e3o? Mesmo em casos como esse, o natural seria tomar esses minguados exemplos como modelos a seguir. Mas, em nosso caso, os bons exemplos passam a ser imediatamente sabotados para n\u00e3o contaminar os costumes vigentes e prejudicar futuras negociatas.<\/p>\n<p>O Hospital da Crian\u00e7a Jos\u00e9 Alencar \u00e9 um dos raros exemplos de atendimento de qualidade que, por isso mesmo, parece atrair sobre si todo tipo de sabotagem. Criado h\u00e1 cinco anos pela Abrace e por um grupo de profissionais da sa\u00fade, o HCB vem sendo, como denunciam agora seus dirigentes, alvo de conluio que envolve, al\u00e9m do Minist\u00e9rio P\u00fablico, os sindicatos dos M\u00e9dicos e de Servidores, o Conselho de Sa\u00fade, uma comiss\u00e3o parlamentar de inqu\u00e9rito (CPI) formada na C\u00e2mara Legislativa com esse intuito \u2014 a mesma C\u00e2mara envolvida na nebulosa e ainda inexplic\u00e1vel Opera\u00e7\u00e3o Dr\u00e1con.Surpreende que um hospital t\u00e3o novo j\u00e1 tenha realizado mais de um milh\u00e3o de atendimentos m\u00e9dicos, quase 8 mil por m\u00eas. Quest\u00f5es pol\u00edticas e outras suspeitas v\u00eam minando a resist\u00eancia da diretoria da institui\u00e7\u00e3o, que j\u00e1 pensa em jogar a toalha e se render \u00e0 press\u00e3o da nossa realidade. Caso isso venha se concretizar, o preju\u00edzo ser\u00e1 de todos; os ganhos, obviamente de poucos.<\/p>\n<p>A frase que n\u00e3o foi pronunciada<\/p>\n<p>\u201cH\u00e1 esperan\u00e7as, s\u00f3 n\u00e3o para n\u00f3s.\u201d<\/p>\n<p>Franz Kafka<\/p>\n<p>Carta<\/p>\n<p>Recebemos a missiva de Rold\u00e3o Simas com o seguinte teor: o 1\u00ba de Maio tem origem em greve havida nos EUA contra a explora\u00e7\u00e3o da m\u00e3o de obra oper\u00e1ria. L\u00e1, o dia comemorativo, para que n\u00e3o lembrasse o evento original,  foi transferido para setembro.  A denomina\u00e7\u00e3o adequada \u00e9, portanto, Dia do Trabalhador, n\u00e3o Dia do Trabalho como \u00e9 de h\u00e1bito aqui no Brasil. Este ano deveria ser comemorado como Dia do Desemprego, com os Correios em greve desde 28 de abril sem not\u00edcia dela nos jornais convencionais.<\/p>\n<p>Piano imperd\u00edvel<\/p>\n<p>Amanh\u00e3, dia 3, recital dos alunos de Gisele Pires e Daniel Tarqu\u00ednio no audit\u00f3rio do Departamento de M\u00fasica da UnB, \u00e0s 12h30.<\/p>\n<p>Laureados<\/p>\n<p>Por falar em m\u00fasica, a equipe MPC \u2013 M\u00fasica para crian\u00e7as\/UnB \u2014 recebeu o 1\u00ba lugar na categoria Educativo, no Pr\u00eamio Profissionais da M\u00fasica 2017. Marina Ferraz, Ivana Bontempo, Sergio Fonseca, Zeze Rezende e Paulo Henrique Gaspar. Ricardo Dourado \u00e9 a estrela que trouxe o projeto de musicaliza\u00e7\u00e3o para beb\u00eas em gesta\u00e7\u00e3o.<\/p>\n<p>Na real<\/p>\n<p>Frouxid\u00e3o nacional dos nossos l\u00edderes n\u00e3o impediu a\u00e7\u00f5es de v\u00e2ndalos que se diziam trabalhadores. H\u00e1 que reprimir ferozmente esse tipo de a\u00e7\u00e3o. Que se contenham a viol\u00eancia e depreda\u00e7\u00e3o em respeito aos trabalhadores que pagam impostos e obedecem \u00e0s leis.<\/p>\n<p>Hist\u00f3ria de Bras\u00edlia<\/p>\n<p>Quanto \u00e0 seguran\u00e7a do pr\u00e9dio, a informa\u00e7\u00e3o do engenheiro da Ecisa \u00e9 de que o problema j\u00e1 est\u00e1 resolvido com a corre\u00e7\u00e3o das funda\u00e7\u00f5es, que apresentavam defeito. (Publicado em 27\/9\/1961)<\/p>\n","protected":false},"excerpt":{"rendered":"<p>Desde 1960 \u00bb jornalista_aricunha@outlook.com MAMFIL com Circe Cunha Para os brasileiros que t\u00eam a oportunidade de conhecer os pa\u00edses do Primeiro Mundo, a primeira boa impress\u00e3o, que logo desperta a curiosidade do estrangeiro, \u00e9 como as institui\u00e7\u00f5es p\u00fablicas funcionam com tanta precis\u00e3o e prestam servi\u00e7os da mais alta qualidade para os cidad\u00e3os? E como \u00e9 poss\u00edvel ainda que, nesses pa\u00edses, [&hellip;]<\/p>\n","protected":false},"author":34,"featured_media":0,"comment_status":"open","ping_status":"closed","sticky":false,"template":"","format":"standard","meta":{"footnotes":""},"categories":[23],"tags":[],"class_list":["post-8716","post","type-post","status-publish","format-standard","hentry","category-integra"],"_links":{"self":[{"href":"https:\/\/blogs.correiobraziliense.com.br\/aricunha\/wp-json\/wp\/v2\/posts\/8716","targetHints":{"allow":["GET"]}}],"collection":[{"href":"https:\/\/blogs.correiobraziliense.com.br\/aricunha\/wp-json\/wp\/v2\/posts"}],"about":[{"href":"https:\/\/blogs.correiobraziliense.com.br\/aricunha\/wp-json\/wp\/v2\/types\/post"}],"author":[{"embeddable":true,"href":"https:\/\/blogs.correiobraziliense.com.br\/aricunha\/wp-json\/wp\/v2\/users\/34"}],"replies":[{"embeddable":true,"href":"https:\/\/blogs.correiobraziliense.com.br\/aricunha\/wp-json\/wp\/v2\/comments?post=8716"}],"version-history":[{"count":2,"href":"https:\/\/blogs.correiobraziliense.com.br\/aricunha\/wp-json\/wp\/v2\/posts\/8716\/revisions"}],"predecessor-version":[{"id":8718,"href":"https:\/\/blogs.correiobraziliense.com.br\/aricunha\/wp-json\/wp\/v2\/posts\/8716\/revisions\/8718"}],"wp:attachment":[{"href":"https:\/\/blogs.correiobraziliense.com.br\/aricunha\/wp-json\/wp\/v2\/media?parent=8716"}],"wp:term":[{"taxonomy":"category","embeddable":true,"href":"https:\/\/blogs.correiobraziliense.com.br\/aricunha\/wp-json\/wp\/v2\/categories?post=8716"},{"taxonomy":"post_tag","embeddable":true,"href":"https:\/\/blogs.correiobraziliense.com.br\/aricunha\/wp-json\/wp\/v2\/tags?post=8716"}],"curies":[{"name":"wp","href":"https:\/\/api.w.org\/{rel}","templated":true}]}}