{"id":8714,"date":"2017-04-30T01:25:55","date_gmt":"2017-04-30T04:25:55","guid":{"rendered":"https:\/\/blogs.correiobraziliense.com.br\/aricunha\/?p=8714"},"modified":"2017-05-02T11:26:52","modified_gmt":"2017-05-02T14:26:52","slug":"mentira-agradece-pelos-votos-recebidos","status":"publish","type":"post","link":"https:\/\/blogs.correiobraziliense.com.br\/aricunha\/mentira-agradece-pelos-votos-recebidos\/","title":{"rendered":"A mentira agradece pelos votos recebidos"},"content":{"rendered":"<p>Desde 1960 \u00bb<\/p>\n<p>jornalista_aricunha@outlook.com<\/p>\n<p>MAMFIL com Circe Cunha<\/p>\n<p>Depois da Opera\u00e7\u00e3o Dr\u00e1con, que desbaratou verdadeiro formigueiro de sa\u00favas do dinheiro p\u00fablico instalados na Mesa diretora da C\u00e2mara Legislativa, chega agora a vez da Opera\u00e7\u00e3o Hemera (deusa da mentira na mitologia grega), que tem como alvos a dubl\u00ea de deputada e pastora da igreja Minist\u00e9rio da F\u00e9, Sandra Faraj, seu irm\u00e3o Fadi Faraj, tamb\u00e9m pastor, esp\u00e9cie de papa daquela institui\u00e7\u00e3o. H\u00e1 muito se sabe que misturar religi\u00e3o e pol\u00edtica vai n\u00e3o s\u00f3 contra o preceito original que manda dar a Deus e a C\u00e9sar o que pertence distintamente a cada um, mas na contram\u00e3o do bom senso e da pr\u00e1xis da pr\u00f3pria pol\u00edtica.A sequ\u00eancia de casos mal explicados envolvendo l\u00edderes religiosos com cargos eletivos s\u00f3 n\u00e3o \u00e9 maior do que a cren\u00e7a cega de fi\u00e9is e de eleitores que acreditam neles para a reden\u00e7\u00e3o de suas vidas. Sandra e o irm\u00e3o s\u00e3o acusados pela pol\u00edcia e pelo MP de crimes de corrup\u00e7\u00e3o, falsidade ideol\u00f3gica, uso de documentos falsos, amea\u00e7as e constrangimento de testemunhas, todos crimes muito comuns e j\u00e1 tornados t\u00edpicos entre deputados da f\u00e9 e pastores legislativos.Segundo as autoridades, caso esses crimes sejam confirmados, poder\u00e3o render at\u00e9 20 anos para essa dupla de espertalh\u00f5es. A prolifera\u00e7\u00e3o acelerada de seitas religiosas, de partidos pol\u00edticos, de sindicatos e de ONGs nos \u00faltimos anos e a interpenetra\u00e7\u00e3o deles na vida dos cidad\u00e3os comprova que ainda estamos anos-luz de atingir um grau de maturidade democr\u00e1tica ideal.<\/p>\n<p>A frase que foi pronunciada<br \/>\n\u201cParar o Brasil \u00e9 f\u00e1cil! At\u00e9 agora ningu\u00e9m conseguiu faz\u00ea-lo andar!\u201d<br \/>\nLea Pia Justi, pedagoga paranaense<\/p>\n<p>Enquadrar<br \/>\n\u00bb Alexandre Fortes, profissional da imagem, faz uma observa\u00e7\u00e3o sobre os ind\u00edgenas que merece registro: imagine como deve ser exigir demarca\u00e7\u00e3o de terra para um povo que nunca precisou de fronteiras.<\/p>\n<p>Marco<br \/>\n\u00bb Desburocratizar o governo pode virar realidade com a cria\u00e7\u00e3o do Selo de Desburocratiza\u00e7\u00e3o e Simplifica\u00e7\u00e3o. A ideia est\u00e1 no projeto de lei do Senado, j\u00e1 aprovado na Comiss\u00e3o de Educa\u00e7\u00e3o. A articula\u00e7\u00e3o para a aprova\u00e7\u00e3o dessa medida est\u00e1 sendo feita pelos senadores Antonio Anastasia, Ana Am\u00e9lia, Ronaldo Caiado e a presidente da Comiss\u00e3o, senadora L\u00facia V\u00e2nia.<\/p>\n<p>Hist\u00f3ria<br \/>\n\u00bb Parece que a senadora Gleisi Hoffmann n\u00e3o acompanhou o hist\u00f3rico dos pol\u00edticos que usaram cocar na tribuna. Juarez T\u00e1vora, que disputou a Presid\u00eancia em 1955, posou com um cocar ao visitar Goi\u00e1s e perdeu a elei\u00e7\u00e3o para Juscelino Kubitschek. M\u00e1rio Andreazza recebeu um cocar do cacique Crumari, perdeu a conven\u00e7\u00e3o do PDS. Em 1984, Tancredo Neves pousou de cocar. Ganhou a elei\u00e7\u00e3o, mas morreu sem assumir o mandato. Ulysses Guimar\u00e3es, Lula e Dilma tamb\u00e9m usaram. Na \u00faltima quarta-feira, foi a vez da senadora Gleisi.<\/p>\n<p>E mais<br \/>\n\u00bb A explica\u00e7\u00e3o \u00e9 \u00fanica. Se o p\u00e1ssaro morreu para que suas penas servissem de enfeite ao homem branco, o descendente dos europeus se arrependeria de ter se enfeitado \u00e0s custas do sacrif\u00edcio.<\/p>\n<p>Identidade<br \/>\n\u00bb A Medida Provis\u00f3ria 776, que acabou de ser editada, trata do registro p\u00fablico obrigat\u00f3rio, desde o nascimento. Todos os dados das testemunhas devem constar na certid\u00e3o de nascimento quando n\u00e3o houver assist\u00eancia m\u00e9dica para o parto. Nascida, a crian\u00e7a receber\u00e1 um n\u00famero que a identificar\u00e1 para o resto da vida. Assinada por Michel Temer e Osmar Serraglio, a medida passou a vigorar a partir de 26 de abril.<\/p>\n<p>Boa iniciativa<br \/>\n\u00bb Se existe um projeto que angaria a simpatia do povo, \u00e9 o que implementou os restaurantes comunit\u00e1rios. A comida \u00e9 farta, com pre\u00e7o justo e muito apreciada. Em algumas RAs mais de mil refei\u00e7\u00f5es s\u00e3o servidas diariamente. Em tempos de crise, alimentar a popula\u00e7\u00e3o, dando-lhe dignidade, \u00e9 o melhor que o governo deve fazer. Gutemberg Gomes, secret\u00e1rio do Trabalho, Desenvolvimento Social, Mulheres, Igualdade Racial e Direitos Humanos, est\u00e1 revigorando os restaurantes.<\/p>\n<p>Lei ao l\u00e9u<br \/>\n\u00bb C\u00e2mara dos Deputados envia ao Senado projeto que aumenta de 7 para 11 anos a idade permitida para crian\u00e7as serem transportadas por moto. \u00d3bvio que a lei s\u00f3 servir\u00e1 para os grandes centros. A moto, que substituiu o jegue em todo o interior do pa\u00eds, leva at\u00e9 rec\u00e9m-nascido ao posto de sa\u00fade. Isso quando n\u00e3o v\u00e3o os 4 da fam\u00edlia na mesma moto. Detalhe: ningu\u00e9m usa capacete.<\/p>\n<p>Hist\u00f3ria de Bras\u00edlia<br \/>\nEstavam quase paralisadas as obras, por falta de dinheiro, e, da noite para o dia, apareceu o dinheiro, e as obras est\u00e3o em ritmo bastante acelerado. Nenhum funcion\u00e1rio informa com precis\u00e3o o que est\u00e1 acontecendo, dando a ideia de que tudo est\u00e1 sendo feito \u00e0s escondidas, o que n\u00e3o \u00e9 normal. (Publicado em 27\/9\/1961)<\/p>\n","protected":false},"excerpt":{"rendered":"<p>Desde 1960 \u00bb jornalista_aricunha@outlook.com MAMFIL com Circe Cunha Depois da Opera\u00e7\u00e3o Dr\u00e1con, que desbaratou verdadeiro formigueiro de sa\u00favas do dinheiro p\u00fablico instalados na Mesa diretora da C\u00e2mara Legislativa, chega agora a vez da Opera\u00e7\u00e3o Hemera (deusa da mentira na mitologia grega), que tem como alvos a dubl\u00ea de deputada e pastora da igreja Minist\u00e9rio da F\u00e9, Sandra Faraj, seu irm\u00e3o [&hellip;]<\/p>\n","protected":false},"author":34,"featured_media":0,"comment_status":"open","ping_status":"closed","sticky":false,"template":"","format":"standard","meta":{"footnotes":""},"categories":[23],"tags":[],"class_list":["post-8714","post","type-post","status-publish","format-standard","hentry","category-integra"],"_links":{"self":[{"href":"https:\/\/blogs.correiobraziliense.com.br\/aricunha\/wp-json\/wp\/v2\/posts\/8714","targetHints":{"allow":["GET"]}}],"collection":[{"href":"https:\/\/blogs.correiobraziliense.com.br\/aricunha\/wp-json\/wp\/v2\/posts"}],"about":[{"href":"https:\/\/blogs.correiobraziliense.com.br\/aricunha\/wp-json\/wp\/v2\/types\/post"}],"author":[{"embeddable":true,"href":"https:\/\/blogs.correiobraziliense.com.br\/aricunha\/wp-json\/wp\/v2\/users\/34"}],"replies":[{"embeddable":true,"href":"https:\/\/blogs.correiobraziliense.com.br\/aricunha\/wp-json\/wp\/v2\/comments?post=8714"}],"version-history":[{"count":1,"href":"https:\/\/blogs.correiobraziliense.com.br\/aricunha\/wp-json\/wp\/v2\/posts\/8714\/revisions"}],"predecessor-version":[{"id":8715,"href":"https:\/\/blogs.correiobraziliense.com.br\/aricunha\/wp-json\/wp\/v2\/posts\/8714\/revisions\/8715"}],"wp:attachment":[{"href":"https:\/\/blogs.correiobraziliense.com.br\/aricunha\/wp-json\/wp\/v2\/media?parent=8714"}],"wp:term":[{"taxonomy":"category","embeddable":true,"href":"https:\/\/blogs.correiobraziliense.com.br\/aricunha\/wp-json\/wp\/v2\/categories?post=8714"},{"taxonomy":"post_tag","embeddable":true,"href":"https:\/\/blogs.correiobraziliense.com.br\/aricunha\/wp-json\/wp\/v2\/tags?post=8714"}],"curies":[{"name":"wp","href":"https:\/\/api.w.org\/{rel}","templated":true}]}}