{"id":8710,"date":"2017-04-28T01:21:44","date_gmt":"2017-04-28T04:21:44","guid":{"rendered":"https:\/\/blogs.correiobraziliense.com.br\/aricunha\/?p=8710"},"modified":"2017-05-02T11:22:56","modified_gmt":"2017-05-02T14:22:56","slug":"lorotas-lulistas","status":"publish","type":"post","link":"https:\/\/blogs.correiobraziliense.com.br\/aricunha\/lorotas-lulistas\/","title":{"rendered":"Lorotas lulistas"},"content":{"rendered":"<p>Desde 1960 \u00bb<\/p>\n<p>jornalista_aricunha@outlook.com<\/p>\n<p>MAMFIL com Circe Cunha<\/p>\n<p>Em tempo de confiss\u00f5es inconfess\u00e1veis, a estrat\u00e9gia mais eficaz, que tem sido adotada por todos os arrolados nas den\u00fancias de crimes, \u00e9 a de acusar outras pessoas ao redor, criando, al\u00e9m de uma confus\u00e3o generalizada, a falsa ideia de que todos s\u00e3o igualmente culpados e, portanto, pass\u00edveis de indulg\u00eancia. A ideia central \u00e9 fazer crer que, naturalmente, se formou, entre os poderes Legislativo e Executivo, uma esp\u00e9cie de Torre de Babel, onde ningu\u00e9m mais se entendia e cada um acabou por induzir o outro ao erro, levando todos a cometerem falhas e deslizes prim\u00e1rios.Empres\u00e1rios foram seduzidos por pol\u00edticos, que, por sua vez, foram seduzidos por empres\u00e1rios, num desarranjo que acabou, acidentalmente, por drenar bilh\u00f5es de reais dos cofres p\u00fablicos, depois, displicentemente, distribu\u00eddos entre eles e branqueados pelos tribunais eleitorais. De dedos em riste, miram todos uns aos outros e, n\u00e3o raro, at\u00e9 ao juiz.A aprova\u00e7\u00e3o, pelos pol\u00edticos enrolados, da Lei de Abuso de Autoridade \u00e9, de longe e at\u00e9 agora, a mais cristalina confiss\u00e3o dos crimes cometidos. Antigamente, era costume dizer que quem tem que se explicar est\u00e1 errado na sa\u00edda. Dessa forma, quem tem muito que explicar muito implicado est\u00e1. Lula fez seu pronunciamento, em forma de entrevista ao SBT, para explicar o inexplic\u00e1vel.<\/p>\n<p>Chega a ser dolorido ter que assistir a um ex-presidente, a quem milh\u00f5es confiaram cegamente e a quem o destino entregou a gigantesca miss\u00e3o de redimir o pa\u00eds, ter que esclarecer que n\u00e3o \u00e9 dono do tr\u00edplex nem do s\u00edtio que mandou as empreiteiras reformarem, a peso de ouro, para si e sua fam\u00edlia. Para n\u00e3o fugir \u00e0 t\u00e1tica comum a todos, acusou o Minist\u00e9rio P\u00fablico de ter mentido. \u201cSe eles mentiram e n\u00e3o t\u00eam como sair da mentira, o problema \u00e9 deles, e n\u00e3o meu\u201d, afirmou Lula.Pelo que se conhece, essa \u00e9 primeira vez na hist\u00f3ria republicana que um presidente tem que vir a p\u00fablico para dar explica\u00e7\u00f5es constrangedoras sobre sua conduta \u00e9tica. Para quem conhece o ex-presidente de perto, esse \u00e9 apenas o desdobramento natural de um comportamento persistente desde os tempos de sindicalista. \u201cLula, dizem, sempre levou vantagem em tudo, at\u00e9 nas pequenas negocia\u00e7\u00f5es feitas entre patr\u00f5es e empregados no ABC.\u201dEsperto como sempre, Lula usou o alcance da emissora de S\u00edlvio Santos para, no melhor estilo palanqueiro, refor\u00e7ar a tese de que as acusa\u00e7\u00f5es do Minist\u00e9rio P\u00fablico fazem parte de um grande compl\u00f4 para tir\u00e1-lo da disputa em 2018. \u201cEu vou ter condi\u00e7\u00f5es jur\u00eddicas de ser candidato, porque n\u00e3o h\u00e1 nenhuma raz\u00e3o jur\u00eddica para evitar que eu seja candidato.\u201d A\u00ed seria melhor eles terem coragem de dizer o seguinte: \u201cOlha, vamos dar o segundo golpe nesse pa\u00eds e n\u00e3o haver\u00e1 elei\u00e7\u00f5es em 2018\u201d, afirmou o prestidigitador pol\u00edtico de Garanhuns.<\/p>\n<p>A frase que foi pronunciada<\/p>\n<p>\u201cAqui se paga, aqui se faz!\u201d<\/p>\n<p>Conversa entre pol\u00edtico e empreiteiro<\/p>\n<p>Instigante<br \/>\nQuem estava perto dos \u00edndios no Congresso viu cenas pitorescas. Barbados de punho fechado defendendo os silv\u00edcolas e \u00edndios com celular assistindo tudo de uma Hylux. H\u00e1 muitas entrelinhas nessas cenas.<\/p>\n<p>Aprova j\u00e1!<br \/>\nUm projeto que o governador e a popula\u00e7\u00e3o de Bras\u00edlia aguarda ser votado trata da defini\u00e7\u00e3o de crit\u00e9rios de medi\u00e7\u00e3o do desempenho funcional do servidor p\u00fablico. O que se pretende \u00e9 estabelecer regras claras para atender o que a Lei Org\u00e2nica determina e estimular o melhor desempenho do servi\u00e7o p\u00fablico e, consequentemente, a melhoria da qualidade do atendimento prestado \u00e0 popula\u00e7\u00e3o. Pergunta que n\u00e3o quer calar: O servi\u00e7o p\u00fablico \u00e9 composto por agente p\u00fablico e servidor, certo?<\/p>\n<p>Bravo!<br \/>\nNossa Luisa Francesconi continua brilhando. Dessa vez, na Argentina. \u201cInciranazione di Poppea\u201d, no Teatro Coliseo. Sucesso de sempre.<\/p>\n<p>Arrepios<br \/>\nPor falar em m\u00fasica, um estudo da Universidade de Harvard examina o c\u00e9rebro de pessoas que se arrepiam com m\u00fasica. S\u00f3 a metade da popula\u00e7\u00e3o tem essa capacidade. O trabalho cient\u00edfico de Matthew Sachs foi publicado em entrevista no The Guardian dada ao rep\u00f3rter Ian Sample.<\/p>\n<p>Hist\u00f3ria de Bras\u00edlia<br \/>\nO ministro Gabriel Passos precisa ser esclarecido quanto ao que est\u00e1 acontecendo no seu minist\u00e9rio. A mudan\u00e7a para a Asa Norte do Minist\u00e9rio das Minas e Energia n\u00e3o deve se realizar, porque seria o desvirtuamento do Plano Piloto.(Publicado em 27\/09\/1961)<\/p>\n","protected":false},"excerpt":{"rendered":"<p>Desde 1960 \u00bb jornalista_aricunha@outlook.com MAMFIL com Circe Cunha Em tempo de confiss\u00f5es inconfess\u00e1veis, a estrat\u00e9gia mais eficaz, que tem sido adotada por todos os arrolados nas den\u00fancias de crimes, \u00e9 a de acusar outras pessoas ao redor, criando, al\u00e9m de uma confus\u00e3o generalizada, a falsa ideia de que todos s\u00e3o igualmente culpados e, portanto, pass\u00edveis de indulg\u00eancia. A ideia central [&hellip;]<\/p>\n","protected":false},"author":34,"featured_media":0,"comment_status":"open","ping_status":"closed","sticky":false,"template":"","format":"standard","meta":{"footnotes":""},"categories":[23],"tags":[32],"class_list":["post-8710","post","type-post","status-publish","format-standard","hentry","category-integra","tag-politica-brasil-brasilia-mamfil-ari-cunha-circe-cunha"],"_links":{"self":[{"href":"https:\/\/blogs.correiobraziliense.com.br\/aricunha\/wp-json\/wp\/v2\/posts\/8710","targetHints":{"allow":["GET"]}}],"collection":[{"href":"https:\/\/blogs.correiobraziliense.com.br\/aricunha\/wp-json\/wp\/v2\/posts"}],"about":[{"href":"https:\/\/blogs.correiobraziliense.com.br\/aricunha\/wp-json\/wp\/v2\/types\/post"}],"author":[{"embeddable":true,"href":"https:\/\/blogs.correiobraziliense.com.br\/aricunha\/wp-json\/wp\/v2\/users\/34"}],"replies":[{"embeddable":true,"href":"https:\/\/blogs.correiobraziliense.com.br\/aricunha\/wp-json\/wp\/v2\/comments?post=8710"}],"version-history":[{"count":1,"href":"https:\/\/blogs.correiobraziliense.com.br\/aricunha\/wp-json\/wp\/v2\/posts\/8710\/revisions"}],"predecessor-version":[{"id":8711,"href":"https:\/\/blogs.correiobraziliense.com.br\/aricunha\/wp-json\/wp\/v2\/posts\/8710\/revisions\/8711"}],"wp:attachment":[{"href":"https:\/\/blogs.correiobraziliense.com.br\/aricunha\/wp-json\/wp\/v2\/media?parent=8710"}],"wp:term":[{"taxonomy":"category","embeddable":true,"href":"https:\/\/blogs.correiobraziliense.com.br\/aricunha\/wp-json\/wp\/v2\/categories?post=8710"},{"taxonomy":"post_tag","embeddable":true,"href":"https:\/\/blogs.correiobraziliense.com.br\/aricunha\/wp-json\/wp\/v2\/tags?post=8710"}],"curies":[{"name":"wp","href":"https:\/\/api.w.org\/{rel}","templated":true}]}}