{"id":8708,"date":"2017-04-27T02:24:42","date_gmt":"2017-04-27T05:24:42","guid":{"rendered":"https:\/\/blogs.correiobraziliense.com.br\/aricunha\/?p=8708"},"modified":"2017-04-27T10:25:59","modified_gmt":"2017-04-27T13:25:59","slug":"grevismo-e-lulismo","status":"publish","type":"post","link":"https:\/\/blogs.correiobraziliense.com.br\/aricunha\/grevismo-e-lulismo\/","title":{"rendered":"Grevismo e lulismo"},"content":{"rendered":"<p>Desde 1960 \u00bb<\/p>\n<p>jornalista_aricunha@outlook.com<\/p>\n<p>MAMFIL com Circe Cunha<\/p>\n<p>Nesta altura dos acontecimentos, depois de anos de uma sequ\u00eancia quase ininterrupta de manifesta\u00e7\u00f5es, paralisa\u00e7\u00f5es e greves de toda ordem, grande parte da popula\u00e7\u00e3o come\u00e7a a encarar com mais prud\u00eancia e desconfian\u00e7a a repeti\u00e7\u00e3o dessas estrat\u00e9gias de protesto que, ao fim ao cabo, tem servido, desde sempre, para atender aos interesses pol\u00edticos de restritos grupos sindicais e seus partidos matrizes. Sob o argumento de protestar contra as reformas previdenci\u00e1ria e trabalhista em andamento no Congresso, algumas centrais sindicais, tendo a Central \u00danica dos Trabalhadores (CUT) \u00e0 frente e com o apoio de entidades como a Uni\u00e3o Nacional dos Estudantes (UNE), o Movimento dos Trabalhadores sem Teto (MTST) e outras organiza\u00e7\u00f5es de trabalhadores prometem paralisar o pa\u00eds amanh\u00e3.<br \/>\nObviamente que o mote da greve geral esconde a verdadeira inten\u00e7\u00e3o desses organismos \u2014 a defesa do ex-presidente Lula, convocado a seguir para depor diante do juiz S\u00e9rgio Moro, em Curitiba. Trata-se da materializa\u00e7\u00e3o do ex\u00e9rcito Brancaleone prometida publicamente por seus pr\u00f3ceres em diversas ocasi\u00f5es. A falta flagrante de combatentes dispostos a defender Lula de peito aberto ser\u00e1 contornada com a convoca\u00e7\u00e3o de trabalhadores usados agora como massa de manobra para dar a falsa impress\u00e3o de que o ex-presidente ainda conta com grande apoio popular.<br \/>\nO que os organizadores esperam de fato \u00e9 atrair grande p\u00fablico para criticar e at\u00e9 mesmo amea\u00e7ar qualquer tentativa da Justi\u00e7a de enquadrar Lula e sua turma. Os protestos contra as reformas, consideradas ainda mais amenas do que de fato seriam necess\u00e1rias para tirar o pa\u00eds do atraso nas rela\u00e7\u00f5es trabalhistas e de uma eminente fal\u00eancia do sistema previdenci\u00e1rio, ficar\u00e3o, claro, como pano de fundo.A pista para chegar \u00e0 conclus\u00e3o de que a greve tem um objetivo espec\u00edfico de apoio ao ex-presidente vem sendo dada h\u00e1 alguns dias pelos pr\u00f3prios meios de comunica\u00e7\u00e3o das esquerdas radicais que, em diversas publica\u00e7\u00f5es que circulam pelas metr\u00f3poles brasileiras, t\u00eam afirmado, sem subterf\u00fagios, que a inten\u00e7\u00e3o \u00e9 tentar impedir a pris\u00e3o de Lula, dada como certa por muitos juristas.Os discursos que naturalmente se seguir\u00e3o diante das maiores concentra\u00e7\u00f5es de p\u00fablico poder\u00e3o refor\u00e7ar a tese de que se trata de fato de protesto organizado pelos que s\u00e3o contra as mudan\u00e7as que o Brasil requer e precisam ser iniciadas j\u00e1, pela extirpa\u00e7\u00e3o total e apartid\u00e1ria da corrup\u00e7\u00e3o, que nos mant\u00e9m eternamente acorrentados ao passado.<\/p>\n<p>A frase que n\u00e3o foi pronunciada<\/p>\n<p>\u201cH\u00e1 algo n\u00e3o podre o Reino do Brasil?\u201d<\/p>\n<p>Waldimir Marreta, na Internet<\/p>\n<p>E a\u00ed?<br \/>\n\u00bb Por enquanto, n\u00e3o h\u00e1 mostras de que o sacrif\u00edcio imposto \u00e0 popula\u00e7\u00e3o do DF no que se refere ao racionamento de \u00e1gua tenha dado resultados. Agora \u00e9 esperar o aumento da conta.<\/p>\n<p>Triste<br \/>\n\u00bb Morre o jornalista, professor e advogado Carlos Chagas, aos 79 anos. Nosso amigo e colega. Nossa profiss\u00e3o perde.<\/p>\n<p>Caixinha<br \/>\n\u00bb Por falar em conta d\u00b4\u00e1gua, todos concordamos que a Caesb realmente tem como miss\u00e3o, neste momento, economizar a \u00e1gua que ela n\u00e3o soube administrar. Se \u00e9 esse mesmo o caso, qual a raz\u00e3o de condenar o aparelho que retira o ar do encanamento?<\/p>\n<p>Vale a pena<br \/>\n\u00bb Portas abertas do teatro Sesc Silvio Barbato no Setor Comercial Sul. O Clube da Bossa Nova e o Sesc convidam Bras\u00edlia para o dia 29, neste s\u00e1bado, \u00e0s 11h30. O hor\u00e1rio \u00e9 um diferencial para quem n\u00e3o gosta de sair \u00e0 noite. S\u00f3 m\u00fasica boa.<\/p>\n<p>Hist\u00f3ria de Bras\u00edlia<\/p>\n<p>Vejam que minha vizinha a\u00ed do lado n\u00e3o quer mais a rosa mais linda. Agora, \u00e9 uma reivindica\u00e7\u00e3o de todos n\u00f3s.(Publicada em 26.9.1961)<\/p>\n","protected":false},"excerpt":{"rendered":"<p>Desde 1960 \u00bb jornalista_aricunha@outlook.com MAMFIL com Circe Cunha Nesta altura dos acontecimentos, depois de anos de uma sequ\u00eancia quase ininterrupta de manifesta\u00e7\u00f5es, paralisa\u00e7\u00f5es e greves de toda ordem, grande parte da popula\u00e7\u00e3o come\u00e7a a encarar com mais prud\u00eancia e desconfian\u00e7a a repeti\u00e7\u00e3o dessas estrat\u00e9gias de protesto que, ao fim ao cabo, tem servido, desde sempre, para atender aos interesses pol\u00edticos [&hellip;]<\/p>\n","protected":false},"author":34,"featured_media":0,"comment_status":"closed","ping_status":"closed","sticky":false,"template":"","format":"standard","meta":{"footnotes":""},"categories":[23],"tags":[34],"class_list":["post-8708","post","type-post","status-publish","format-standard","hentry","category-integra","tag-politica-brasil-brasilia-ari-cunha-mamfil-circecunha"],"_links":{"self":[{"href":"https:\/\/blogs.correiobraziliense.com.br\/aricunha\/wp-json\/wp\/v2\/posts\/8708","targetHints":{"allow":["GET"]}}],"collection":[{"href":"https:\/\/blogs.correiobraziliense.com.br\/aricunha\/wp-json\/wp\/v2\/posts"}],"about":[{"href":"https:\/\/blogs.correiobraziliense.com.br\/aricunha\/wp-json\/wp\/v2\/types\/post"}],"author":[{"embeddable":true,"href":"https:\/\/blogs.correiobraziliense.com.br\/aricunha\/wp-json\/wp\/v2\/users\/34"}],"replies":[{"embeddable":true,"href":"https:\/\/blogs.correiobraziliense.com.br\/aricunha\/wp-json\/wp\/v2\/comments?post=8708"}],"version-history":[{"count":1,"href":"https:\/\/blogs.correiobraziliense.com.br\/aricunha\/wp-json\/wp\/v2\/posts\/8708\/revisions"}],"predecessor-version":[{"id":8709,"href":"https:\/\/blogs.correiobraziliense.com.br\/aricunha\/wp-json\/wp\/v2\/posts\/8708\/revisions\/8709"}],"wp:attachment":[{"href":"https:\/\/blogs.correiobraziliense.com.br\/aricunha\/wp-json\/wp\/v2\/media?parent=8708"}],"wp:term":[{"taxonomy":"category","embeddable":true,"href":"https:\/\/blogs.correiobraziliense.com.br\/aricunha\/wp-json\/wp\/v2\/categories?post=8708"},{"taxonomy":"post_tag","embeddable":true,"href":"https:\/\/blogs.correiobraziliense.com.br\/aricunha\/wp-json\/wp\/v2\/tags?post=8708"}],"curies":[{"name":"wp","href":"https:\/\/api.w.org\/{rel}","templated":true}]}}