{"id":8706,"date":"2017-04-26T01:22:42","date_gmt":"2017-04-26T04:22:42","guid":{"rendered":"https:\/\/blogs.correiobraziliense.com.br\/aricunha\/?p=8706"},"modified":"2017-04-27T10:23:49","modified_gmt":"2017-04-27T13:23:49","slug":"o-mar-reflete-o-ceu","status":"publish","type":"post","link":"https:\/\/blogs.correiobraziliense.com.br\/aricunha\/o-mar-reflete-o-ceu\/","title":{"rendered":"O mar reflete o c\u00e9u"},"content":{"rendered":"<p>Desde 1960 \u00bb<\/p>\n<p>jornalista_aricunha@outlook.com<\/p>\n<p>MAMFIL com Circe Cunha<\/p>\n<p>Fica cada vez mais dif\u00edcil distinguir o comportamento e o desempenho criminoso dos indiv\u00edduos que ocupam os estamentos situados nos extremos verticais da pir\u00e2mide social. O que est\u00e1 em cima repete o que est\u00e1 em baixo e vice-versa. A diferen\u00e7a \u00e9, sobretudo, quanto ao volume do que \u00e9 surrupiado, os m\u00e9todos usados nos assaltos e as puni\u00e7\u00f5es que cabem a cada um. H\u00e1 muito se sabe que os extremos se tocam em muitos pontos e, em nosso caso, tem andado de m\u00e3os dadas, tamanha \u00e9 a onda de criminalidade que vem tomando conta do pa\u00eds. Rouba-se de cima a baixo das mesmas v\u00edtimas de sempre. Assaltado por todos os lados, o cidad\u00e3o de bem n\u00e3o encontra para onde recorrer. Em muitos casos, para quem pode, a sa\u00edda \u00e9 o aeroporto, com passagem s\u00f3 de ida.<\/p>\n<p>A maior prova de que est\u00e1 definitivamente estabelecida a confus\u00e3o nesta Babel Brasil pode ser comprovada na leitura dos jornais di\u00e1rios e na observa\u00e7\u00e3o das fotos estampadas que ilustram cada assunto. Ao lado de pol\u00edticos e empres\u00e1rios renomados, apanhados com as m\u00e3os e os p\u00e9s nas propinas gordas, o que se v\u00ea, no mesmo formato e cores, s\u00e3o chefes de organiza\u00e7\u00f5es criminosas de todo o tipo, com o sorriso c\u00famplice e sinistro no canto da boca.<\/p>\n<p>Em alguns jornais, a confus\u00e3o de personagens \u00e9 de tal ordem que chega a parecer uma situa\u00e7\u00e3o surreal. Nesses tempos sombrios, peri\u00f3dicos de grande visibilidade nacional estampam, na mesma edi\u00e7\u00e3o, fotos mostrando o ex-governador S\u00e9rgio Cabral e seu fiel escudeiro Eike Batista, com a legenda afirmando que a Justi\u00e7a do Rio de Janeiro pretende leiloar bens da dupla avaliados em R$ 1 bilh\u00e3o para ressarcir os contribuintes e o estado \u00e0 beira da fal\u00eancia completa.<\/p>\n<p>Alguns cent\u00edmetros ao lado, aparecem, nos jornais comuns, crimes, na maioria das vezes, impunes. Baralhadas as imagens e os assuntos, o que se obt\u00e9m s\u00e3o indiv\u00edduos do mesmo calibre \u00e9tico e moral, para quem as oportunidades e a impunidade favoreceram seus neg\u00f3cios e seus futuros. Nesses dias de revela\u00e7\u00f5es, o onipresente Marcelo Odebrecht ocupa as manchetes ao lado de Marcola, chef\u00e3o do PCC. Curioso como at\u00e9 fisicamente os dois se parecem. Seriam irm\u00e3o siameses separados ao nascer?<\/p>\n<p>Num senso de oportunismo afinado com nosso tempo, o chef\u00e3o do PCC mandou imprimir um estatuto contendo um c\u00f3digo de direito da organiza\u00e7\u00e3o e uma cartilha, para ser lida e seguida por toda comunidade criminosa que vive \u00e0s expensas da gangue. Ao fim e ao cabo, trata-se de um c\u00f3digo de \u00e9tica semelhante \u00e0queles que os empres\u00e1rios s\u00e3o obrigados a seguir. A diferen\u00e7a \u00e9 que as empresas do submundo n\u00e3o gostam de negociar com os pol\u00edticos, para n\u00e3o ficarem em desvantagem. S\u00e3o, assim, os dois lados de um mesmo Brasil, que tem na popula\u00e7\u00e3o encurralada, sua v\u00edtima predileta.<\/p>\n<p>A frase que foi pronunciada<br \/>\n\u201c&#8230;os ladr\u00f5es que mais pr\u00f3pria e dignamente merecem este t\u00edtulo s\u00e3o aqueles a quem os reis encomendam os ex\u00e9rcitos e legi\u00f5es, ou o governo das prov\u00edncias, ou a administra\u00e7\u00e3o das cidades, os quais j\u00e1 com manha, j\u00e1 com for\u00e7a, roubam e despojam os povos. \u2014 Os outros ladr\u00f5es roubam um homem: estes roubam cidades e reinos; os outros furtam debaixo do seu risco: esses sem temor, nem perigo; os outros, se furtam, s\u00e3o enforcados: estes furtam e enforcam.\u201d<\/p>\n<p>Padre Ant\u00f4nio Vieira, in Serm\u00e3o do Bom Ladr\u00e3o, 1655<\/p>\n<p>Carta<br \/>\n\u00bb Primeiro, Requi\u00e3o investiu em uma campanha avassaladora contra o Orestes Qu\u00e9rcia. Tempos depois, um encontro entre os dois mudou tudo. Viraram melhores amigos. Quem lembra? Pergunta o leitor.<\/p>\n<p>De olho<br \/>\n\u00bb Raquel Elias Dodge, subprocuradora-geral da Rep\u00fablica, sugere a mudan\u00e7a da equipe de Janot. Estranhas iniciativas, estranhas atitudes.<\/p>\n<p>Fogo<br \/>\n\u00bb Novamente, entre o Cresspon e o Minas Bras\u00edlia T\u00eanis Clube, uma queimada misteriosa incomoda quem fica perto da \u00e1rea.<\/p>\n<p>Zero fiscaliza\u00e7\u00e3o<br \/>\n\u00bb R\u00e1dios Comunit\u00e1rias do DF, que deveriam ser sem fins lucrativos, t\u00eam mostrado ganhos pela publicidade que vai ao ar. Estranho.<\/p>\n<p>Imperd\u00edvel<br \/>\n\u00bb A morte inventada \u00e9 filme que trata da aliena\u00e7\u00e3o parental. Crian\u00e7as que percebem a mentira nos pais e passam a ter a espontaneidade afetiva comprometida tendo, a partir da\u00ed, dificuldades para estabelecer v\u00ednculos com outras pessoas.<\/p>\n<p>Hist\u00f3ria de Bras\u00edlia<br \/>\nLogo mais na TV Bras\u00edlia, \u00e0s 21h30, comentaremos o absurdo que est\u00e1 planejando o Minist\u00e9rio das Minas e Energia, querendo se mudar da Esplanada dos Minist\u00e9rios para um pr\u00e9dio da Asa Norte, que seria comprado por 600 milh\u00f5es, e n\u00e3o h\u00e1 tanta seguran\u00e7a em sua estrutura como \u00e9 de se desejar. (Publicado em 26\/9\/1961)<\/p>\n","protected":false},"excerpt":{"rendered":"<p>Desde 1960 \u00bb jornalista_aricunha@outlook.com MAMFIL com Circe Cunha Fica cada vez mais dif\u00edcil distinguir o comportamento e o desempenho criminoso dos indiv\u00edduos que ocupam os estamentos situados nos extremos verticais da pir\u00e2mide social. O que est\u00e1 em cima repete o que est\u00e1 em baixo e vice-versa. A diferen\u00e7a \u00e9, sobretudo, quanto ao volume do que \u00e9 surrupiado, os m\u00e9todos usados [&hellip;]<\/p>\n","protected":false},"author":34,"featured_media":0,"comment_status":"closed","ping_status":"closed","sticky":false,"template":"","format":"standard","meta":{"footnotes":""},"categories":[23],"tags":[34],"class_list":["post-8706","post","type-post","status-publish","format-standard","hentry","category-integra","tag-politica-brasil-brasilia-ari-cunha-mamfil-circecunha"],"_links":{"self":[{"href":"https:\/\/blogs.correiobraziliense.com.br\/aricunha\/wp-json\/wp\/v2\/posts\/8706","targetHints":{"allow":["GET"]}}],"collection":[{"href":"https:\/\/blogs.correiobraziliense.com.br\/aricunha\/wp-json\/wp\/v2\/posts"}],"about":[{"href":"https:\/\/blogs.correiobraziliense.com.br\/aricunha\/wp-json\/wp\/v2\/types\/post"}],"author":[{"embeddable":true,"href":"https:\/\/blogs.correiobraziliense.com.br\/aricunha\/wp-json\/wp\/v2\/users\/34"}],"replies":[{"embeddable":true,"href":"https:\/\/blogs.correiobraziliense.com.br\/aricunha\/wp-json\/wp\/v2\/comments?post=8706"}],"version-history":[{"count":1,"href":"https:\/\/blogs.correiobraziliense.com.br\/aricunha\/wp-json\/wp\/v2\/posts\/8706\/revisions"}],"predecessor-version":[{"id":8707,"href":"https:\/\/blogs.correiobraziliense.com.br\/aricunha\/wp-json\/wp\/v2\/posts\/8706\/revisions\/8707"}],"wp:attachment":[{"href":"https:\/\/blogs.correiobraziliense.com.br\/aricunha\/wp-json\/wp\/v2\/media?parent=8706"}],"wp:term":[{"taxonomy":"category","embeddable":true,"href":"https:\/\/blogs.correiobraziliense.com.br\/aricunha\/wp-json\/wp\/v2\/categories?post=8706"},{"taxonomy":"post_tag","embeddable":true,"href":"https:\/\/blogs.correiobraziliense.com.br\/aricunha\/wp-json\/wp\/v2\/tags?post=8706"}],"curies":[{"name":"wp","href":"https:\/\/api.w.org\/{rel}","templated":true}]}}