{"id":8704,"date":"2017-04-25T00:20:56","date_gmt":"2017-04-25T03:20:56","guid":{"rendered":"https:\/\/blogs.correiobraziliense.com.br\/aricunha\/?p=8704"},"modified":"2017-04-27T10:22:11","modified_gmt":"2017-04-27T13:22:11","slug":"dinheiro-sem-lei","status":"publish","type":"post","link":"https:\/\/blogs.correiobraziliense.com.br\/aricunha\/dinheiro-sem-lei\/","title":{"rendered":"Dinheiro sem lei"},"content":{"rendered":"<p>Desde 1960 \u00bb<\/p>\n<p>jornalista_aricunha@outlook.com<\/p>\n<p>MAMFIL com Circe Cunha<\/p>\n<p>Passadas mais de duas d\u00e9cadas da emancipa\u00e7\u00e3o pol\u00edtica da capital, a popula\u00e7\u00e3o do Distrito Federal teve tempo, mais do que suficiente, para aferir os resultados do modelo. Mais do que sentir os efeitos morais nas manchetes di\u00e1rias que estampam esc\u00e2ndalos seguidos, a popula\u00e7\u00e3o pode constatar, no pr\u00f3prio bolso, a repercuss\u00e3o do sistema de gest\u00e3o que amarrou pol\u00edticos de variados matizes ideol\u00f3gicos ao dinheiro do contribuinte.A superestrutura que foi criada para acomodar os novos ocupantes eleitos nos poderes Legislativo e Executivo, antes mesmo de apresentar qualquer avan\u00e7o significativo na melhora de vida da popula\u00e7\u00e3o, provocou, isso sim, uma hemorragia de tal intensidade nos recursos p\u00fablicos que o DF vive hoje situa\u00e7\u00e3o falimentar, semelhante a outras unidades da Federa\u00e7\u00e3o. A situa\u00e7\u00e3o s\u00f3 n\u00e3o se tornou calamitosa ainda gra\u00e7as aos repasses dos fundos constitucionais que a Uni\u00e3o \u00e9 obrigada a fazer para cobrir a folha de pagamento da seguran\u00e7a, educa\u00e7\u00e3o e sa\u00fade.Mas com o encolhimento acentuado dos recursos do contribuinte brasileiro e o aumento das despesas locais, a situa\u00e7\u00e3o tende a piorar. Para esse ano, s\u00f3 para os gastos com a folha de pagamento da seguran\u00e7a p\u00fablica ser\u00e3o destinados 68% dos recursos do Fundo Constitucional, o que, obviamente, afetar\u00e1 as \u00e1reas de sa\u00fade e de educa\u00e7\u00e3o. A quest\u00e3o maior n\u00e3o \u00e9 com o dinheiro curto do or\u00e7amento diminu\u00eddo por raz\u00e3o da crise econ\u00f4mica. O problema maior continua sendo a m\u00e1 gest\u00e3o e os desvios do dinheiro do contribuinte.<\/p>\n<p>O direcionamento dos recursos p\u00fablicos para a constru\u00e7\u00e3o de verdadeiros elefantes brancos, como o Est\u00e1dio Man\u00e9 Garrincha e o Centro Administrativo (Buritinga), \u00e9 exemplo de desperd\u00edcio bilion\u00e1rio que, por d\u00e9cadas, afetar\u00e1, significativamente, as finan\u00e7as do Distrito Federal, seja para manuten\u00e7\u00e3o dessas car\u00edssimas obras, seja para a quita\u00e7\u00e3o desses monumentos \u00e0 gastan\u00e7a.  O Man\u00e9 Garrincha, de t\u00e3o absurdo e desnecess\u00e1rio seu custo estimado em quase R$ 2 bilh\u00f5es, ganhou longa reportagem, em hor\u00e1rio nobre nas redes de televis\u00e3o da Europa e at\u00e9 no mundo \u00e1rabe, em que assuntos do tipo, normalmente, s\u00e3o escondidos do p\u00fablico. O que essas obras t\u00eam em comum \u00e9 o fato de terem sido programadas e constru\u00eddas por uma associa\u00e7\u00e3o que uniu, de um lado, pol\u00edticos espertalh\u00f5es e, de outro, empres\u00e1rios desonestos e gananciosos.Todo o esquema bilion\u00e1rio contou com a participa\u00e7\u00e3o de empresas listadas na Opera\u00e7\u00e3o Lava-Jato e com o apoio de pol\u00edticos locais. O pior \u00e9 que essa montanha de dinheiro, que andou por todo lado, de bolso em bolso, n\u00e3o foi vista  pelo grosso da C\u00e2mara Legislativa, n\u00e3o foi detectada pelo Tribunal de Contas local. N\u00e3o foi olhado pelos \u00f3rg\u00e3os de fiscaliza\u00e7\u00e3o da Secretaria da Receita. N\u00e3o foi notada por ningu\u00e9m por um motivo \u00fanico: todos estavam , de algum modo, implicados nesaa sangria. J\u00e1, se fosse a d\u00edvi<\/p>\n<p>A frase que n\u00e3o foi pronunciada<\/p>\n<p>\u201cQuando \u00e9 que v\u00e3o desarquivar a PEC da Felicidade?\u201d<br \/>\nFrase solta ao vento<\/p>\n<p>Novacap<br \/>\n\u00bb J\u00falio Menegotto recebeu do governador Rodrigo Rollemberg a miss\u00e3o de repaginar o Guar\u00e1. Grama cortada, mato tirado,<br \/>\nmeio-fio pintado e por a\u00ed vai.<\/p>\n<p>Vigil\u00e2ncia<br \/>\n\u00bb Observem que os ovos comprados no supermercado estampam na caixa a sugest\u00e3o de armazenamento resfriado. Embora seja uma maneira mais segura de manter o produto fresco, os supermercados n\u00e3o gastam com refrigera\u00e7\u00e3o para os ovos.<\/p>\n<p>Pra voc\u00ea<br \/>\n\u00bb Por falar em supermercado, as donas de casa t\u00eam elogiado muito o supermercado Pra Voc\u00ea da Asa Norte. \u00c9 mais um concorrente ao caro P\u00e3o de A\u00e7\u00facar do Lago Norte.<\/p>\n<p>Tr\u00e2nsito<br \/>\n\u00bb Se as barreiras eletr\u00f4nicas s\u00e3o colocadas com o intuito de proteger os motoristas, a entrada e sa\u00edda do Trecho 9, no Setor de Mans\u00f5es do Lago Norte, \u00e9 um ponto fundamental e necess\u00e1rio para se instalar o aparelho. Os carros que saem do trecho perdem a no\u00e7\u00e3o da velocidade dos tresloucados que n\u00e3o se d\u00e3o conta do perigo da curva.<\/p>\n<p>Ironia<br \/>\n\u00bb Entre as maiores contradi\u00e7\u00f5es de nossa hist\u00f3ria, que um dia constar\u00e1 nos livros did\u00e1ticos, est\u00e1 a tentativa do Partido dos Trabalhadores em implantar o comunismo em toda a Am\u00e9rica Latina,  usando, para isso, os mais selvagens mecanismos do capitalismo representados por empresas como Oderbrecht e cong\u00eaneres. Obviamente, um tipo de comunismo restrito apenas as massas da base da pir\u00e2mide.<\/p>\n<p>Simpatia total<br \/>\n\u00bb Quem se superou no anivers\u00e1rio da cidade foi a Banca da Concei\u00e7\u00e3o. Atividades populares, todas com participa\u00e7\u00e3o maci\u00e7a.<\/p>\n<p>Hist\u00f3ria de Bras\u00edlia<\/p>\n<p>Os blocos 8 e 9 da Coreia n\u00e3o t\u00eam suas redes de esgoto e \u00e1guas pluviais ligadas a qualquer encanamento na rua. As \u00e1guas servidas dos apartamentos s\u00e3o conduzidas a fossas, j\u00e1 ultrapassadas de sua capacidade, e \u00e9 por isto que h\u00e1 lama podre \u00e0 entrada dos apartamentos. (Publicada em 26\/9\/1961)<\/p>\n","protected":false},"excerpt":{"rendered":"<p>Desde 1960 \u00bb jornalista_aricunha@outlook.com MAMFIL com Circe Cunha Passadas mais de duas d\u00e9cadas da emancipa\u00e7\u00e3o pol\u00edtica da capital, a popula\u00e7\u00e3o do Distrito Federal teve tempo, mais do que suficiente, para aferir os resultados do modelo. Mais do que sentir os efeitos morais nas manchetes di\u00e1rias que estampam esc\u00e2ndalos seguidos, a popula\u00e7\u00e3o pode constatar, no pr\u00f3prio bolso, a repercuss\u00e3o do sistema [&hellip;]<\/p>\n","protected":false},"author":34,"featured_media":0,"comment_status":"open","ping_status":"closed","sticky":false,"template":"","format":"standard","meta":{"footnotes":""},"categories":[23],"tags":[34],"class_list":["post-8704","post","type-post","status-publish","format-standard","hentry","category-integra","tag-politica-brasil-brasilia-ari-cunha-mamfil-circecunha"],"_links":{"self":[{"href":"https:\/\/blogs.correiobraziliense.com.br\/aricunha\/wp-json\/wp\/v2\/posts\/8704","targetHints":{"allow":["GET"]}}],"collection":[{"href":"https:\/\/blogs.correiobraziliense.com.br\/aricunha\/wp-json\/wp\/v2\/posts"}],"about":[{"href":"https:\/\/blogs.correiobraziliense.com.br\/aricunha\/wp-json\/wp\/v2\/types\/post"}],"author":[{"embeddable":true,"href":"https:\/\/blogs.correiobraziliense.com.br\/aricunha\/wp-json\/wp\/v2\/users\/34"}],"replies":[{"embeddable":true,"href":"https:\/\/blogs.correiobraziliense.com.br\/aricunha\/wp-json\/wp\/v2\/comments?post=8704"}],"version-history":[{"count":1,"href":"https:\/\/blogs.correiobraziliense.com.br\/aricunha\/wp-json\/wp\/v2\/posts\/8704\/revisions"}],"predecessor-version":[{"id":8705,"href":"https:\/\/blogs.correiobraziliense.com.br\/aricunha\/wp-json\/wp\/v2\/posts\/8704\/revisions\/8705"}],"wp:attachment":[{"href":"https:\/\/blogs.correiobraziliense.com.br\/aricunha\/wp-json\/wp\/v2\/media?parent=8704"}],"wp:term":[{"taxonomy":"category","embeddable":true,"href":"https:\/\/blogs.correiobraziliense.com.br\/aricunha\/wp-json\/wp\/v2\/categories?post=8704"},{"taxonomy":"post_tag","embeddable":true,"href":"https:\/\/blogs.correiobraziliense.com.br\/aricunha\/wp-json\/wp\/v2\/tags?post=8704"}],"curies":[{"name":"wp","href":"https:\/\/api.w.org\/{rel}","templated":true}]}}