{"id":8702,"date":"2017-04-23T10:19:20","date_gmt":"2017-04-23T13:19:20","guid":{"rendered":"https:\/\/blogs.correiobraziliense.com.br\/aricunha\/?p=8702"},"modified":"2017-04-27T10:20:28","modified_gmt":"2017-04-27T13:20:28","slug":"licoes","status":"publish","type":"post","link":"https:\/\/blogs.correiobraziliense.com.br\/aricunha\/licoes\/","title":{"rendered":"Li\u00e7\u00f5es"},"content":{"rendered":"<p>Desde 1960 \u00bb<\/p>\n<p>jornalista_aricunha@outlook.com<\/p>\n<p>MAMFIL com Circe Cunha<br \/>\nDas muitas li\u00e7\u00f5es que poder\u00e3o ser retiradas, a partir das confiss\u00f5es do modus operandi das empreiteiras sobre a estrutura do Estado, nenhuma ser\u00e1 mais valiosa para a corre\u00e7\u00e3o de rumos futuros do que aquela que demonstrou que o capitalismo selvagem capturou e submeteu a nossa inexperiente democracia a seus des\u00edgnios materiais.Da mesma forma, restou clarificado que a chamada pol\u00edtica dos campe\u00f5es nacionais, na qual o BNDES enterrou, a partir de 2008, dezenas de bilh\u00f5es de reais em cr\u00e9ditos subsidiados e na compra de a\u00e7\u00f5es para criar grandes empresas brasileiras, na pr\u00e1tica representava a capitula\u00e7\u00e3o do Estado Democr\u00e1tico de Direito a um novo poder, parasit\u00e1rio e enquistado na carne da Rep\u00fablica.Jamais esse tipo de situa\u00e7\u00e3o ocorreria num governo transparente sem que, logo nos primeiros lances, fosse detectada a presen\u00e7a de um corpo estranho ao pa\u00eds. A desenvoltura com que esses alien\u00edgenas passaram a atuar no seio do Estado foi enormemente facilitada pelo amadorismo primitivo das principais lideran\u00e7as pol\u00edticas do pa\u00eds naquela ocasi\u00e3o.<\/p>\n<p>Para entender, em toda a sua extens\u00e3o, a intera\u00e7\u00e3o criminosa e caipira que se estabeleceu entre pol\u00edticos e empres\u00e1rios, faltam vir a p\u00fablico os poss\u00edveis di\u00e1logos travados internamente nas diretorias das empresas. Como tratavam do assunto, combinavam os apelidos e comentavam sobre o apetite de cada pol\u00edtico. Imagina-se que t\u00e3o logo algum pol\u00edtico ou emiss\u00e1rio deixasse a sala de reuni\u00f5es, as conversas ficassem mais quentes. Espantados com a desfa\u00e7atez de como esses gulosos personagens iam em busca de propina, os empres\u00e1rios, por certo, ca\u00edam na gargalhada.Acostumados \u00e0s altas rodas de neg\u00f3cios, onde \u00e9 poss\u00edvel vender a pr\u00f3pria m\u00e3e sem se dar conta do ocorrido, os empres\u00e1rios manipulavam com facilidade os ambiciosos agentes do Estado. Era como vender pirulitos para crian\u00e7as. Claro, o que estava em jogo era o dinheiro suado da classe trabalhadora brasileira. A\u00ed \u00e9 que estava parte da gra\u00e7a. A outra parte \u00e9 o jeito tosco dos ladr\u00f5es caipiras que enchem mochilas e ceroulas de papel-moeda e saem pela rua vibrando com a empreitada. Com esse tipo de gente, pensavam consigo mesmo, seria poss\u00edvel negociar, a pre\u00e7o de banana, at\u00e9 mesmo os edif\u00edcios-sedes dos poderes Executivo e Legislativo.<\/p>\n<p>Os apelidos caricatos conferidos pelos empres\u00e1rios aos pol\u00edticos corruptos denotam o desprezo e a tro\u00e7a que dispensavam aos vendilh\u00f5es do Estado. Para arrematar, \u201ccomme il faut\u201d os neg\u00f3cios subterr\u00e2neos, as empreiteiras, obviamente exigiam que o selo de segredo de Estado por 30 anos fosse pespegado aos acordos esp\u00farios. Abduzidos pelo poder avassalador do capitalismo nacional, as principais lideran\u00e7as, pela paga de tost\u00f5es, acabaram por comprometer a tal ponto a qualidade da democracia do pa\u00eds que hoje essa situa\u00e7\u00e3o s\u00f3 pode ser revertida por meio de uma assembleia constituinte que busque a refunda\u00e7\u00e3o do Estado. De prefer\u00eancia, uma assembleia livre da contamina\u00e7\u00e3o desses personagens. Antes, por\u00e9m, \u00e9 necess\u00e1rio providenciar, com urg\u00eancia, a pris\u00e3o, a devolu\u00e7\u00e3o do que foi roubado e o confisco de bens de todos esses lar\u00e1pios, sem o que a na\u00e7\u00e3o n\u00e3o se sentir\u00e1 recompensada.<\/p>\n<p>\u00bb A frase que n\u00e3o foi pronunciada<\/p>\n<p>\u201cAcabar com a corrup\u00e7\u00e3o \u00e9 o objetivo supremo de quem ainda n\u00e3o chegou ao poder.\u201d<br \/>\nMill\u00f4r Fernandes<\/p>\n<p>Ironia<br \/>\n\u00bb Entre as maiores contradi\u00e7\u00f5es de nossa hist\u00f3ria, e que um dia vai constar nos livros did\u00e1ticos, est\u00e1 a tentativa do Partido dos Trabalhadores em implantar o comunismo em toda a Am\u00e9rica Latina usando, para isso, os mais selvagens mecanismos do capitalismo representados por empresas como Odebrecht e cong\u00eaneres. Obviamente, um tipo de comunismo restrito apenas as massas da base da pir\u00e2mide.<\/p>\n<p>Ser\u00e1?<br \/>\n\u00bb O abandono do Setor Comercial Sul \u00e9 assustador. A cada dia, menos salas e lojas funcionam. An\u00fancios amarelados indicam venda ou aluguel do espa\u00e7o. Dif\u00edcil saber, mas, se houver uma reestrutura\u00e7\u00e3o arquitet\u00f4nica e de seguran\u00e7a, a \u00fanica sa\u00edda ser\u00e1 transformar em<br \/>\nSetor Habitacional e Comercial Sul.<\/p>\n<p>Seguran\u00e7a<br \/>\n\u00bb Faltam mais sem\u00e1foros para a travessia dos pedestres entre o Parque da Cidade e a Torre de TV. A dist\u00e2ncia \u00e9 muito grande entre a sa\u00edda do parque at\u00e9 o sinal mais pr\u00f3ximo.<\/p>\n<p>Pedestre<br \/>\n\u00bb Dizia o inesquec\u00edvel deputado distrital Cafu que quem faz o caminho s\u00e3o as pessoas. Uma filmagem com drone entre a Torre e a Rodovi\u00e1ria daria para ver como tantas cal\u00e7adas poderiam riscar o verde dando mais conforto a quem anda a p\u00e9 pela cidade.<\/p>\n<p>V\u00e1cuo<br \/>\n\u00bb No v\u00e1cuo do poder aberto com as dela\u00e7\u00f5es premiadas, com as autoridades perdendo a condi\u00e7\u00e3o de lideran\u00e7as, as fac\u00e7\u00f5es criminosas e o crime organizado encontraram brechas at\u00e9 para editar e distribuir cartilhas e estatutos conclamando a luta<br \/>\ncontra o sistema pressor do Estado.<\/p>\n<p>\u00bb Hist\u00f3ria de Bras\u00edlia<br \/>\nO IAPI anunciou, h\u00e1 meses, que iria construir, ainda este ano, uma Escola Classe na SQ 409-410. At\u00e9 hoje n\u00e3o foi sequer locado o terreno para essa escola. (Publicada em 26.09.1961)<\/p>\n","protected":false},"excerpt":{"rendered":"<p>Desde 1960 \u00bb jornalista_aricunha@outlook.com MAMFIL com Circe Cunha Das muitas li\u00e7\u00f5es que poder\u00e3o ser retiradas, a partir das confiss\u00f5es do modus operandi das empreiteiras sobre a estrutura do Estado, nenhuma ser\u00e1 mais valiosa para a corre\u00e7\u00e3o de rumos futuros do que aquela que demonstrou que o capitalismo selvagem capturou e submeteu a nossa inexperiente democracia a seus des\u00edgnios materiais.Da mesma [&hellip;]<\/p>\n","protected":false},"author":34,"featured_media":0,"comment_status":"open","ping_status":"closed","sticky":false,"template":"","format":"standard","meta":{"footnotes":""},"categories":[23],"tags":[],"class_list":["post-8702","post","type-post","status-publish","format-standard","hentry","category-integra"],"_links":{"self":[{"href":"https:\/\/blogs.correiobraziliense.com.br\/aricunha\/wp-json\/wp\/v2\/posts\/8702","targetHints":{"allow":["GET"]}}],"collection":[{"href":"https:\/\/blogs.correiobraziliense.com.br\/aricunha\/wp-json\/wp\/v2\/posts"}],"about":[{"href":"https:\/\/blogs.correiobraziliense.com.br\/aricunha\/wp-json\/wp\/v2\/types\/post"}],"author":[{"embeddable":true,"href":"https:\/\/blogs.correiobraziliense.com.br\/aricunha\/wp-json\/wp\/v2\/users\/34"}],"replies":[{"embeddable":true,"href":"https:\/\/blogs.correiobraziliense.com.br\/aricunha\/wp-json\/wp\/v2\/comments?post=8702"}],"version-history":[{"count":1,"href":"https:\/\/blogs.correiobraziliense.com.br\/aricunha\/wp-json\/wp\/v2\/posts\/8702\/revisions"}],"predecessor-version":[{"id":8703,"href":"https:\/\/blogs.correiobraziliense.com.br\/aricunha\/wp-json\/wp\/v2\/posts\/8702\/revisions\/8703"}],"wp:attachment":[{"href":"https:\/\/blogs.correiobraziliense.com.br\/aricunha\/wp-json\/wp\/v2\/media?parent=8702"}],"wp:term":[{"taxonomy":"category","embeddable":true,"href":"https:\/\/blogs.correiobraziliense.com.br\/aricunha\/wp-json\/wp\/v2\/categories?post=8702"},{"taxonomy":"post_tag","embeddable":true,"href":"https:\/\/blogs.correiobraziliense.com.br\/aricunha\/wp-json\/wp\/v2\/tags?post=8702"}],"curies":[{"name":"wp","href":"https:\/\/api.w.org\/{rel}","templated":true}]}}