{"id":8699,"date":"2017-04-22T02:22:07","date_gmt":"2017-04-22T05:22:07","guid":{"rendered":"https:\/\/blogs.correiobraziliense.com.br\/aricunha\/?p=8699"},"modified":"2017-04-27T10:04:10","modified_gmt":"2017-04-27T13:04:10","slug":"inuteis-solenidades","status":"publish","type":"post","link":"https:\/\/blogs.correiobraziliense.com.br\/aricunha\/inuteis-solenidades\/","title":{"rendered":"In\u00fateis solenidades"},"content":{"rendered":"<p>Desde 1960 \u00bb<\/p>\n<p>jornalista_aricunha@outlook.com<\/p>\n<p>MAMFIL com Circe Cunha<\/p>\n<p>Desvirtuadas desde logo em seus objetivos centrais, as sess\u00f5es solenes em homenagens, realizadas pelos Legislativos de todo o pa\u00eds, de t\u00e3o frequentes e inusitadas, tornaram-se folcl\u00f3ricas, embora representem um custo a mais para o contribuinte. Mesmo a outorga de medalhas ao m\u00e9rito e outras comendas, por seu vi\u00e9s partid\u00e1rio, perderam o objetivo e, hoje, nada mais representam do que solenidades vazias e sem significado algum para a na\u00e7\u00e3o.Uma simples verifica\u00e7\u00e3o da lista dos agraciados, a cada ano, poder\u00e1 fornecer uma pista precisa de que as homenagens s\u00e3o utilizadas mais para acender um farol de aten\u00e7\u00e3o sobre quem as convoca do que sobre o homenageado da vez. \u00c9 comum verificar tamb\u00e9m que essas homenagens e outorgas de medalhas s\u00e3o realizadas com o intuito claro de proselitismo pol\u00edtico, sem qualquer rela\u00e7\u00e3o com a realidade do momento e do lugar.Na C\u00e2mara Legislativa do Distrito Federal, as repetidas sess\u00f5es em homenagens s\u00e3o realizadas mais para preencher o amplo v\u00e1cuo no deserto de agenda de trabalho, transformando essas ocasi\u00f5es em mais um dia de jornada facultativa, em que se verifica apenas a presen\u00e7a do autor da proposta e dos respectivos homenageados.<\/p>\n<p>Para os pr\u00f3ximos meses, est\u00e3o previstas sess\u00f5es solenes em homenagens ao Dia do Escoteiro, \u00e0 Maria Izabel, ao l\u00edder comunit\u00e1rio,  ao anivers\u00e1rio de Israel, aos comerciantes do Riacho Fundo, ao Dia da \u00c1frica, ao Dia do Blogueiro, ao Dia do Pastor, aos Motos Clubes, ao Vigilante, ao Dia do Quadrilheiro, \u00e0 Pol\u00edcia Montada, ao Orgulho Gay, ao Taxista, ao Dia Nacional de Benim, ao Dia do Padre, ao Dia Gar\u00e7on, ao Dia do Feirante, ao Dia do Obreiro Universal, ao Pr\u00edncipe Bertran, ao Dia do Cerrado, ao Dia do Servidor de Tr\u00e2nsito, ao Dia do Piau\u00ed, ao Dia Mundial do Hip Hop, ao Dia de Angola, ao Sindicato de Policiais, ao Dia das Artes Marciais, ao Dia do S\u00edndico, ao Dia do Delegado de Pol\u00edcia, ao Dia do Quiosqueiro, ao Dia Nacional do Forr\u00f3. Com tantos dias a serem homenageados por suas excel\u00eancias, que tal incluir tamb\u00e9m nessas sess\u00f5es o Dia do Eleitor Engabelado?<\/p>\n<p>Na C\u00e2mara Federal, as homenagens seguem o mesmo receitu\u00e1rio vazio e in\u00fatil . Ali, ser\u00e3o realizadas sess\u00f5es homenageando os sindicatos de metal\u00fargicos, o Dia do Contabilista, o Dia do L\u00edder Comunit\u00e1rio, o Esquadr\u00e3o da Fuma\u00e7a, os Fundos de Pens\u00e3o, a defesa da democracia na Venezuela, a tradi\u00e7\u00e3o ga\u00facha, o Dia do Bumba Meu Boi, o Dia do Orgulho LGBT, entre outras excresc\u00eancias do g\u00eanero.<\/p>\n<p>Em Minas Gerais, na atual gest\u00e3o do pluri enrolado com a justi\u00e7a, Fernando Pimentel, o 21 de abril, no qual se comemora o Dia de Tiradentes e que marca os movimentos de independ\u00eancia do Brasil do jugo colonial, as outorgas da tradicional Medalha dos Inconfidentes, ganharam contornos pol\u00edticos partid\u00e1rios t\u00e3o descarados que fizeram com que a comenda perdesse muito de seu brilho inicial. A concess\u00e3o da honraria ao conhecido bandoleiro Jo\u00e3o Pedro St\u00e9dile, chef\u00e3o do Movimento dos Trabalhadores Sem Terra (MST), causou revolta entre os mineiros, levando muitos dos antigos agraciados a devolverem, em protesto, a condecora\u00e7\u00e3o famosa. Para este ano, foram entregues medalhas a muitos envolvidos e citados na Opera\u00e7\u00e3o Lava-Jato, numa mostra de que as homenagens se transformaram, no fundo, em louva\u00e7\u00e3o do que n\u00e3o deve ser louvado. Ainda mais sob o patroc\u00ednio do pobre contribuinte.<\/p>\n<p>A frase que foi pronunciada<\/p>\n<p>\u201cA maior das homenagens que podemos prestar \u00e0 verdade \u00e9 utiliz\u00e1-la.\u201d<\/p>\n<p>Ralph Waldo Emerson<\/p>\n<p>Necess\u00e1rio<\/p>\n<p>\u00bb Apesar das excelentes instala\u00e7\u00f5es, localiza\u00e7\u00e3o e o um dos maiores acervos de livros raros do Brasil, falta na Biblioteca Nacional um acess\u00f3rio mais do que obrigat\u00f3rio para o conforto b\u00e1sico dos que frequentam as salas de estudo: o ar-condicionado. As tubula\u00e7\u00f5es de ar instaladas nos tetos das salas nunca foram usadas. Talvez seja por isso que uma biblioteca de tamanha import\u00e2ncia para a seca e quente capital permane\u00e7a pouco frequentada.<\/p>\n<p>Imper\u00edcia<\/p>\n<p>\u00bb Uma placa indica os milhares de reais investidos na pista de atletismo entre o Parano\u00e1 e o Itapo\u00e3. O primeiro erro \u00e9 a falta de cuidado com o ambiente. Um vento e a poeirada engole o atleta. Uma pena que esteja fora dos padr\u00f5es, j\u00e1 que aclives e declives n\u00e3o s\u00e3o recomendados nessa modalidade.<\/p>\n<p>Conselho<\/p>\n<p>\u00bb Declara\u00e7\u00e3o de Alexandre Inecco sobre Bras\u00edlia: \u201cBras\u00edlia d\u00e1 frutos para quem planta nela. Faltam espa\u00e7os para cultura? Sobra p\u00fablico. Faltam esquinas? Sobram parques. Falta cordialidade? Sobram espelhos. Bras\u00edlia \u00e9 uma excelente imagem para o Brasil de hoje: se voc\u00ea desanimar e se trancar<\/p>\n<p>em casa, voc\u00ea vai deixar de ver o c\u00e9u maisbonito do mundo\u201d.<\/p>\n<p>\u00bb E Ver\u00f4nica Carri\u00e7o:<\/p>\n<p>\u201cNesta cidade de todos os sotaques e todos os sabores, que vem forjando na pr\u00f3pria multiplicidade a sua identidade cultural, a gente aprende, desde cedo, que a diversidade \u00e9 linda, enriquecedora e, sobretudo, muito divertida. Adoro encher o peito e dizer com orgulho: sou candanga. Isso \u00e9 bem mais do que o convencional brasiliense, porque traz embutida em seu significado a coragem dos meus pais e de tantos outros que se aventuraram no desconhecido com o sonho de construir um lugar melhor para viver e criar seus filhos\u201d.<\/p>\n<p>Hist\u00f3ria de Bras\u00edlia<\/p>\n<p>O Iapi anunciou, h\u00e1 meses, que iria construir, ainda este ano, uma Escola Classe na SQS 409\/410. At\u00e9 hoje n\u00e3o foi sequer locado o terreno para esta escola. (Publicado em 26\/9\/1961)<\/p>\n","protected":false},"excerpt":{"rendered":"<p>Desde 1960 \u00bb jornalista_aricunha@outlook.com MAMFIL com Circe Cunha Desvirtuadas desde logo em seus objetivos centrais, as sess\u00f5es solenes em homenagens, realizadas pelos Legislativos de todo o pa\u00eds, de t\u00e3o frequentes e inusitadas, tornaram-se folcl\u00f3ricas, embora representem um custo a mais para o contribuinte. Mesmo a outorga de medalhas ao m\u00e9rito e outras comendas, por seu vi\u00e9s partid\u00e1rio, perderam o objetivo [&hellip;]<\/p>\n","protected":false},"author":34,"featured_media":0,"comment_status":"open","ping_status":"closed","sticky":false,"template":"","format":"standard","meta":{"footnotes":""},"categories":[23],"tags":[],"class_list":["post-8699","post","type-post","status-publish","format-standard","hentry","category-integra"],"_links":{"self":[{"href":"https:\/\/blogs.correiobraziliense.com.br\/aricunha\/wp-json\/wp\/v2\/posts\/8699","targetHints":{"allow":["GET"]}}],"collection":[{"href":"https:\/\/blogs.correiobraziliense.com.br\/aricunha\/wp-json\/wp\/v2\/posts"}],"about":[{"href":"https:\/\/blogs.correiobraziliense.com.br\/aricunha\/wp-json\/wp\/v2\/types\/post"}],"author":[{"embeddable":true,"href":"https:\/\/blogs.correiobraziliense.com.br\/aricunha\/wp-json\/wp\/v2\/users\/34"}],"replies":[{"embeddable":true,"href":"https:\/\/blogs.correiobraziliense.com.br\/aricunha\/wp-json\/wp\/v2\/comments?post=8699"}],"version-history":[{"count":1,"href":"https:\/\/blogs.correiobraziliense.com.br\/aricunha\/wp-json\/wp\/v2\/posts\/8699\/revisions"}],"predecessor-version":[{"id":8700,"href":"https:\/\/blogs.correiobraziliense.com.br\/aricunha\/wp-json\/wp\/v2\/posts\/8699\/revisions\/8700"}],"wp:attachment":[{"href":"https:\/\/blogs.correiobraziliense.com.br\/aricunha\/wp-json\/wp\/v2\/media?parent=8699"}],"wp:term":[{"taxonomy":"category","embeddable":true,"href":"https:\/\/blogs.correiobraziliense.com.br\/aricunha\/wp-json\/wp\/v2\/categories?post=8699"},{"taxonomy":"post_tag","embeddable":true,"href":"https:\/\/blogs.correiobraziliense.com.br\/aricunha\/wp-json\/wp\/v2\/tags?post=8699"}],"curies":[{"name":"wp","href":"https:\/\/api.w.org\/{rel}","templated":true}]}}