{"id":8695,"date":"2017-04-20T04:54:09","date_gmt":"2017-04-20T07:54:09","guid":{"rendered":"https:\/\/blogs.correiobraziliense.com.br\/aricunha\/?p=8695"},"modified":"2017-04-27T10:07:11","modified_gmt":"2017-04-27T13:07:11","slug":"policia-para-quem-precisa","status":"publish","type":"post","link":"https:\/\/blogs.correiobraziliense.com.br\/aricunha\/policia-para-quem-precisa\/","title":{"rendered":"Pol\u00edcia para quem precisa"},"content":{"rendered":"<p>\nDesde 1960 \u00bb<\/p>\n<p>jornalista_aricunha@outlook.com<\/p>\n<p>MAMFIL com Circe Cunha<\/p>\n<p>Num Estado democr\u00e1tico, a garantia dos direitos fundamentais dos cidad\u00e3os s\u00f3 pode ser plenamente alcan\u00e7ada e mantida com a responsabilidade de cada um de seus membros no estrito respeito \u00e0s leis. Regra b\u00e1sica para que isso ocorra \u00e9 a observ\u00e2ncia das normas, por todos e principalmente por aqueles que ocupam altos postos na hierarquia do Estado, devendo, por sua import\u00e2ncia e relev\u00e2ncia do cargo, servirem como exemplo e modelo irrepreens\u00edveis para toda a sociedade. Obviamente, n\u00e3o \u00e9 isso que ocorre no pa\u00eds. Pelo contr\u00e1rio. O que os brasileiros t\u00eam visto nestes \u00faltimos tempos \u00e9 a exposi\u00e7\u00e3o em p\u00fablico de extensas confiss\u00f5es que v\u00e3o revelando pari passu os mecanismos que fizeram dessa Rep\u00fablica, em particular, um valhacouto para criminosos de v\u00e1rias esp\u00e9cies disfar\u00e7ados de autoridade.<\/p>\n<p>Aqueles de quem a na\u00e7\u00e3o poderia tomar como baluartes da \u00e9tica est\u00e3o sendo, um a um, postos a nu diante dos espectadores. Constrangidos, resta aos cidad\u00e3os assistir a esse desfile de zumbis pol\u00edticos. Se o mau exemplo vem de cima, n\u00e3o chega a ser surpresa que esse tipo de comportamento venha sendo repetido tamb\u00e9m nos estamentos de baixo, transformando nosso pa\u00eds, cada vez mais, num caso de dif\u00edcil solu\u00e7\u00e3o. Perdida a moral e a dec\u00eancia, nosso Legislativo se transformou, em pouco tempo, em alvo f\u00e1cil e constante de agitadores mercen\u00e1rios e profissionais do lobby. Desta vez, sob a fantasia de agentes da lei, um bando de cerca de mil policiais, com armas na cintura e certos da impunidade, depredaram a entrada principal do Congresso, tentando invadir o Parlamento para impor \u00e0 for\u00e7a pauta pr\u00f3pria.<\/p>\n<p>A demonstra\u00e7\u00e3o de brutalidade irracional desses funcion\u00e1rios, armados pelo Estado, tem se repetido a todo instante em diversas partes do pa\u00eds. A desenvoltura com a qual muitos policiais em todo o Brasil t\u00eam afrontado e amea\u00e7ado abertamente o Estado de direito revela sinais preocupantes de que alguma coisa est\u00e1 muito fora da ordem.<\/p>\n<p>Os fatos ocorridos recentemente no Rio Grande do Norte, no Esp\u00edrito Santo e em outras localidades onde a pol\u00edcia entrou em greve revelam n\u00e3o s\u00f3 o despreparo de nossas for\u00e7as de seguran\u00e7a e a falta de comando efetivo, mas sobretudo sintom\u00e1tico sinal de que esses servidores est\u00e3o agindo por conta pr\u00f3pria, sem receio de serem enquadrados.<\/p>\n<p>Em Bras\u00edlia j\u00e1 se tornou comum observar a pol\u00edcia estacionada tranquilamente sobre cal\u00e7adas, ciclofaixas ou jardins, dando mau exemplo e afrontando o cidad\u00e3o. Imp\u00f5e o contr\u00e1rio do que cobra. \u00c9 comum observar ainda os carros de pol\u00edcia furando sinais sem necessidade, andando acima da velocidade permitida, fazendo manobras proibidas em via p\u00fablica e mesmo recebendo lanchinhos e outros brindes dos comerciantes amedrontados.<\/p>\n<p>Corre s\u00e9rio risco o cidad\u00e3o que, por ventura, se arriscar a chamar-lhes a aten\u00e7\u00e3o para esse comportamento inadequado. Agora mesmo foi autorizado aos agentes de tr\u00e2nsito portarem arma de choque el\u00e9trico conhecida como taser. Para esses servidores a arma, mesmo n\u00e3o letal, \u00e9 fetiche que lhes empresta falsa sensa\u00e7\u00e3o de superioridade. De armas na cintura ou n\u00e3o, esses indiv\u00edduos t\u00eam que ter em mente que s\u00e3o apenas servidores p\u00fablicos e, como tais, devem se portar como todo cidad\u00e3o comum: dentro da lei.<\/p>\n<p>A frase que foi pronunciada<br \/>\n\u201cA arte de fazer pol\u00edtica \u00e9 falar o que o povo quer ouvir, mas fazer tudo aquilo que o povo n\u00e3o deve saber.\u201d<br \/>\nS\u00e9rgio, o Cancioneiro<\/p>\n<p>Imposs\u00edvel<br \/>\n\u00bb Quem pretende passear pelas cal\u00e7adas do Lago Sul, pela Quadra 25, tem dificuldades em se desvencilhar do matagal. O maior IPTU da cidade deveria dar ao cidad\u00e3o contrapartida m\u00ednima.<\/p>\n<p>Coniv\u00eancia<br \/>\n\u00bb Ainda pelo Lago Sul \u00e9 poss\u00edvel ver, ao longo da pista principal, mo\u00e7as com geladeiras de isopor debaixo do sol com alimento de natureza desconhecida. \u00c9 uma fatalidade permitir a venda de alimentos nessas condi\u00e7\u00f5es.<\/p>\n<p>Experi\u00eancia<br \/>\n\u00bb Realmente, as instala\u00e7\u00f5es do Hospital S\u00edrio Liban\u00eas, a educa\u00e7\u00e3o dos funcion\u00e1rios, o valioso  \u201couvir\u201d dos m\u00e9dicos oferecem o que a capital do pa\u00eds estava precisando: respeito.<\/p>\n<p>Hist\u00f3ria de Bras\u00edlia<br \/>\nO Circular JK-W3 iniciou a linha com a tarifa de 10 cruzeiros. Posteriormente, alegando estender a linha pelos minist\u00e9rios, foi seu pre\u00e7o elevado para 15 cruzeiros, sem cumprir o prometido. Agora, a empresa lan\u00e7a nova linha, Tr\u00eas Poderes-JK, com tarifa de 20 cruzeiros e est\u00e1 aos poucos retirando os JK-W3. (Publicada em 26.9.1961)<\/p>\n","protected":false},"excerpt":{"rendered":"<p>Desde 1960 \u00bb jornalista_aricunha@outlook.com MAMFIL com Circe Cunha Num Estado democr\u00e1tico, a garantia dos direitos fundamentais dos cidad\u00e3os s\u00f3 pode ser plenamente alcan\u00e7ada e mantida com a responsabilidade de cada um de seus membros no estrito respeito \u00e0s leis. Regra b\u00e1sica para que isso ocorra \u00e9 a observ\u00e2ncia das normas, por todos e principalmente por aqueles que ocupam altos postos [&hellip;]<\/p>\n","protected":false},"author":34,"featured_media":0,"comment_status":"open","ping_status":"closed","sticky":false,"template":"","format":"standard","meta":{"footnotes":""},"categories":[23],"tags":[],"class_list":["post-8695","post","type-post","status-publish","format-standard","hentry","category-integra"],"_links":{"self":[{"href":"https:\/\/blogs.correiobraziliense.com.br\/aricunha\/wp-json\/wp\/v2\/posts\/8695","targetHints":{"allow":["GET"]}}],"collection":[{"href":"https:\/\/blogs.correiobraziliense.com.br\/aricunha\/wp-json\/wp\/v2\/posts"}],"about":[{"href":"https:\/\/blogs.correiobraziliense.com.br\/aricunha\/wp-json\/wp\/v2\/types\/post"}],"author":[{"embeddable":true,"href":"https:\/\/blogs.correiobraziliense.com.br\/aricunha\/wp-json\/wp\/v2\/users\/34"}],"replies":[{"embeddable":true,"href":"https:\/\/blogs.correiobraziliense.com.br\/aricunha\/wp-json\/wp\/v2\/comments?post=8695"}],"version-history":[{"count":1,"href":"https:\/\/blogs.correiobraziliense.com.br\/aricunha\/wp-json\/wp\/v2\/posts\/8695\/revisions"}],"predecessor-version":[{"id":8696,"href":"https:\/\/blogs.correiobraziliense.com.br\/aricunha\/wp-json\/wp\/v2\/posts\/8695\/revisions\/8696"}],"wp:attachment":[{"href":"https:\/\/blogs.correiobraziliense.com.br\/aricunha\/wp-json\/wp\/v2\/media?parent=8695"}],"wp:term":[{"taxonomy":"category","embeddable":true,"href":"https:\/\/blogs.correiobraziliense.com.br\/aricunha\/wp-json\/wp\/v2\/categories?post=8695"},{"taxonomy":"post_tag","embeddable":true,"href":"https:\/\/blogs.correiobraziliense.com.br\/aricunha\/wp-json\/wp\/v2\/tags?post=8695"}],"curies":[{"name":"wp","href":"https:\/\/api.w.org\/{rel}","templated":true}]}}