{"id":8680,"date":"2017-04-13T09:19:16","date_gmt":"2017-04-13T12:19:16","guid":{"rendered":"https:\/\/blogs.correiobraziliense.com.br\/aricunha\/?p=8680"},"modified":"2017-12-14T16:17:25","modified_gmt":"2017-12-14T18:17:25","slug":"partiu-so-que-nao","status":"publish","type":"post","link":"https:\/\/blogs.correiobraziliense.com.br\/aricunha\/partiu-so-que-nao\/","title":{"rendered":"#Partiu.  S\u00f3 que n\u00e3o"},"content":{"rendered":"<p>Desde 1960 \u00bb<\/p>\n<p>jornalista_aricunha@outlook.com<\/p>\n<p>MAMFIL com Circe Cunha <\/p>\n<p>Viajar \u00e9 ir de encontro com a aventura. Tudo pode acontecer de surpresa, inclusive, para quem programou cada passo longe do lar. Da porta de casa para fora, o que se apresenta a todos \u00e9 um mundo hostil, intolerante e pouco amistoso, principalmente com as hordas de turistas afoitos que invadem cada canto das cidades famosas.Num planeta super populoso, os seres humanos parecem ter perdido a paci\u00eancia com os seus semelhantes. Hoje em dia, visitar pontos tur\u00edsticos \u00e9 quase um exerc\u00edcio de resist\u00eancia f\u00edsica e mental. Nada do que anunciam os panfletos de viagens, recheados de \u00f3timas fotos coloridas, \u00e9 real de fato. Em cidades de forte apelo tur\u00edstico como Roma, a \u00faltima coisa que os residentes querem encontrar pela frente \u00e9 com esses viajantes curiosos .Tudo est\u00e1 superlotado, congestionado. Os pre\u00e7os, na alta temporada, sobem e obrigam os nativos a irem para outros s\u00edtios em busca de sossego e de economia. O dinheiro trazido pelos turistas, reconhecem, \u00e9 necess\u00e1rio, mas rouba a paz. Apesar desses atropelos, nunca se viajou tanto. Os aeroportos est\u00e3o sempre com lota\u00e7\u00e3o m\u00e1xima. Com tanta gente indo e vindo, j\u00e1 n\u00e3o h\u00e1 tempo para mesuras individuais. A maioria, que viaja nas classes econ\u00f4micas e se hospeda em hot\u00e9is pouco estrelados, \u00e9 a que mais sofre com os maus tratos.<br \/>\nMuitos deixam de lado o conforto de casa, fecham os olhos para os contratempos inevit\u00e1veis e seja o que Deus quiser. Mas quando a situa\u00e7\u00e3o resvala para intoler\u00e2ncia e a viol\u00eancia, como vem se tornando comum hoje em dia em diversas partes do mundo, d\u00e1 saudade da seguran\u00e7a do lar. Fatos como o ocorrido a pouco dentro do avi\u00e3o da United Airlines, uma empresa de larga experi\u00eancia e tradi\u00e7\u00e3o, ocorrem com frequ\u00eancia cada vez maior em muitas outras companhias a\u00e9rea e \u00e9 mais comum do que se pensa.A expuls\u00e3o do passageiro daquela empresa, arrastado para fora da aeronave como um animal morto, s\u00f3 ganhou as manchetes do mundo porque foi flagrado em imagens que viralizaram pela rede. A lei americana permite o ocorrido. Funcion\u00e1rios da empresa precisaram embarcar e com o overbook passageiros s\u00e3o escolhidos para ceder o lugar se n\u00e3o aceitarem vantagens pecuni\u00e1rias. No caso citado, o escolhido \u00e9 um m\u00e9dico, que tinha pacientes o aguardando.<\/p>\n<p>Os maus tratos a turistas, principalmente os oriundos dos pa\u00edses subdesenvolvidos s\u00e3o constantes. Come\u00e7am pelo tratamento dispensado aos viajantes nas embaixadas ou consulados, onde a busca pelos vistos de entrada \u00e9 precedida de longas esperas e pelo atendimento pouco cort\u00eas e desconfiado dos funcion\u00e1rios. Mesmo na embaixada de Portugal, o tempo m\u00ednimo de espera s\u00e3o 3 horas. H\u00e1 apenas uma pessoa no atendimento ao p\u00fablico.As entrevistas aos turistas mais lembram inqu\u00e9ritos policiais. Essa situa\u00e7\u00e3o desagrad\u00e1vel ganhou ainda mais rispidez e falta de educa\u00e7\u00e3o, a partir dos ataques terroristas. Hoje, todos s\u00e3o suspeitos potenciais, principalmente se vindos do terceiro mundo.Para os idosos, as viagens se tornam ainda mais penosas. N\u00e3o h\u00e1 cortesia e aten\u00e7\u00e3o que a idade avan\u00e7ada merece e casos de trucul\u00eancia s\u00e3o noticiados aqui e ali. Na aus\u00eancia de um Estatuto Internacional do Turista que valha, o jeito \u00e9 viajar como quem fecha os olhos e encara a jornada como um sonho, nem bom, nem ruim, apenas um sonho que no percurso os olhos devem estar cerrados. H\u00e1 outra sa\u00edda ditada pelo fil\u00f3sofo de Mondubim: grande viagem faz aquele que em sua casa fica em paz.<\/p>\n<p>A frase que afoi pronunciada<br \/>\n\u201cPior que n\u00e3o terminar uma viagem \u00e9 nunca partir.\u201d<\/p>\n<p>Amyr Klink<br \/>\nNove dias<br \/>\n\u00bb Se o governo precisa de argumentos para n\u00e3o subir o valor de impostos, a Associa\u00e7\u00e3o Comercial de S\u00e3o Paulo traz em n\u00fameros. At\u00e9  20 de mar\u00e7o, o total de impostos pagos no Brasil chegou na marca dos R$ 500 bilh\u00f5es. No ano passado o impost\u00f4metro da ACSP chegou a essa marca s\u00f3 no dia 29 de mar\u00e7o.<\/p>\n<p>Den\u00fancia<br \/>\n\u00bb Discursos do Senado s\u00e3o resgatados por trazer not\u00edcias interessantes. Um deles \u00e9 do senador Ata\u00eddes de Oliveira, que em 2013 chamava a aten\u00e7\u00e3o do Brasil para a falta de publicidade nas atividades do Sistema S. A pr\u00e1tica \u00e0 qual se referia tratava da arrecada\u00e7\u00e3o direta de empres\u00e1rios sem que a verba passasse pela Receita Federal.<\/p>\n<p>Reclama\u00e7\u00f5es<br \/>\n\u00bb Por falar em publicidade, a Receita Federal tamb\u00e9m deve respeitar a Constitui\u00e7\u00e3o Federal, Lei da Transpar\u00eancia e Lei de Acesso \u00e0 Informa\u00e7\u00e3o. As notifica\u00e7\u00f5es e os boletos de pagamento n\u00e3o discriminam nem esclarecem a que se referem.<\/p>\n<p>Murros<br \/>\n\u00bb Outro senador que cantou a bola sobre a corrup\u00e7\u00e3o foi  Mario Couto. Durante a atua\u00e7\u00e3o parlamentar, ele esbravejava, batendo no p\u00falpito contra os eventos ocorridos no governo passado. As den\u00fancias anunciadas por ele est\u00e3o sendo apuradas uma a uma.<\/p>\n<p>Hist\u00f3ria de Bras\u00edlia<br \/>\nUm desses infratores ocupa um box nos mercadinhos da W4, e seria conveniente que a Novacap soubesse disto, para uma puni\u00e7\u00e3o ao infrator da economia popular. Filet \u00e9 filet, e s\u00f3 pode ser vendido como tal. (Publicado em 26\/9\/1961)<\/p>\n","protected":false},"excerpt":{"rendered":"<p>Desde 1960 \u00bb jornalista_aricunha@outlook.com MAMFIL com Circe Cunha Viajar \u00e9 ir de encontro com a aventura. Tudo pode acontecer de surpresa, inclusive, para quem programou cada passo longe do lar. Da porta de casa para fora, o que se apresenta a todos \u00e9 um mundo hostil, intolerante e pouco amistoso, principalmente com as hordas de turistas afoitos que invadem cada [&hellip;]<\/p>\n","protected":false},"author":34,"featured_media":0,"comment_status":"open","ping_status":"closed","sticky":false,"template":"","format":"standard","meta":{"footnotes":""},"categories":[23],"tags":[67],"class_list":["post-8680","post","type-post","status-publish","format-standard","hentry","category-integra","tag-brasilia-historiadebrasilia-aricunha-circecunha-mamfil"],"_links":{"self":[{"href":"https:\/\/blogs.correiobraziliense.com.br\/aricunha\/wp-json\/wp\/v2\/posts\/8680","targetHints":{"allow":["GET"]}}],"collection":[{"href":"https:\/\/blogs.correiobraziliense.com.br\/aricunha\/wp-json\/wp\/v2\/posts"}],"about":[{"href":"https:\/\/blogs.correiobraziliense.com.br\/aricunha\/wp-json\/wp\/v2\/types\/post"}],"author":[{"embeddable":true,"href":"https:\/\/blogs.correiobraziliense.com.br\/aricunha\/wp-json\/wp\/v2\/users\/34"}],"replies":[{"embeddable":true,"href":"https:\/\/blogs.correiobraziliense.com.br\/aricunha\/wp-json\/wp\/v2\/comments?post=8680"}],"version-history":[{"count":1,"href":"https:\/\/blogs.correiobraziliense.com.br\/aricunha\/wp-json\/wp\/v2\/posts\/8680\/revisions"}],"predecessor-version":[{"id":8681,"href":"https:\/\/blogs.correiobraziliense.com.br\/aricunha\/wp-json\/wp\/v2\/posts\/8680\/revisions\/8681"}],"wp:attachment":[{"href":"https:\/\/blogs.correiobraziliense.com.br\/aricunha\/wp-json\/wp\/v2\/media?parent=8680"}],"wp:term":[{"taxonomy":"category","embeddable":true,"href":"https:\/\/blogs.correiobraziliense.com.br\/aricunha\/wp-json\/wp\/v2\/categories?post=8680"},{"taxonomy":"post_tag","embeddable":true,"href":"https:\/\/blogs.correiobraziliense.com.br\/aricunha\/wp-json\/wp\/v2\/tags?post=8680"}],"curies":[{"name":"wp","href":"https:\/\/api.w.org\/{rel}","templated":true}]}}