{"id":8661,"date":"2017-04-07T03:14:06","date_gmt":"2017-04-07T06:14:06","guid":{"rendered":"https:\/\/blogs.correiobraziliense.com.br\/aricunha\/?p=8661"},"modified":"2017-12-14T16:17:04","modified_gmt":"2017-12-14T18:17:04","slug":"8661-2","status":"publish","type":"post","link":"https:\/\/blogs.correiobraziliense.com.br\/aricunha\/8661-2\/","title":{"rendered":""},"content":{"rendered":"<p>Velho, sim! Velhaco, nunca!<\/p>\n<p>Segundo dados apresentados pela Pesquisa Nacional por Amostra em Domic\u00edlios (Pnad), divulgada em fevereiro, o desemprego atinge 25,9% da popula\u00e7\u00e3o brasileira. Nas faixas entre 25 e 39 anos, o percentual chega a 11,2%. Para os trabalhadores entre 40 e 59 anos, a taxa de desemprego \u00e9 atualmente de 6,9%. Em n\u00fameros absolutos, o total de desempregados chega a 12,3 milh\u00f5es de pessoas. A esse n\u00famero se somam mais 12 milh\u00f5es de pessoas que gostariam de trabalhar ou que t\u00eam jornada considerada insuficiente, o que os especialistas chamam de taxa de subocupa\u00e7\u00e3o.<\/p>\n<p>Em todo o pa\u00eds, as filas nas ag\u00eancias de empregos dobram as esquinas e exp\u00f5em o lado mais cruel da recess\u00e3o econ\u00f4mica. Nesse imenso contingente de brasileiros desesperados, chama particular aten\u00e7\u00e3o o caso dos idosos que, mesmo ocupando uma faixa menor de desempregados por raz\u00f5es \u00f3bvias, lutam com muito esfor\u00e7o para serem reintegrados ao mercado de trabalho.<\/p>\n<p>O aumento na expectativa de vida das pessoas, n\u00e3o s\u00f3 no Brasil, mas em todo o mundo, agregou mais um problema a uma economia em processo lento de recupera\u00e7\u00e3o. Para a maioria dos trabalhadores idosos, principalmente para aqueles que j\u00e1 aprenderam que n\u00e3o d\u00e1 para viver com dignidade com a aposentadoria de pouco mais de um sal\u00e1rio m\u00ednimo, a situa\u00e7\u00e3o ganha contornos de drama quando se sabe que muitos empregadores preferem contratar pessoas mais jovens. A sa\u00edda para muitos \u00e9 buscar renda alternativa em pequenos bicos di\u00e1rios.<\/p>\n<p>Em pa\u00edses que j\u00e1 experimentam um envelhecimento significativo de parte da popula\u00e7\u00e3o, tem sido pr\u00e1tica de sucesso a recontrata\u00e7\u00e3o de pessoas mais idosas em diversas atividades. Mesmo empres\u00e1rios da iniciativa privada, em muitos ramos da economia, t\u00eam sido estimulados a contratar pessoas mais vividas. A experi\u00eancia tem se mostrado rendosa para ambos. Nos tempos atuais, conta, cada vez mais para uma marca ou empresa, o trabalho que ela realiza, quer no \u00e2mbito social, quer em prol do meio ambiente. \u00c9 um mundo em transforma\u00e7\u00e3o profunda.<\/p>\n<p>No Brasil, o governo prepara projeto de lei que criar\u00e1 Regime Especial para o Trabalhador Aposentado (Reta). A inten\u00e7\u00e3o \u00e9 facilitar que aposentados, com mais de 60 anos, sejam contratados por hora, sem obriga\u00e7\u00e3o de recolher para a Previd\u00eancia Social, o FGTS e outros encargos, mesmo aqueles referentes ao v\u00ednculo empregat\u00edcio. A expectativa \u00e9 promissora j\u00e1 que, nos pr\u00f3ximos 10 anos, a estimativa \u00e9 de que mais de 2 milh\u00f5es de idosos entrem no mercado de trabalho. O contrato de trabalho para essa modalidade ser\u00e1 bem mais flex\u00edvel, com jornada de 25 horas semanais, feitos em dias alternados e outras inova\u00e7\u00f5es. A liberdade dever\u00e1 ser a regra, promete o governo.<\/p>\n<p>A frase que foi pronunciada<\/p>\n<p>\u201cA democracia pode cambalear quando entregue ao medo\u201d.<\/p>\n<p>Barack Obama<\/p>\n<p>Mem\u00f3ria<\/p>\n<p>\u00bb Helena Nader, presidente da SBPC, e M\u00e1rio Neto Borges, do CNPq, firmaram parceria pela reestrutura\u00e7\u00e3o do Centro de Mem\u00f3ria do CNPq. A import\u00e2ncia do acervo merece o empenho dos cientistas.<\/p>\n<p>Interessante<\/p>\n<p>\u00bb Entra e sai ano, a not\u00edcia \u00e9 a mesma. Grupos de batalha: oposi\u00e7\u00e3o versus situa\u00e7\u00e3o confabulam concentrados em tra\u00e7ar o planejamento estrat\u00e9gico para a disputa de quem consegue publicar o maior n\u00famero de esc\u00e2ndalos. A que ponto chegamos. O lado interessante dessa hist\u00f3ria toda \u00e9 que quem ganha com essa briga \u00e9 a opini\u00e3o p\u00fablica, que vai conhecendo cada vez mais os representantes eleitos.<\/p>\n<p>Consequ\u00eancia<\/p>\n<p>\u00bb Nem a m\u00eddia tem percebido o aumento exponencial da criminalidade no meio rural. A Confedera\u00e7\u00e3o da Agricultura e Pecu\u00e1ria do Brasil (CNA), preocupada com furto e roubo \u00e0 m\u00e3o armada, resolveu, por meio do Instituto CNA, disponibilizar um formul\u00e1rio para que as v\u00edtimas da viol\u00eancia descrevam o ocorrido. A partir da\u00ed, o pr\u00f3ximo passo ser\u00e1 a defini\u00e7\u00e3o de estrat\u00e9gia para a solu\u00e7\u00e3o do problema. N\u00f3s j\u00e1 registramos, aqui, a expans\u00e3o do tr\u00e1fico no campo.<\/p>\n<p>Hermen\u00eautica<\/p>\n<p>\u00bb Por volta dos 7 anos, Elias Vidal Rosa teve uma aula que explicava o art. 6\u00ba da Constitui\u00e7\u00e3o Federal. No pequeno teste ao fim da aula, Elias disse que a quest\u00e3o que descrevia o artigo estava errada. Ele conhece crian\u00e7as que n\u00e3o estudam, a m\u00e3e dele j\u00e1 chorou de tanto esperar um m\u00e9dico para ele, cansou de ver crian\u00e7as buscando comida no lixo, v\u00ea todos os dias meninos da sua idade largados na rua&#8230;. A professora est\u00e1 at\u00e9 hoje na diretoria para saber se considera como certa a resposta de Elias.<\/p>\n<p>Hist\u00f3ria de Bras\u00edlia<\/p>\n<p>Neste particular, como h\u00e1 poucos soldados do tr\u00e2nsito, os do Ex\u00e9rcito bem que podiam prestar sua coopera\u00e7\u00e3o, para que desse, tamb\u00e9m, mais for\u00e7a \u00e0 campanha na qual est\u00e1 interessado o governo. (Publicado em 23\/9\/1961)<\/p>\n","protected":false},"excerpt":{"rendered":"<p>Velho, sim! Velhaco, nunca! Segundo dados apresentados pela Pesquisa Nacional por Amostra em Domic\u00edlios (Pnad), divulgada em fevereiro, o desemprego atinge 25,9% da popula\u00e7\u00e3o brasileira. Nas faixas entre 25 e 39 anos, o percentual chega a 11,2%. Para os trabalhadores entre 40 e 59 anos, a taxa de desemprego \u00e9 atualmente de 6,9%. Em n\u00fameros absolutos, o total de desempregados [&hellip;]<\/p>\n","protected":false},"author":34,"featured_media":0,"comment_status":"open","ping_status":"closed","sticky":false,"template":"","format":"standard","meta":{"footnotes":""},"categories":[23],"tags":[67,62],"class_list":["post-8661","post","type-post","status-publish","format-standard","hentry","category-integra","tag-brasilia-historiadebrasilia-aricunha-circecunha-mamfil","tag-desemprego"],"_links":{"self":[{"href":"https:\/\/blogs.correiobraziliense.com.br\/aricunha\/wp-json\/wp\/v2\/posts\/8661","targetHints":{"allow":["GET"]}}],"collection":[{"href":"https:\/\/blogs.correiobraziliense.com.br\/aricunha\/wp-json\/wp\/v2\/posts"}],"about":[{"href":"https:\/\/blogs.correiobraziliense.com.br\/aricunha\/wp-json\/wp\/v2\/types\/post"}],"author":[{"embeddable":true,"href":"https:\/\/blogs.correiobraziliense.com.br\/aricunha\/wp-json\/wp\/v2\/users\/34"}],"replies":[{"embeddable":true,"href":"https:\/\/blogs.correiobraziliense.com.br\/aricunha\/wp-json\/wp\/v2\/comments?post=8661"}],"version-history":[{"count":1,"href":"https:\/\/blogs.correiobraziliense.com.br\/aricunha\/wp-json\/wp\/v2\/posts\/8661\/revisions"}],"predecessor-version":[{"id":8662,"href":"https:\/\/blogs.correiobraziliense.com.br\/aricunha\/wp-json\/wp\/v2\/posts\/8661\/revisions\/8662"}],"wp:attachment":[{"href":"https:\/\/blogs.correiobraziliense.com.br\/aricunha\/wp-json\/wp\/v2\/media?parent=8661"}],"wp:term":[{"taxonomy":"category","embeddable":true,"href":"https:\/\/blogs.correiobraziliense.com.br\/aricunha\/wp-json\/wp\/v2\/categories?post=8661"},{"taxonomy":"post_tag","embeddable":true,"href":"https:\/\/blogs.correiobraziliense.com.br\/aricunha\/wp-json\/wp\/v2\/tags?post=8661"}],"curies":[{"name":"wp","href":"https:\/\/api.w.org\/{rel}","templated":true}]}}