{"id":8649,"date":"2017-04-02T10:30:23","date_gmt":"2017-04-02T13:30:23","guid":{"rendered":"https:\/\/blogs.correiobraziliense.com.br\/aricunha\/?p=8649"},"modified":"2017-04-03T07:31:23","modified_gmt":"2017-04-03T10:31:23","slug":"saudosas-sauvas","status":"publish","type":"post","link":"https:\/\/blogs.correiobraziliense.com.br\/aricunha\/saudosas-sauvas\/","title":{"rendered":"Saudosas sa\u00favas"},"content":{"rendered":"<p>Desde 1960<br \/>\njornalista_aricunha@outlook.com<br \/>\nMAMFIL<br \/>\nCirce Cunha circecunha@outlook.com<\/p>\n<p>Bons tempos aqueles em que as sa\u00favas eram apontadas como as maiores inimigas do Brasil. Hoje as mazelas que condenam o pa\u00eds ao subdesenvolvimento eterno sa\u00edram do formigueiro e tomaram conta do Estado, sob a forma de duas pragas gigantes que amea\u00e7am devorar a m\u00e1quina p\u00fablica por dentro e a sociedade por fora. A primeira e talvez a mais dif\u00edcil de ser debelada, por suas m\u00faltiplas causas e consequ\u00eancias, \u00e9 a corrup\u00e7\u00e3o. Por sua longevidade, essa peste adquiriu, entre n\u00f3s, t\u00e3o elevada experi\u00eancia, imunidade e sofistica\u00e7\u00e3o, que se transformou num fen\u00f4meno end\u00eamico, difuso e, portanto, de dif\u00edcil combate.<\/p>\n<p>O segundo flagelo, decorrente do primeiro, \u00e9 a viol\u00eancia. N\u00e3o uma viol\u00eancia qualquer, comum tamb\u00e9m em outros pa\u00edses, mas uma selvageria bestializada que coloca o Brasil no topo dos pa\u00edses mais violentos do planeta. A cada ano, a corrup\u00e7\u00e3o provoca um rombo de R$ 200 bilh\u00f5es na economia do pa\u00eds, desviando recursos que poderiam ser canalizados para superar o subdesenvolvimento e a desigualdade social, que est\u00e3o na base da viol\u00eancia. A corrup\u00e7\u00e3o e a mentira s\u00e3o a m\u00e3e e a tia de todas as pragas.<\/p>\n<p>A Transpar\u00eancia Internacional colocou o Brasil, em 2015, na 76\u00aa posi\u00e7\u00e3o entre 168 pa\u00edses, com 38 pontos, numa escala que vai de 0 a 100. O que os estudiosos do problema perceberam \u00e9 que h\u00e1 uma rela\u00e7\u00e3o inversa entre corrup\u00e7\u00e3o e PIB. A cada queda nos \u00edndices de corrup\u00e7\u00e3o, equivale um crescimento no Produto Interno Bruto. N\u00e3o \u00e9 por outro motivo que, em pa\u00edses onde a percep\u00e7\u00e3o de corrup\u00e7\u00e3o \u00e9 grande, o subdesenvolvimento \u00e9 patente.<\/p>\n<p>O outro lado da moeda de nossa afli\u00e7\u00e3o \u00e9 a viol\u00eancia. Estudo apresentado, agora, pela Confedera\u00e7\u00e3o Nacional da Ind\u00fastria (CNI) mostra que 70% dos brasileiros mudaram seus h\u00e1bitos por conta da viol\u00eancia crescente. A situa\u00e7\u00e3o \u00e9 t\u00e3o alarmante que 80% dos brasileiros j\u00e1 vivenciaram alguma situa\u00e7\u00e3o de inseguran\u00e7a p\u00fablica, como algu\u00e9m se drogando na rua, pol\u00edcia fazendo pris\u00f5es, assaltos, tiroteios, brigas, ass\u00e9dio e mesmo assassinato. Por causa desses epis\u00f3dios repetitivos, nossas cidades v\u00e3o se transformando, a cada dia, em lugares in\u00f3spitos.<\/p>\n<p>A pesquisa, realizada em 141 munic\u00edpios, mostra ainda que 70% da popula\u00e7\u00e3o vem adotando medidas restritivas, como n\u00e3o sair \u00e0 noite, n\u00e3o circular em alguns bairros, aumentar a seguran\u00e7a privada, evitar sair com dinheiro, trocar de endere\u00e7o, at\u00e9 mesmo mudar o jeito de se vestir. O problema ganha maior propor\u00e7\u00e3o quando se percebe que a viol\u00eancia tem fortes impactos na economia. A viol\u00eancia provoca tanto a perda da qualidade de vida quanto da competitividade, ou seja, compromete o desenvolvimento do pa\u00eds. Trabalhadores ficam mais tensos e, com isso, menos focados no trabalho, menos produtivos.<\/p>\n<p>\u201cAs empresas desviam recursos da produ\u00e7\u00e3o para atividades de seguran\u00e7a. Investidores desistem do pa\u00eds. Como consequ\u00eancia, os produtos ficam mais caros\u201d, afirma o gerente executivo de Pesquisa e Competitividade da CNI, Renato da Fonseca. Para 83% da popula\u00e7\u00e3o ouvida, \u00e9 preciso uma pol\u00edtica de toler\u00e2ncia zero com qualquer tipo de infra\u00e7\u00e3o, sendo que muitos chegam a justificar a viol\u00eancia da pol\u00edcia contra os criminosos.<\/p>\n<p>A corrup\u00e7\u00e3o, ao reproduzir as desigualdades sociais, catalisa a viol\u00eancia. Os \u00faltimos epis\u00f3dios ocorridos no Esp\u00edrito Santo d\u00e3o uma pequena e preciosa mostra da simbiose existente entre corrup\u00e7\u00e3o e viol\u00eancia, bem como seus efeitos delet\u00e9rios sobre os cidad\u00e3os de bem e a economia local.<\/p>\n<p>A frase que n\u00e3o foi pronunciada<\/p>\n<p>\u201cQuerida, eu estou t\u00e3o rica que, se me cremarem, eu viro purpurina!\u201d<\/p>\n<p>Senhora de tornozeleira se desfazendo das invejosas<\/p>\n<p>Afasta<\/p>\n<p>Selma Sauerbronn, vice-procuradora-geral de Justi\u00e7a, defendeu o afastamento dos cinco deputados distritais no esc\u00e2ndalo de corrup\u00e7\u00e3o revelado pela Opera\u00e7\u00e3o Dr\u00e1con com o seguinte argumento: \u201cH\u00e1 ind\u00edcios de que os denunciados utilizaram seus cargos pol\u00edticos n\u00e3o s\u00f3 para obten\u00e7\u00e3o de vantagem, mas tamb\u00e9m para a queima de provas. Dessa forma, o afastamento seria para garantir a dignidade do Legislativo local e em respeito ao eleitorado do Distrito Federal\u201d<\/p>\n<p>Impedidos de trabalhar<\/p>\n<p>Den\u00fancias dando conta de que professores grevistas impediriam outros colegas de trabalhar e dispensando alunos que querem assistir \u00e0s aulas t\u00eam chegado ao conhecimento do Minist\u00e9rio P\u00fablico do Distrito Federal. Para o MP, \u201co direito \u00e0 greve n\u00e3o pode se sobrepor ao direito educacional de milhares de estudantes da rede p\u00fablica do Distrito Federal, causando preju\u00edzos irrevers\u00edveis\u201d, \u00e9 o parecer.<\/p>\n<p>Hist\u00f3ria de Bras\u00edlia<\/p>\n<p>Est\u00e1 se formando uma campanha em Bras\u00edlia para que os ministros residam no Distrito Federal. Dois poderes j\u00e1 se mudaram definitivamente, faltando apenas o Executivo. (Publicado em 24\/9\/1961)<\/p>\n","protected":false},"excerpt":{"rendered":"<p>Desde 1960 jornalista_aricunha@outlook.com MAMFIL Circe Cunha circecunha@outlook.com Bons tempos aqueles em que as sa\u00favas eram apontadas como as maiores inimigas do Brasil. Hoje as mazelas que condenam o pa\u00eds ao subdesenvolvimento eterno sa\u00edram do formigueiro e tomaram conta do Estado, sob a forma de duas pragas gigantes que amea\u00e7am devorar a m\u00e1quina p\u00fablica por dentro e a sociedade por fora. [&hellip;]<\/p>\n","protected":false},"author":34,"featured_media":0,"comment_status":"closed","ping_status":"closed","sticky":false,"template":"","format":"standard","meta":{"footnotes":""},"categories":[23],"tags":[33],"class_list":["post-8649","post","type-post","status-publish","format-standard","hentry","category-integra","tag-brasil-brasilia-politica-educacao-ari-cunha-mamfil-circecunha"],"_links":{"self":[{"href":"https:\/\/blogs.correiobraziliense.com.br\/aricunha\/wp-json\/wp\/v2\/posts\/8649","targetHints":{"allow":["GET"]}}],"collection":[{"href":"https:\/\/blogs.correiobraziliense.com.br\/aricunha\/wp-json\/wp\/v2\/posts"}],"about":[{"href":"https:\/\/blogs.correiobraziliense.com.br\/aricunha\/wp-json\/wp\/v2\/types\/post"}],"author":[{"embeddable":true,"href":"https:\/\/blogs.correiobraziliense.com.br\/aricunha\/wp-json\/wp\/v2\/users\/34"}],"replies":[{"embeddable":true,"href":"https:\/\/blogs.correiobraziliense.com.br\/aricunha\/wp-json\/wp\/v2\/comments?post=8649"}],"version-history":[{"count":1,"href":"https:\/\/blogs.correiobraziliense.com.br\/aricunha\/wp-json\/wp\/v2\/posts\/8649\/revisions"}],"predecessor-version":[{"id":8650,"href":"https:\/\/blogs.correiobraziliense.com.br\/aricunha\/wp-json\/wp\/v2\/posts\/8649\/revisions\/8650"}],"wp:attachment":[{"href":"https:\/\/blogs.correiobraziliense.com.br\/aricunha\/wp-json\/wp\/v2\/media?parent=8649"}],"wp:term":[{"taxonomy":"category","embeddable":true,"href":"https:\/\/blogs.correiobraziliense.com.br\/aricunha\/wp-json\/wp\/v2\/categories?post=8649"},{"taxonomy":"post_tag","embeddable":true,"href":"https:\/\/blogs.correiobraziliense.com.br\/aricunha\/wp-json\/wp\/v2\/tags?post=8649"}],"curies":[{"name":"wp","href":"https:\/\/api.w.org\/{rel}","templated":true}]}}