{"id":8615,"date":"2017-03-19T03:41:29","date_gmt":"2017-03-19T06:41:29","guid":{"rendered":"https:\/\/blogs.correiobraziliense.com.br\/aricunha\/?p=8615"},"modified":"2017-04-03T06:42:14","modified_gmt":"2017-04-03T09:42:14","slug":"acoes-humanas-induzem-e-podem-mitigar-crise-hidrica-no-df","status":"publish","type":"post","link":"https:\/\/blogs.correiobraziliense.com.br\/aricunha\/acoes-humanas-induzem-e-podem-mitigar-crise-hidrica-no-df\/","title":{"rendered":"A\u00e7\u00f5es humanas induzem e podem mitigar crise h\u00eddrica no DF"},"content":{"rendered":"<p>Desde 1960<\/p>\n<p>jornalista_aricunha@outlook.com<br \/>\nMAMFIL<br \/>\ncircecunha@outlook.com<\/p>\n<p>Infelizmente, o Relat\u00f3rio s\u00edntese sobre a crise h\u00eddrica no DF, elaborado pelo Conselho de Recursos H\u00eddricos, da Secretaria do Meio Ambiente, n\u00e3o chegou ao conhecimento da popula\u00e7\u00e3o. N\u00e3o chegou, principalmente, \u00e0s escolas da capital, onde a leitura atenta das an\u00e1lises feitas por t\u00e9cnicos do setor sobre a escassez de \u00e1gua ajudaria no entendimento, n\u00e3o s\u00f3 das causas e consequ\u00eancias, mas refor\u00e7ariam o sentido urgente de se empreenderem medidas e solu\u00e7\u00f5es criativas para resolver este que \u00e9 o maior desafio experimentado pela capital dos brasileiros desde a sua funda\u00e7\u00e3o.<br \/>\nO poder multiplicador das escolas tem o dom de promover um alargamento da discuss\u00e3o. \u00c9 preciso envolver as novas gera\u00e7\u00f5es no assunto, realizando feiras de ci\u00eancia sobre o tema, premiando trabalhos escolares e mesmo universit\u00e1rios, que apontem solu\u00e7\u00f5es para esse drama. Ningu\u00e9m pode desconhecer que o problema \u00e9 de todos.<br \/>\n\u00c9 importante salientar que se foram as a\u00e7\u00f5es humanas que aceleraram a crise h\u00eddrica, h\u00e1 de ser pela a\u00e7\u00e3o desses mesmos agentes que as solu\u00e7\u00f5es vir\u00e3o ao seu tempo ou pelo menos se tornar\u00e3o menos intensa e mais suport\u00e1vel. O homem \u00e9 o agente principal de seu destino. Durante sete meses, o relat\u00f3rio que trata da crise h\u00eddrica foi sendo montado com base em an\u00e1lises, informa\u00e7\u00f5es e propostas colhidas nas diversas reuni\u00f5es organizadas para debater o assunto e, hoje, se constitui no mais completo e sucinto documento sobre o drama da escassez de abastecimento de \u00e1gua pot\u00e1vel para a popula\u00e7\u00e3o do Distrito Federal.<br \/>\nO documento come\u00e7a por mostrar a queda acentuada nos volumes de chuva, registradoa nos \u00faltimos dois anos, sempre muito abaixo das m\u00e9dias hist\u00f3ricas para a regi\u00e3o. Depois, analisa a distribui\u00e7\u00e3o, cada vez mais heterog\u00eanea, dessas chuvas, o que tem afetado a preserva\u00e7\u00e3o de \u00e1gua, principalmente nas sub-bacias hidrogr\u00e1ficas do Descoberto e de Santa Maria que, juntas, abastecem 85% da popula\u00e7\u00e3o.<br \/>\nAo lado desses aspectos climatol\u00f3gicos, decorrentes, em parte, do processo do efeito estufa global, o relat\u00f3rio aponta, no caso de Bras\u00edlia, o crescimento populacional na \u00faltima d\u00e9cada, superior a 2% ao ano, e os impactos que o incha\u00e7o trouxe para a demanda de \u00e1gua e para a produ\u00e7\u00e3o de esgoto lan\u00e7ado no ambiente.<br \/>\nO documento lista ainda a a\u00e7\u00e3o humana decorrente da grilagem de terras p\u00fablicas e da ocupa\u00e7\u00e3o irregular do solo (em muitos casos favorecida pelos governos passados, dentro da vis\u00e3o: um lote, um voto). Essas ocupa\u00e7\u00f5es ocorreram em \u00e1reas de prote\u00e7\u00e3o de mananciais, unidades de conserva\u00e7\u00e3o, \u00e1reas de recarga de aqu\u00edferos, de preserva\u00e7\u00e3o permanente, de nascentes e de matas ciliares.<br \/>\nComo resultado dessa desordem, o relat\u00f3rio alerta, nos \u00faltimos 25 anos, mais de 50% da cobertura vegetal original foram perdidas nas \u00e1reas urbanas e no entorno agr\u00edcola. Esse importante documento lista a destrui\u00e7\u00e3o do bioma cerrado, mostrando que, nos \u00faltimos 10 anos, as taxas de desmatamento anuais foram superiores a 15 mil km\u00b2, o que, necessariamente, afetou o ecossistema da regi\u00e3o.<br \/>\nForam considerados problemas as perdas e os furtos de \u00e1gua do sistema superiores a 35%. Est\u00e3o relacionados, no documento, al\u00e9m da falta sens\u00edvel de investimentos nas \u00faltimas duas d\u00e9cadas para o setor, e o consumo chamado de irracional e perdul\u00e1rio de \u00e1gua, sobretudo, nas regi\u00f5es mais ricas da cidade, onde o gasto de \u00e1gua por habitante supera os 500 litros\/dia, quando a m\u00e9dia ideal recomendada pela ONU \u00e9 de 110 litros por habitante\/dia. H\u00e1 ainda muito a ser discutido com a popula\u00e7\u00e3o com rela\u00e7\u00e3o \u00e0 escassez cr\u00f4nica de \u00e1gua, mas o relat\u00f3rio \u00e9 um bom come\u00e7o, principalmente, se a\u00e7\u00f5es efetivas forem tomadas.<\/p>\n<p>A frase que n\u00e3o foi pronunciada<br \/>\n\u201cA a\u00e7\u00e3o tanto \u00e9 a vida da alma como do corpo.\u201d<br \/>\nGeorge Meredith<\/p>\n<p>Cabe\u00e7as de porco<br \/>\n\u00bb Opera\u00e7\u00e3o Carne Fraca. Nos dois sentidos. O primeiro de ceder \u00e0 corrup\u00e7\u00e3o, inclusive, com a cumplicidade de funcion\u00e1rios da vigil\u00e2ncia e o segundo, aquelas marcas com comerciais lindos, Swift, Seara e Perdig\u00e3o, comercializando carnes com papel\u00e3o, \u00e1cido asc\u00f3rbico e at\u00e9 cabe\u00e7a de porco!<\/p>\n<p>Novidade<br \/>\n\u00bb Marta Ramalhete divulga a arte de contar hist\u00f3rias com uma camada de tecnologia, o famoso Ubook. \u201cPossu\u00edmos quatro est\u00fadios pr\u00f3prios e temos parcerias com outras dezenas de est\u00fadios espalhados pelo Brasil. Nosso objetivo, com isso, \u00e9 poder proporcionar aos nossos ouvintes uma gama variada de vozes, interpreta\u00e7\u00f5es e sotaques das mais diferentes regi\u00f5es do pa\u00eds. Afinal, \u00e9 essa mistura de sotaques, g\u00edrias, express\u00f5es locais e variadas entona\u00e7\u00f5es que torna o Brasil t\u00e3o rico e culturalmente diversificado\u201d, diz Marta Ramalhete, gerente de produ\u00e7\u00e3o do Ubook, maior plataforma de audiolivros por streaming da Am\u00e9rica Latina. Acesse o www.ubook.com.<\/p>\n<p>Boas novas<br \/>\n\u00bb Governo do DF garante que vai quitar as d\u00edvidas com fornecedores da Sa\u00fade. Por volta de R$ 365 milh\u00f5es ser\u00e3o necess\u00e1rios. Uma for\u00e7a tarefa foi montada para articular, na pr\u00e1tica, o fim da d\u00edvida.<\/p>\n<p>Hist\u00f3ria de Bras\u00edlia<br \/>\nH\u00e1 m\u00e9dicos e enfermeiras \u00e0 beira da estafa, com plant\u00f5es dobrados. H\u00e1 uma onda sonolenta nos corredores. Todos sofrem, porque n\u00e3o querem que os pacientes sofram. Mas tudo tem um limite, e a fadiga \u00e9 vis\u00edvel em todos. (Publicado em 23\/9\/1961)<\/p>\n","protected":false},"excerpt":{"rendered":"<p>Desde 1960 jornalista_aricunha@outlook.com MAMFIL circecunha@outlook.com Infelizmente, o Relat\u00f3rio s\u00edntese sobre a crise h\u00eddrica no DF, elaborado pelo Conselho de Recursos H\u00eddricos, da Secretaria do Meio Ambiente, n\u00e3o chegou ao conhecimento da popula\u00e7\u00e3o. N\u00e3o chegou, principalmente, \u00e0s escolas da capital, onde a leitura atenta das an\u00e1lises feitas por t\u00e9cnicos do setor sobre a escassez de \u00e1gua ajudaria no entendimento, n\u00e3o s\u00f3 [&hellip;]<\/p>\n","protected":false},"author":34,"featured_media":0,"comment_status":"closed","ping_status":"closed","sticky":false,"template":"","format":"standard","meta":{"footnotes":""},"categories":[23],"tags":[34],"class_list":["post-8615","post","type-post","status-publish","format-standard","hentry","category-integra","tag-politica-brasil-brasilia-ari-cunha-mamfil-circecunha"],"_links":{"self":[{"href":"https:\/\/blogs.correiobraziliense.com.br\/aricunha\/wp-json\/wp\/v2\/posts\/8615","targetHints":{"allow":["GET"]}}],"collection":[{"href":"https:\/\/blogs.correiobraziliense.com.br\/aricunha\/wp-json\/wp\/v2\/posts"}],"about":[{"href":"https:\/\/blogs.correiobraziliense.com.br\/aricunha\/wp-json\/wp\/v2\/types\/post"}],"author":[{"embeddable":true,"href":"https:\/\/blogs.correiobraziliense.com.br\/aricunha\/wp-json\/wp\/v2\/users\/34"}],"replies":[{"embeddable":true,"href":"https:\/\/blogs.correiobraziliense.com.br\/aricunha\/wp-json\/wp\/v2\/comments?post=8615"}],"version-history":[{"count":1,"href":"https:\/\/blogs.correiobraziliense.com.br\/aricunha\/wp-json\/wp\/v2\/posts\/8615\/revisions"}],"predecessor-version":[{"id":8616,"href":"https:\/\/blogs.correiobraziliense.com.br\/aricunha\/wp-json\/wp\/v2\/posts\/8615\/revisions\/8616"}],"wp:attachment":[{"href":"https:\/\/blogs.correiobraziliense.com.br\/aricunha\/wp-json\/wp\/v2\/media?parent=8615"}],"wp:term":[{"taxonomy":"category","embeddable":true,"href":"https:\/\/blogs.correiobraziliense.com.br\/aricunha\/wp-json\/wp\/v2\/categories?post=8615"},{"taxonomy":"post_tag","embeddable":true,"href":"https:\/\/blogs.correiobraziliense.com.br\/aricunha\/wp-json\/wp\/v2\/tags?post=8615"}],"curies":[{"name":"wp","href":"https:\/\/api.w.org\/{rel}","templated":true}]}}