{"id":8594,"date":"2017-03-16T07:01:54","date_gmt":"2017-03-16T10:01:54","guid":{"rendered":"https:\/\/blogs.correiobraziliense.com.br\/aricunha\/?p=8594"},"modified":"2017-03-17T07:03:18","modified_gmt":"2017-03-17T10:03:18","slug":"sobra-politica-falta-gestao","status":"publish","type":"post","link":"https:\/\/blogs.correiobraziliense.com.br\/aricunha\/sobra-politica-falta-gestao\/","title":{"rendered":"Sobra pol\u00edtica, falta gest\u00e3o"},"content":{"rendered":"<p>Desde 1960<\/p>\n<p>jornalista_aricunha@outlook.com<br \/>\nMAMFIL<br \/>\ncircecunha@outlook.com <\/p>\n<p>Somente no dia em que a m\u00e1 gest\u00e3o administrativa nos servi\u00e7os p\u00fablicos resultar em pesadas penas criminais para os respons\u00e1veis diretos, os bilh\u00f5es de reais pagos pelos contribuintes resultar\u00e3o em atendimento de primeiro mundo. Enquanto esse tempo n\u00e3o chega, a flagrante decad\u00eancia do modelo de gest\u00e3o p\u00fablica \u00e9 exposta diariamente na imprensa e sentida na pele por todos.<\/p>\n<p>Atesta, al\u00e9m disso, que os maus servi\u00e7os prestados \u00e0 popula\u00e7\u00e3o passam longe da escassez de recursos e se centram muito mais no tipo de modelo organizacional adotado, que funciona sem considerar os cidad\u00e3os que pagaram por eles.<\/p>\n<p>Escolas, seguran\u00e7a e hospitais p\u00fablicos s\u00e3o exemplos desse sistema falido que absorve verbas bilion\u00e1rias, presta servi\u00e7os sofr\u00edveis e, ainda assim, est\u00e1 constantemente sucateado ou com os servi\u00e7os paralisados por press\u00f5es sindicais ou pol\u00edticas. Nos pa\u00edses onde h\u00e1 seriedade na aplica\u00e7\u00e3o dos recursos do contribuinte, a regra \u00e9 prestar servi\u00e7os de excel\u00eancia \u00e0 popula\u00e7\u00e3o.<\/p>\n<p>Para se ter uma ideia, com as verbas que recebem anualmente e com o n\u00famero de servidores que disp\u00f5em, os hospitais e as escolas p\u00fablicas do Distrito Federal deveriam apresentar padr\u00e3o de atendimento similar ao de entidades como Albert Einstein, Rede Sarah, Escola Americana e outros estabelecimentos de ponta, nos quais o modelo \u00e9 estruturado por uma gest\u00e3o eficiente. Nelas, h\u00e1 presta\u00e7\u00e3o de contas, o que \u00e9 o m\u00ednimo exigido para quem recebe verba p\u00fablica. Por isso, quando se fala em mudan\u00e7as de rumos e gest\u00e3o, esses mesmos grupos v\u00eam a p\u00fablico com discursos alarmistas e outras fal\u00e1cias.<\/p>\n<p>O cidad\u00e3o brasiliense se deu conta de que, no sistema, sobra pol\u00edtica e falta gest\u00e3o profissional decente. Infelizmente, o Distrito Federal, \u00e0 semelhan\u00e7a da coragem dos pioneiros e do arrojo de sua arquitetura, n\u00e3o adotou tamb\u00e9m um sistema exemplar e revolucion\u00e1rio de administra\u00e7\u00e3o p\u00fablica. Falta gente de prest\u00edgio e pulso para ser respeitada fazendo valer a lei a partir de si.<\/p>\n<p>Vivemos numa casa nova, com velhos h\u00e1bitos. Fosse permitido ao GDF estabelecer, como ponto de partida, o teto salarial do funcionalismo local, com base no que recebe um professor universit\u00e1rio em fim de carreira, grande parte dos recursos com a folha salarial seriam poupados.<\/p>\n<p>Nos casos frequentes de corrup\u00e7\u00e3o, bastaria a fixa\u00e7\u00e3o da pena de um dia de cadeia para cada real desviado dos contribuintes. O enxugamento da gigantesca m\u00e1quina p\u00fablica e de sua folha salarial, que consome grande parte dos recursos, seria outra boa medida. A cria\u00e7\u00e3o de um sistema de blindagem da m\u00e1quina do Estado contra a investida de pol\u00edticos seria, efetivamente, de grande valia.<\/p>\n<p>Na verdade, n\u00e3o faltam solu\u00e7\u00f5es corretivas e justas. O que tem faltado \u00e9 coragem para implement\u00e1-las. Nesse sentido, soa como uma boa medida a inten\u00e7\u00e3o do governo de adotar novo modelo de gest\u00e3o do Hospital de Base de Bras\u00edlia, transformando-o em instituto. O mesmo poderia ser pensado para as escolas p\u00fablicas, abandonadas \u00e0 pr\u00f3pria sorte.<\/p>\n<p>A frase que foi pronunciada<\/p>\n<p>\u201cQuem fala na cara n\u00e3o \u00e9 traidor.\u201d<\/p>\n<p>Ditado italiano<\/p>\n<p>Artesanato<\/p>\n<p>\u00bb Marcos Linhares nos envia as informa\u00e7\u00f5es sobre a XI Finnar, Feira Internacional de Artesanato. A novidade deste ano s\u00e3o os mestres santeiros do Piau\u00ed. O Iphan faz a apresenta\u00e7\u00e3o desse grupo: \u201cA criatividade que envolve o trabalho desses artes\u00e3os se materializa em formas com tem\u00e1ticas religiosas, permitindo se criar o of\u00edcio de santeiro, denomina\u00e7\u00e3o dada pelos pr\u00f3prios detentores desse saber-fazer\u201d.<\/p>\n<p>Quando<\/p>\n<p>\u00bb A Feira Internacional de Artesanato ser\u00e1 no Centro de Conven\u00e7\u00f5es, de 14 a 23 de abril.<\/p>\n<p>Bola de cristal<\/p>\n<p>\u00bb Por falar em den\u00fancias, Vitor Valim, do PMDB do Cear\u00e1, conta que a antiga Coelce, atual Enel, resolveu furtar o cidad\u00e3o cearense de uma forma bastante marota. Todos os meses envia tr\u00eas contas para a resid\u00eancia dos consumidores. Do consumo do m\u00eas anterior, do m\u00eas atual e do m\u00eas seguinte. At\u00e9 agora o MP do Estado n\u00e3o fez nada.<\/p>\n<p>Novidade<\/p>\n<p>\u00bb Santeiros do Piau\u00ed reivindicaram o registro da arte de esculpir em madeira como patrim\u00f4nio imaterial do Piau\u00ed. O processo est\u00e1 em curso.<\/p>\n<p>Dinheiro p\u00fablico<\/p>\n<p>\u00bb Estelionato, peculato, falsidade ideol\u00f3gica, falsifica\u00e7\u00e3o de documentos e associa\u00e7\u00e3o criminosa s\u00e3o apenas alguns dos crimes anotados pelo Minist\u00e9rio P\u00fablico e Pol\u00edcia Civil sobre o registro de frequ\u00eancia de m\u00e9dicos do Hospital de Base de Bras\u00edlia. Muita coisa vai mudar por ali. Novos h\u00e1bitos em obedi\u00eancia \u00e0 lei. Os outros hospitais p\u00fablicos do DF podem ir consertando o que estiver errado porque tamb\u00e9m est\u00e3o na mira.<\/p>\n<p>Facilidades<\/p>\n<p>\u00bb Den\u00fancias de tr\u00e1fico de drogas podem ser feitas pelo WhatsApp (61) 98626-1197.<\/p>\n<p>Hist\u00f3ria de Bras\u00edlia<\/p>\n<p>\u00c9 quase calamidade o que est\u00e1 acontecendo no Hospital Distrital. Falta tudo, e a falha maior \u00e9 da dire\u00e7\u00e3o que n\u00e3o se imp\u00f5e. Os doentes que ocupam apartamentos, que pagam caro, que deviam ter melhor tratamento s\u00e3o obrigados a levar len\u00e7\u00f3is de casa para seu pr\u00f3prio uso durante o tempo em que estiverem no Hospital. (Publicado em 23\/9\/1961)<\/p>\n","protected":false},"excerpt":{"rendered":"<p>Desde 1960 jornalista_aricunha@outlook.com MAMFIL circecunha@outlook.com Somente no dia em que a m\u00e1 gest\u00e3o administrativa nos servi\u00e7os p\u00fablicos resultar em pesadas penas criminais para os respons\u00e1veis diretos, os bilh\u00f5es de reais pagos pelos contribuintes resultar\u00e3o em atendimento de primeiro mundo. Enquanto esse tempo n\u00e3o chega, a flagrante decad\u00eancia do modelo de gest\u00e3o p\u00fablica \u00e9 exposta diariamente na imprensa e sentida na [&hellip;]<\/p>\n","protected":false},"author":34,"featured_media":0,"comment_status":"closed","ping_status":"closed","sticky":false,"template":"","format":"standard","meta":{"footnotes":""},"categories":[23],"tags":[33],"class_list":["post-8594","post","type-post","status-publish","format-standard","hentry","category-integra","tag-brasil-brasilia-politica-educacao-ari-cunha-mamfil-circecunha"],"_links":{"self":[{"href":"https:\/\/blogs.correiobraziliense.com.br\/aricunha\/wp-json\/wp\/v2\/posts\/8594","targetHints":{"allow":["GET"]}}],"collection":[{"href":"https:\/\/blogs.correiobraziliense.com.br\/aricunha\/wp-json\/wp\/v2\/posts"}],"about":[{"href":"https:\/\/blogs.correiobraziliense.com.br\/aricunha\/wp-json\/wp\/v2\/types\/post"}],"author":[{"embeddable":true,"href":"https:\/\/blogs.correiobraziliense.com.br\/aricunha\/wp-json\/wp\/v2\/users\/34"}],"replies":[{"embeddable":true,"href":"https:\/\/blogs.correiobraziliense.com.br\/aricunha\/wp-json\/wp\/v2\/comments?post=8594"}],"version-history":[{"count":2,"href":"https:\/\/blogs.correiobraziliense.com.br\/aricunha\/wp-json\/wp\/v2\/posts\/8594\/revisions"}],"predecessor-version":[{"id":8604,"href":"https:\/\/blogs.correiobraziliense.com.br\/aricunha\/wp-json\/wp\/v2\/posts\/8594\/revisions\/8604"}],"wp:attachment":[{"href":"https:\/\/blogs.correiobraziliense.com.br\/aricunha\/wp-json\/wp\/v2\/media?parent=8594"}],"wp:term":[{"taxonomy":"category","embeddable":true,"href":"https:\/\/blogs.correiobraziliense.com.br\/aricunha\/wp-json\/wp\/v2\/categories?post=8594"},{"taxonomy":"post_tag","embeddable":true,"href":"https:\/\/blogs.correiobraziliense.com.br\/aricunha\/wp-json\/wp\/v2\/tags?post=8594"}],"curies":[{"name":"wp","href":"https:\/\/api.w.org\/{rel}","templated":true}]}}