{"id":8558,"date":"2017-03-05T02:00:26","date_gmt":"2017-03-05T05:00:26","guid":{"rendered":"https:\/\/blogs.correiobraziliense.com.br\/aricunha\/?p=8558"},"modified":"2017-03-06T10:02:30","modified_gmt":"2017-03-06T13:02:30","slug":"analfabetismo-ambiental-e-oportunismo-politico","status":"publish","type":"post","link":"https:\/\/blogs.correiobraziliense.com.br\/aricunha\/analfabetismo-ambiental-e-oportunismo-politico\/","title":{"rendered":"Analfabetismo ambiental e oportunismo pol\u00edtico"},"content":{"rendered":"<p>DESDE 1960 \u00bb<\/p>\n<p>jornalista_aricunha@outlook.com<br \/>\ncom Circe Cunha e MAMFIL<\/p>\n<p>Com a redu\u00e7\u00e3o progressiva dos n\u00edveis de \u00e1gua nos reservat\u00f3rios que abastecem o Distrito Federal, o que vai aflorando \u00e0 vista de todos \u00e9, al\u00e9m de velhos troncos de \u00e1rvores retorcidas, a hist\u00f3ria de uma sucess\u00e3o de crimes pol\u00edticos e ambientais que resultaram numa grav\u00edssima e crescente crise h\u00eddrica que amea\u00e7a inviabilizar o pr\u00f3prio futuro de Bras\u00edlia.<\/p>\n<p>\u201cQuando a mar\u00e9 baixa \u00e9 que descobrimos quem estava nadando nu\u201d. A frase do megainvestidor americano Warren Buffett serve perfeitamente, como um traje de mergulhador, para o grave problema da escassez de \u00e1gua no DF.<\/p>\n<p>Os n\u00edveis de \u00e1gua baixaram pondo a descoberto agora a alian\u00e7a perversa que, por d\u00e9cadas, foi estabelecida entre o oportunismo pol\u00edtico, a gan\u00e2ncia empresarial, o analfabetismo ambiental e o descaso da pr\u00f3pria popula\u00e7\u00e3o. Culpar o aquecimento global, os caprichos dos regimes de chuvas, o El Ni\u00f1o e outros fen\u00f4menos clim\u00e1ticos \u00e9 tudo que podem fazer e querem os sujeitos desse crime anunciado para se livrarem do veredito severo das novas gera\u00e7\u00f5es e de todos aqueles que t\u00eam consci\u00eancia da import\u00e2ncia da preserva\u00e7\u00e3o dos biomas para a vida humana.<\/p>\n<p>A partir da d\u00e9cada de 1980, com a emancipa\u00e7\u00e3o pol\u00edtica do Distrito Federal, tem in\u00edcio um acelerado processo de devasta\u00e7\u00e3o e degrada\u00e7\u00e3o do cerrado, para abrir caminho \u00e0 ocupa\u00e7\u00e3o urbana desordenada comandada por governantes e pol\u00edticos locais em conluio com desembargadores, ju\u00edzes e empreiteiros espertalh\u00f5es.<\/p>\n<p>Durante d\u00e9cadas, essa turma enxergou na invas\u00e3o de terras p\u00fablicas e particulares, mesmo aquelas protegidas por lei, como \u00c1rea de Prote\u00e7\u00e3o Ambiental (APA), a moeda pol\u00edtica e econ\u00f4mica ideal que permitiria a perpetua\u00e7\u00e3o do modelo: um lote, um voto.<\/p>\n<p>Sob a batuta desses dirigentes inescrupulosos, governadores e deputados distritais criavam novos assentamentos e incentivavam a invas\u00e3o de outros. Dando cobertura legal a essas autoridades, ju\u00edzes e desembargadores concediam enxurradas de liminares, impedindo fiscaliza\u00e7\u00e3o e derrubadas de invas\u00f5es.<\/p>\n<p>No apoio log\u00edstico, a CEB e a Caesb vinham logo atr\u00e1s, ligando, com presteza incomum, luz e \u00e1gua nos assentamentos irregulares, para dar a ocupa\u00e7\u00e3o como fato consumado. Documentos de IPTU eram providenciados \u00e0s pressas para dar alguma legalidade ao crime.<\/p>\n<p>Grileiros e empreiteiros faziam a festa e a fortuna com a farra das terras. O que resultou desses anos loucos e irrespons\u00e1veis muitos, hoje, puderam perceber e sentir na pele. O assoreamento, a polui\u00e7\u00e3o e o soterramento de nascentes, o desmatamento de matas ciliares, a impermeabiliza\u00e7\u00e3o dos solos e outros danos irrepar\u00e1veis ao meio ambiente foram o que ficou de heran\u00e7a da irresponsabilidade pol\u00edtica que, por incr\u00edvel que pare\u00e7a, ainda persiste de modo velado e com a mesma for\u00e7a destruidora.<\/p>\n<p>A frase que foi pronunciada<\/p>\n<p>\u201cAcreditar em algo e n\u00e3o o viver \u00e9 desonesto.\u201d<\/p>\n<p>Mahatma Gandhi<\/p>\n<p>Intera\u00e7\u00e3o<\/p>\n<p>\u00bb Por falar em \u00e1gua, a Caesb precisa abrir uma linha telef\u00f4nica e configurar o WhatsApp para a popula\u00e7\u00e3o informar sobre vazamentos.<\/p>\n<p>Voo<\/p>\n<p>\u00bb Pela terceira vez, a Latan faz pouso de emerg\u00eancia no Aeroporto Internacional de Bras\u00edlia. Na semana passada havia fuma\u00e7a no avi\u00e3o.<\/p>\n<p>Talento<\/p>\n<p>\u00bb Moema Craveiro Campos fez anivers\u00e1rio. Pianista e sanfoneira de dedos \u00e1geis e gra\u00e7a que s\u00f3 ela tem. Feliz Ano Novo!<\/p>\n<p>Menos imposto<\/p>\n<p>\u00bb Aten\u00e7\u00e3o! Se voc\u00ea tem 60 anos ou mais ser\u00e1 isento do IPTU. A lei diz o seguinte: O direito \u00e9 garantido pela Lei Distrital 5638\/2016, que modificou o inciso VII do artigo 5\u00ba da Lei Distrital 4727\/2011, isentando do IPTU, at\u00e9 31 de dezembro de 2019, \u201co im\u00f3vel com at\u00e9 120 metros quadrados de \u00e1rea constru\u00edda cujo titular, maior de 60 anos, seja aposentado ou pensionista, receba at\u00e9 dois sal\u00e1rios m\u00ednimos mensais, utilize o im\u00f3vel como sua resid\u00eancia e de sua fam\u00edlia e n\u00e3o seja possuidor de outro im\u00f3vel\u201d.<\/p>\n<p>Dif\u00edcil<\/p>\n<p>\u00bb Voltaram as invas\u00f5es de resid\u00eancias na capital. Sem cerim\u00f4nia, os bandidos pulam cercas, quebram vidros, amarram as pessoas, amea\u00e7am e levam tudo o que foi conquistado pelo trabalho.<\/p>\n<p>Orgulho<\/p>\n<p>\u00bb Jeanne Maz, neuropediatra, comemora o doutorado de Chael Luigi de Souza Mazza, seu primog\u00eanito, que defendeu a tese intitulada \u201cInova\u00e7\u00e3o, desempenho e coprodu\u00e7\u00e3o no setor financeiro\u201d, estudo de companhias brasileiras de mercado aberto.<\/p>\n<p>Hist\u00f3ria de Bras\u00edlia<\/p>\n<p>H\u00e1, tamb\u00e9m, o caso de um senhor goiano, que, com um papel na m\u00e3o, disse a um amigo nosso que entregaria ao senador Jos\u00e9 Feliciano aquele papel e que ali estavam todos os cargos da prefeitura. Terminou dizendo isto: o cargo do Ari Cunha, \u00e9 uma quest\u00e3o de honra para o PSD de Goi\u00e1s. (Publicado em 23\/9\/1961)<\/p>\n","protected":false},"excerpt":{"rendered":"<p>DESDE 1960 \u00bb jornalista_aricunha@outlook.com com Circe Cunha e MAMFIL Com a redu\u00e7\u00e3o progressiva dos n\u00edveis de \u00e1gua nos reservat\u00f3rios que abastecem o Distrito Federal, o que vai aflorando \u00e0 vista de todos \u00e9, al\u00e9m de velhos troncos de \u00e1rvores retorcidas, a hist\u00f3ria de uma sucess\u00e3o de crimes pol\u00edticos e ambientais que resultaram numa grav\u00edssima e crescente crise h\u00eddrica que amea\u00e7a [&hellip;]<\/p>\n","protected":false},"author":34,"featured_media":0,"comment_status":"closed","ping_status":"closed","sticky":false,"template":"","format":"standard","meta":{"footnotes":""},"categories":[23],"tags":[33],"class_list":["post-8558","post","type-post","status-publish","format-standard","hentry","category-integra","tag-brasil-brasilia-politica-educacao-ari-cunha-mamfil-circecunha"],"_links":{"self":[{"href":"https:\/\/blogs.correiobraziliense.com.br\/aricunha\/wp-json\/wp\/v2\/posts\/8558","targetHints":{"allow":["GET"]}}],"collection":[{"href":"https:\/\/blogs.correiobraziliense.com.br\/aricunha\/wp-json\/wp\/v2\/posts"}],"about":[{"href":"https:\/\/blogs.correiobraziliense.com.br\/aricunha\/wp-json\/wp\/v2\/types\/post"}],"author":[{"embeddable":true,"href":"https:\/\/blogs.correiobraziliense.com.br\/aricunha\/wp-json\/wp\/v2\/users\/34"}],"replies":[{"embeddable":true,"href":"https:\/\/blogs.correiobraziliense.com.br\/aricunha\/wp-json\/wp\/v2\/comments?post=8558"}],"version-history":[{"count":1,"href":"https:\/\/blogs.correiobraziliense.com.br\/aricunha\/wp-json\/wp\/v2\/posts\/8558\/revisions"}],"predecessor-version":[{"id":8559,"href":"https:\/\/blogs.correiobraziliense.com.br\/aricunha\/wp-json\/wp\/v2\/posts\/8558\/revisions\/8559"}],"wp:attachment":[{"href":"https:\/\/blogs.correiobraziliense.com.br\/aricunha\/wp-json\/wp\/v2\/media?parent=8558"}],"wp:term":[{"taxonomy":"category","embeddable":true,"href":"https:\/\/blogs.correiobraziliense.com.br\/aricunha\/wp-json\/wp\/v2\/categories?post=8558"},{"taxonomy":"post_tag","embeddable":true,"href":"https:\/\/blogs.correiobraziliense.com.br\/aricunha\/wp-json\/wp\/v2\/tags?post=8558"}],"curies":[{"name":"wp","href":"https:\/\/api.w.org\/{rel}","templated":true}]}}