{"id":8556,"date":"2017-03-04T09:56:20","date_gmt":"2017-03-04T12:56:20","guid":{"rendered":"https:\/\/blogs.correiobraziliense.com.br\/aricunha\/?p=8556"},"modified":"2017-03-06T09:58:49","modified_gmt":"2017-03-06T12:58:49","slug":"saneando-caesb-agua-volta-fluir","status":"publish","type":"post","link":"https:\/\/blogs.correiobraziliense.com.br\/aricunha\/saneando-caesb-agua-volta-fluir\/","title":{"rendered":"Saneando a Caesb a \u00e1gua volta a fluir"},"content":{"rendered":"<p>DESDE 1960 \u00bb<\/p>\n<p>jornalista_aricunha@outlook.com<br \/>\ncom Circe Cunha e MAMFIL<\/p>\n<p>Caso n\u00e3o sejam corrigidas, com presteza, todas as vari\u00e1veis que concorrem para a crise h\u00eddrica que assola a capital do pa\u00eds, a primeira v\u00edtima desse flagelo anunciado ser\u00e1, sem d\u00favida alguma, o pr\u00f3prio governador Rodrigo Rollemberg, que poder\u00e1 ter a carreira pol\u00edtica encerrada de forma seca, definitiva e melanc\u00f3lica. Em rela\u00e7\u00e3o \u00e0 crise, nenhum n\u00famero ou dado pode ser desprezado.<\/p>\n<p>Na verdade, a maioria das vari\u00e1veis quantitativas conhecidas at\u00e9 agora dep\u00f5e contra o sistema de fornecimento de \u00e1gua e, objetivamente, contra a Companhia de Saneamento Ambiental do Distrito Federal (Caesb). A come\u00e7ar pela folha salarial milion\u00e1ria da empresa. S\u00e3o mais de R$ 17 milh\u00f5es mensais para pagar 2.500 funcion\u00e1rios.<\/p>\n<p>A empresa, dirigida por um parente do governador, tem em seus quadros motoristas recebendo mais de R$ 20 mil mensais. H\u00e1 funcion\u00e1rios cujos os penduricalhos incorporados ao sal\u00e1rio-base chegam a perceber muito acima do que determina o teto constitucional. Uma pesquisa r\u00e1pida nesses dados revela sal\u00e1rios absurdos de R$ 33 mil, R$ 65 mil, R$ 95 mil. E, note-se bem, a fonte de pagamento desses servidores sortudos s\u00e3o as tarifas cobradas dos consumidores. Talvez resida nesse fato prosaico a raz\u00e3o de o brasiliense pagar o maior pre\u00e7o de todo o pa\u00eds pelo metro c\u00fabico da \u00e1gua.<\/p>\n<p>Ressalte-se que a C\u00e2mara Legislativa, a Caesb e a pr\u00f3pria Adasa v\u00e3o na contram\u00e3o da economia quando cobram por faixas de consumo. De que adianta o consumidor economizar usando s\u00f3 3 mil litros de \u00e1gua se ter\u00e1 que pagar por 10 mil litros? \u00c9 o que diz a famigerada lei distrital. Nos dias de hoje, \u00e9 um est\u00edmulo ao gasto.<\/p>\n<p>Enquanto em S\u00e3o Paulo o metro c\u00fabico custa ao consumidor R$ 1,30, em Bras\u00edlia, pagam-se R$ 4. Os absurdos n\u00e3o param por a\u00ed. Somente nos \u00faltimos seis anos, por conta da demanda crescente, houve um aumento de 80% no pre\u00e7o da tarifa, isso sem contar com a taxa extra de 40%  cobrada de quem consome acima de 10 metros c\u00fabicos mensais, a t\u00edtulo emergencial decorrente da crise, al\u00e9m, \u00f3bvio das multas por atrasos e outras cobran\u00e7as abusivas.<\/p>\n<p>A chamada tarifa social, que em S\u00e3o Paulo d\u00e1 descontos de at\u00e9 66%, em Bras\u00edlia o valor cai para apenas 23%.  Essas discrep\u00e2ncias surreais s\u00f3 podem ter como explica\u00e7\u00e3o o fato de ser a Caesb uma empresa ungida com o poder do monop\u00f3lio de distribui\u00e7\u00e3o desse insumo vital para mais 3 milh\u00f5es de pessoas. Nem as leis soberanas do C\u00f3digo de Defesa do Consumidor t\u00eam poder sobre ela.<\/p>\n<p>Qualquer a\u00e7\u00e3o judicial contra a companhia, como cobran\u00e7a abusiva ou m\u00e1 presta\u00e7\u00e3o de servi\u00e7o, s\u00f3 pode feita de modo indireto, por meio da Vara da Fazenda P\u00fablica, onde os processos s\u00e3o caros, morosos e 93% decididos em favor da empresa.<\/p>\n<p>Trata-se, pois, de uma empresa devidamente blindada por legisla\u00e7\u00e3o discut\u00edvel e que, por isso, mesmo n\u00e3o teme e n\u00e3o d\u00e1 a menor aten\u00e7\u00e3o para os consumidores. Pudesse a popula\u00e7\u00e3o de Bras\u00edlia contar com uma C\u00e2mara Legislativa de credibilidade e com algum n\u00edvel moral, bastaria a instala\u00e7\u00e3o de uma simples Comiss\u00e3o Parlamentar de Inqu\u00e9rito (CPI) para solucionar, sem maiores traumas, a atual crise h\u00eddrica. N\u00e3o seria demais afirmar que a fonte principal da crise h\u00eddrica se encontra alojada na pr\u00f3pria empresa e no modo como est\u00e1 atualmente estruturada. Saneando a Caesb, a \u00e1gua volta a fluir.<\/p>\n<p>A frase que foi pronunciada<\/p>\n<p>\u201cA probabilidade \u00e9 de que, em 100 mil anos, ou teremos nos rebaixado a um barbarismo selvagem, ou ent\u00e3o a civiliza\u00e7\u00e3o ter\u00e1 se desenvolvido al\u00e9m do imagin\u00e1vel, em col\u00f4nias atrav\u00e9s do espa\u00e7o sideral.\u201d<\/p>\n<p>Richard Dawkin<\/p>\n<p>Bate-papo<\/p>\n<p>\u00bb Uma parada na padaria P\u00e3es e Vinhos e um bate-papo com o senhor Jos\u00e9 Mario Campos Guimar\u00e3es. Desde Epit\u00e1cio Pessoa, quando instituiu a Miss\u00e3o Cruls, que se hospedou na casa de Salviano Monteiro Guimar\u00e3es \u2014  onde hoje \u00e9 o Museu em Planaltina \u2014, at\u00e9 a morte est\u00fapida e inexplic\u00e1vel da professora Stela dos Querubins Guimar\u00e3es.<\/p>\n<p>Economia e conforto<\/p>\n<p>\u00bb Danniel Mosse era um aluno g\u00eanio do Col\u00e9gio Objetivo. Hoje, ele est\u00e1 em Pittsburgh, comandando uma pequena empresa, a HiberSense. A equipe criou uma solu\u00e7\u00e3o para controle de clima residencial. Trata-se de um termostato distribu\u00eddo que cria uma zona de rede de sensores que controlam a temperatura, umidade, movimento do split, luz e press\u00e3o do ar. S\u00e3o formas simples ou complexas de deixar o meio ambiente totalmente agrad\u00e1vel. Tem at\u00e9 um algoritmo de autoaprendizagem que lembra hor\u00e1rios e temperaturas desejadas para cada c\u00f4modo da resid\u00eancia.<\/p>\n<p>Segredo<\/p>\n<p>\u00bb Se h\u00e1 uma coisa que ningu\u00e9m no pa\u00eds pode botar defeito \u00e9 no jardim da rede de shoppings dos Jereissatti. O patriarca \u00e9 quem comanda o verde. Projetos, plantios, conserva\u00e7\u00e3o, tudo passa por ele.<\/p>\n<p>Embrapa<\/p>\n<p>\u00bb Vale uma visita ao portal da Embrapa. V\u00e1rios livros dispon\u00edveis para baixar. Desde o plantio de maracuj\u00e1s com centenas de perguntas e respostas at\u00e9 o servi\u00e7o de atendimento ao cidad\u00e3o, com v\u00e1rios esclarecimentos \u00fateis.<\/p>\n<p>Mais participa\u00e7\u00e3o<\/p>\n<p>\u00bb Uma novidade no cart\u00e3o reforma que subsidia obras de conserva\u00e7\u00e3o para pessoas de baixa renda: a senadora Ana Am\u00e9lia quer todos os bancos oficiais envolvidos na a\u00e7\u00e3o, e n\u00e3o s\u00f3 a Caixa.<\/p>\n<p>Hist\u00f3ria de Bras\u00edlia<\/p>\n<p>Asneira, e asneira grossa. Porque se for este, o caso de honra do PSD de Goi\u00e1s, jamais vou querer que o partido perca sua honra, e desde j\u00e1 ponho \u00e0 disposi\u00e7\u00e3o dele o meu cargo. (Publicado em 23\/9\/1961)<\/p>\n","protected":false},"excerpt":{"rendered":"<p>DESDE 1960 \u00bb jornalista_aricunha@outlook.com com Circe Cunha e MAMFIL Caso n\u00e3o sejam corrigidas, com presteza, todas as vari\u00e1veis que concorrem para a crise h\u00eddrica que assola a capital do pa\u00eds, a primeira v\u00edtima desse flagelo anunciado ser\u00e1, sem d\u00favida alguma, o pr\u00f3prio governador Rodrigo Rollemberg, que poder\u00e1 ter a carreira pol\u00edtica encerrada de forma seca, definitiva e melanc\u00f3lica. Em rela\u00e7\u00e3o [&hellip;]<\/p>\n","protected":false},"author":34,"featured_media":0,"comment_status":"closed","ping_status":"closed","sticky":false,"template":"","format":"standard","meta":{"footnotes":""},"categories":[23],"tags":[33],"class_list":["post-8556","post","type-post","status-publish","format-standard","hentry","category-integra","tag-brasil-brasilia-politica-educacao-ari-cunha-mamfil-circecunha"],"_links":{"self":[{"href":"https:\/\/blogs.correiobraziliense.com.br\/aricunha\/wp-json\/wp\/v2\/posts\/8556","targetHints":{"allow":["GET"]}}],"collection":[{"href":"https:\/\/blogs.correiobraziliense.com.br\/aricunha\/wp-json\/wp\/v2\/posts"}],"about":[{"href":"https:\/\/blogs.correiobraziliense.com.br\/aricunha\/wp-json\/wp\/v2\/types\/post"}],"author":[{"embeddable":true,"href":"https:\/\/blogs.correiobraziliense.com.br\/aricunha\/wp-json\/wp\/v2\/users\/34"}],"replies":[{"embeddable":true,"href":"https:\/\/blogs.correiobraziliense.com.br\/aricunha\/wp-json\/wp\/v2\/comments?post=8556"}],"version-history":[{"count":1,"href":"https:\/\/blogs.correiobraziliense.com.br\/aricunha\/wp-json\/wp\/v2\/posts\/8556\/revisions"}],"predecessor-version":[{"id":8557,"href":"https:\/\/blogs.correiobraziliense.com.br\/aricunha\/wp-json\/wp\/v2\/posts\/8556\/revisions\/8557"}],"wp:attachment":[{"href":"https:\/\/blogs.correiobraziliense.com.br\/aricunha\/wp-json\/wp\/v2\/media?parent=8556"}],"wp:term":[{"taxonomy":"category","embeddable":true,"href":"https:\/\/blogs.correiobraziliense.com.br\/aricunha\/wp-json\/wp\/v2\/categories?post=8556"},{"taxonomy":"post_tag","embeddable":true,"href":"https:\/\/blogs.correiobraziliense.com.br\/aricunha\/wp-json\/wp\/v2\/tags?post=8556"}],"curies":[{"name":"wp","href":"https:\/\/api.w.org\/{rel}","templated":true}]}}