{"id":8472,"date":"2017-01-24T10:42:58","date_gmt":"2017-01-24T12:42:58","guid":{"rendered":"https:\/\/blogs.correiobraziliense.com.br\/aricunha\/?p=8472"},"modified":"2017-02-06T10:44:04","modified_gmt":"2017-02-06T12:44:04","slug":"crise-hidrica","status":"publish","type":"post","link":"https:\/\/blogs.correiobraziliense.com.br\/aricunha\/crise-hidrica\/","title":{"rendered":"Crise h\u00eddrica"},"content":{"rendered":"<p> DESDE 1960 \u00bb<\/p>\n<p>jornalista_aricunha@outlook.com<\/p>\n<p>Circe Cunha e MAMFIL <\/p>\n<p>Um dos fatores da escolha do DF para ser a capital se deu pela riqueza de mananciais na regi\u00e3o (\u00c1guas Emendadas). Por\u00e9m, o crescimento populacional acima do esperado e a ocupa\u00e7\u00e3o irregular do solo levaram \u00e0 situa\u00e7\u00e3o limite em que vivemos. A avalia\u00e7\u00e3o vem sendo feita pelo engenheiro e especialista em crise h\u00eddrica Demetrios Christofidis, para quem a escassez e a car\u00eancia no abastecimento de \u00e1gua s\u00e3o  realidade que precisa ser enfrentada n\u00e3o apenas com novas formas de capta\u00e7\u00e3o, mas, sobretudo, com o aumento da efici\u00eancia da rede, principalmente por meio de a\u00e7\u00f5es que minimizem a perda e o desperd\u00edcio em todo o sistema.<\/p>\n<p>Assim como \u00e9 certo que, ao fim de cada m\u00eas, chega a conta individual de consumo de \u00e1gua \u00e0 resid\u00eancia, a grande conta coletiva, resultante de anos e anos de uma pol\u00edtica irrespons\u00e1vel que levou pol\u00edticos locais a negociar terras p\u00fablicas em troca de votos, chegou e os valores s\u00e3o alt\u00edssimos \u2014 praticamente impag\u00e1veis. \u00c9 precisamente nesse ponto que reside a grande diferen\u00e7a entre o pol\u00edtico oportunista, cujo horizonte se estende at\u00e9 as pr\u00f3ximas elei\u00e7\u00f5es e o estadista, que tem vis\u00e3o do futuro e sabe bem das consequ\u00eancias de seus atos. Pior \u00e9 que todas as causas diretas que levaram \u00e0 preocupante situa\u00e7\u00e3o  de escassez no abastecimento persistem inalteradas.<\/p>\n<p>O  quadro que se tem hoje no Distrito Federal, relativo \u00e0 quest\u00e3o do abastecimento de \u00e1gua, exige que  a solu\u00e7\u00e3o do problema de modo satisfat\u00f3rio obede\u00e7a ao que diz tanto a Lei do Saneamento B\u00e1sico  (Lei n\u00ba 11.445\/2007), bem como as diretrizes contidas na  pol\u00edtica nacional de res\u00edduos s\u00f3lidos PNRS  (Lei n\u00ba 12.305\/10).  Sem o pr\u00e9vio cumprimento desses instrumentos legais, qualquer a\u00e7\u00e3o visando a solucionar o grave problema no abastecimento de \u00e1gua de qualidade para os habitantes da capital do pa\u00eds ser\u00e1 in\u00f3cua.<\/p>\n<p>A medida que  propugna pela capta\u00e7\u00e3o de \u00e1gua do Lago Parano\u00e1, que para muitos equivale a beber da pr\u00f3pria urina, corre o risco de se transformar numa solu\u00e7\u00e3o f\u00e1cil, ou mesmo um grande engodo. Al\u00e9m do aumento cont\u00ednuo na oferta de \u00e1gua, com cada assentamento irregular que surge sendo prontamente atendido com rede de abastecimento, o desperd\u00edcio, que ronda 25%, precisa ser prontamente contido. Ali\u00e1s, essa quest\u00e3o precisa ser discutida e repensada. A Caesb e a CEB s\u00e3o as primeiras a chegar aos loteamentos ilegais e irregulares, o que parece uma incoer\u00eancia com as leis. Certamente, se Caesb e CEB n\u00e3o fizessem  liga\u00e7\u00f5es em \u00e1reas invadidas, a grilagem n\u00e3o valeria a pena.<\/p>\n<p>O assoreamento  e a polui\u00e7\u00e3o de mananciais s\u00e3o problemas que perduram e necessitam da a\u00e7\u00e3o firme dos \u00f3rg\u00e3os de fiscaliza\u00e7\u00e3o para impedir o comprometimento dos  recursos naturais. Em 1969, a Caesb foi criada tamb\u00e9m com a responsabilidade de proteger os mananciais, o que, convenhamos, n\u00e3o cumpre. H\u00e1 ainda quem proponha, corretamente, a transforma\u00e7\u00e3o do Parque recreativo da \u00c1gua Mineral em esta\u00e7\u00e3o exclusiva para a capta\u00e7\u00e3o e abastecimento de \u00e1gua. De toda forma, nenhuma solu\u00e7\u00e3o ser\u00e1 definitiva e correta se n\u00e3o forem implementadas pol\u00edticas que ponham fim \u00e0 ind\u00fastria criminosa de invas\u00f5es, defendida pela classe pol\u00edtica com assento na C\u00e2mara Legislativa e por empres\u00e1rios inescrupulosos de olho apenas no lucro f\u00e1cil e r\u00e1pido. Afinal, comprometer o abastecimento de \u00e1gua significa inviabilizar a pr\u00f3pria capital.<\/p>\n<p>A frase que foi pronunciada:<br \/>\n\u201cNenhum ind\u00edcio melhor se pode ter a respeito de um homem do que a companhia que frequenta: o que tem companheiros decentes e honestos adquire, merecidamente, bom nome, porque \u00e9 imposs\u00edvel que n\u00e3o tenha alguma semelhan\u00e7a com eles.\u201d<\/p>\n<p>Li\u00e7\u00f5es de Nicolau Maquiavel<\/p>\n<p>Hist\u00f3ria de Bras\u00edlia<br \/>\nTanto o presidente da Rep\u00fablica quanto o primeiro ministro ainda n\u00e3o puderam come\u00e7ar a trabalhar, s\u00f3 atendendo a pedidos. Os corredores do Planalto est\u00e3o atopetados de pedintes de todos os estados, em busca de cargos, posi\u00e7\u00f5es e mando. (Publicado em 21\/9\/1961)<\/p>\n","protected":false},"excerpt":{"rendered":"<p>DESDE 1960 \u00bb jornalista_aricunha@outlook.com Circe Cunha e MAMFIL Um dos fatores da escolha do DF para ser a capital se deu pela riqueza de mananciais na regi\u00e3o (\u00c1guas Emendadas). Por\u00e9m, o crescimento populacional acima do esperado e a ocupa\u00e7\u00e3o irregular do solo levaram \u00e0 situa\u00e7\u00e3o limite em que vivemos. A avalia\u00e7\u00e3o vem sendo feita pelo engenheiro e especialista em crise [&hellip;]<\/p>\n","protected":false},"author":34,"featured_media":0,"comment_status":"closed","ping_status":"closed","sticky":false,"template":"","format":"standard","meta":{"footnotes":""},"categories":[23],"tags":[],"class_list":["post-8472","post","type-post","status-publish","format-standard","hentry","category-integra"],"_links":{"self":[{"href":"https:\/\/blogs.correiobraziliense.com.br\/aricunha\/wp-json\/wp\/v2\/posts\/8472","targetHints":{"allow":["GET"]}}],"collection":[{"href":"https:\/\/blogs.correiobraziliense.com.br\/aricunha\/wp-json\/wp\/v2\/posts"}],"about":[{"href":"https:\/\/blogs.correiobraziliense.com.br\/aricunha\/wp-json\/wp\/v2\/types\/post"}],"author":[{"embeddable":true,"href":"https:\/\/blogs.correiobraziliense.com.br\/aricunha\/wp-json\/wp\/v2\/users\/34"}],"replies":[{"embeddable":true,"href":"https:\/\/blogs.correiobraziliense.com.br\/aricunha\/wp-json\/wp\/v2\/comments?post=8472"}],"version-history":[{"count":1,"href":"https:\/\/blogs.correiobraziliense.com.br\/aricunha\/wp-json\/wp\/v2\/posts\/8472\/revisions"}],"predecessor-version":[{"id":8473,"href":"https:\/\/blogs.correiobraziliense.com.br\/aricunha\/wp-json\/wp\/v2\/posts\/8472\/revisions\/8473"}],"wp:attachment":[{"href":"https:\/\/blogs.correiobraziliense.com.br\/aricunha\/wp-json\/wp\/v2\/media?parent=8472"}],"wp:term":[{"taxonomy":"category","embeddable":true,"href":"https:\/\/blogs.correiobraziliense.com.br\/aricunha\/wp-json\/wp\/v2\/categories?post=8472"},{"taxonomy":"post_tag","embeddable":true,"href":"https:\/\/blogs.correiobraziliense.com.br\/aricunha\/wp-json\/wp\/v2\/tags?post=8472"}],"curies":[{"name":"wp","href":"https:\/\/api.w.org\/{rel}","templated":true}]}}