{"id":8439,"date":"2017-01-10T02:34:56","date_gmt":"2017-01-10T04:34:56","guid":{"rendered":"https:\/\/blogs.correiobraziliense.com.br\/aricunha\/?p=8439"},"modified":"2017-01-12T06:36:31","modified_gmt":"2017-01-12T08:36:31","slug":"camara-legislativa-um-oasis-na-aridez-do-cerrado","status":"publish","type":"post","link":"https:\/\/blogs.correiobraziliense.com.br\/aricunha\/camara-legislativa-um-oasis-na-aridez-do-cerrado\/","title":{"rendered":"C\u00e2mara Legislativa: um o\u00e1sis na aridez do cerrado"},"content":{"rendered":"<p>DESDE 1960 \u00bb<\/p>\n<p>jornalista_aricunha@outlook.com<\/p>\n<p>MAMFIL e Circe Cunha<\/p>\n<p>Somados os servidores efetivos, os inativos, os pensionistas e os cargos em comiss\u00e3o, a C\u00e2mara Legislativa tem hoje um quadro de pessoal de 2.060 servidores, apenas para servir de suporte ao trabalho de 24 deputados distritais. Trata-se de um ex\u00e9rcito que consumir\u00e1, neste ano, se forem computadas as emendas parlamentares, R$ 525 milh\u00f5es, ou muito mais do que o or\u00e7amento anual da maioria dos munic\u00edpios brasileiros.<\/p>\n<p>Em meio \u00e0 crise econ\u00f4mica sem precedentes que aflige milh\u00f5es de brasilienses, a C\u00e2mara Legislativa \u00e9 um o\u00e1sis na aridez do cerrado. Toda a montanha de dinheiro, literalmente mal utilizada e desperdi\u00e7ada, foi torrada em 2016, como j\u00e1 \u00e9 corrente, desde sua cria\u00e7\u00e3o em 1990, para a realiza\u00e7\u00e3o de 131 sess\u00f5es solenes contra 97 reuni\u00f5es em plen\u00e1rio, nas quais, ao lado da feitura de leis inconstitucionais e debates \u00e1ridos, foram cometidos todos os tipos de bate-bocas, com troca de acusa\u00e7\u00f5es e amea\u00e7as veladas, al\u00e9m da habitual lavagem de roupa suj\u00edssima, que n\u00e3o acrescentaram um gr\u00e3o de areia para aliviar o sofrimento dos brasilienses.<\/p>\n<p>Ao longo do ano,  foram realizadas ainda importantes comemora\u00e7\u00f5es pelo Dia do Blogueiro, do Pastor, do Tai chi Chuan, do anivers\u00e1rio das dezenas de administra\u00e7\u00f5es regionais, homenagens aos quiosqueiros, corretores de seguro, s\u00edndicos e entrega do t\u00edtulo de Cidad\u00e3o Honor\u00e1rio, como o conferido \u00e0 ex-presidente Dilma Rousseff, sem d\u00favida, uma militante de primeira hora em defesa das causas de Bras\u00edlia, de onde tomou dist\u00e2ncia segura, depois do processo de impeachment.<\/p>\n<p>Para todas as comemora\u00e7\u00f5es sem fim, o rega-bofe variado fica por conta do contribuinte. Envolvida at\u00e9 o \u00faltimo bot\u00e3o da gola em esc\u00e2ndalos cabeludos, a C\u00e2mara Legislativa n\u00e3o conta com a simpatia da popula\u00e7\u00e3o e, para tentar driblar a realidade, n\u00e3o poupa dinheiro dos pagadores de impostos para dar um verniz na imagem. Somente com propaganda institucional, distribu\u00edda em outdoors, \u00f4nibus, totens, t\u00e1xis, jornais, pontos de \u00f4nibus, r\u00e1dio, televis\u00e3o e outras m\u00eddias, a C\u00e2mara local queimou aproximadamente R$ 26 milh\u00f5es do dinheiro suado da popula\u00e7\u00e3o.<\/p>\n<p>Somados aos R$ 25,5 mil de sal\u00e1rios, cada deputado tem a sua disposi\u00e7\u00e3o mais R$ 25 mil de verba indenizat\u00f3ria, que s\u00e3o gastos, na sua maioria, para a divulga\u00e7\u00e3o do pr\u00f3prio mandato, numa esp\u00e9cie de campanha antecipada para novas legislaturas, bancada, obviamente, com os recursos dos pr\u00f3prios eleitores.<\/p>\n<p>Wasny (PT), com essa rubrica, incinerou R$ 248 mil, seguido de Delmasso (PTN), R$ 245,7 e Vigilante (PT), R$ 230 mil. S\u00e3o despesas contabilizadas como gastos a ser indenizados, contra a apresenta\u00e7\u00e3o de nota fiscal de despesa. Fossem auditadas sob a lupa das autoridades policiais isentas, a maioria dessas despesas ressarcidas, dificilmente poderiam ser justificadas \u00e0 luz da lei, da moral administrativa e mesmo perante a realidade de pen\u00faria da sociedade da Capital.<\/p>\n<p>A frase que n\u00e3o foi pronunciada<\/p>\n<p>\u201cInfelizmente, a lei nem sempre se mant\u00e9m dentro de seus limites pr\u00f3prios.\u201d<\/p>\n<p>Claude Fr\u00e9d\u00e9ric Bastiat, economista e jornalista franc\u00eas. (1801-1850)<\/p>\n<p>Sil\u00eancio j\u00e1!<\/p>\n<p>\u00bb L\u00e1 est\u00e1, na curva da floresta. Vila Giardini, Ecoparque. Trata-se do maior embuste em raz\u00e3o social. De ecol\u00f3gico n\u00e3o tem nada. O barulho ensurdecedor de festas \u00e9 um verdadeiro atentado \u00e0 urbanidade. A altura do som do lugar \u00e9 cont\u00ednua, apesar de todas as reclama\u00e7\u00f5es j\u00e1 registradas. Moradores ao redor do local s\u00e3o obrigados a ter a sa\u00fade atacada sem o menor amparo do Ibram, PM ou mesmo Agefiz.<\/p>\n<p>Povo brincalh\u00e3o<\/p>\n<p>\u00bb Para desespero dos f\u00e3s de Honestino e Costa e Silva, a ponte para o Lago Sul est\u00e1 sendo chamada de ponte Honestino da Costa e Silva Guimar\u00e3es.<\/p>\n<p>Multas<\/p>\n<p>\u00bb \u00c9 nessa ponte que o Detran inaugura a volta das barreiras eletr\u00f4nicas, depois de renovado o contrato que estava h\u00e1 meses parado.<\/p>\n<p>Poluidor<\/p>\n<p>\u00bb Ningu\u00e9m mais comenta o que houve com a mancha verde aparecida misteriosamente no Lago Parano\u00e1. A popula\u00e7\u00e3o precisa saber o que houve. Se as autoridades j\u00e1 sabem qual foi a fonte de contamina\u00e7\u00e3o, precisam divulgar.<\/p>\n<p>Melhor<\/p>\n<p>\u00bb Da 405 Sul para a 408 Sul. Em pouco tempo a Rua dos Restaurantes mudar\u00e1 de endere\u00e7o. A baixa no com\u00e9rcio da 405 est\u00e1 afastando os clientes, ao contr\u00e1rio da 408, que est\u00e1 mais vitalizada do que nunca.<\/p>\n<p>Sintonia<\/p>\n<p>\u00bb Julio Menegoto, admirado, por quem o conhece pela compet\u00eancia, deixou a Presid\u00eancia da Novacap para assumir a Administra\u00e7\u00e3o de Vicente Pires, no lugar de Renato Santana. Um nome que o governador Rodrigo Rollemberg pode ter certeza da lealdade.<\/p>\n<p>Hist\u00f3ria de Bras\u00edlia<\/p>\n<p>A pol\u00edtica externa ser\u00e1 mantida, os embaixadores est\u00e3o sendo confirmados, as sindic\u00e2ncias est\u00e3o prosseguindo, as demiss\u00f5es est\u00e3o mantidas e as nomea\u00e7\u00f5es prevalecem. (Publicado em 21\/9\/1961)<\/p>\n","protected":false},"excerpt":{"rendered":"<p>DESDE 1960 \u00bb jornalista_aricunha@outlook.com MAMFIL e Circe Cunha Somados os servidores efetivos, os inativos, os pensionistas e os cargos em comiss\u00e3o, a C\u00e2mara Legislativa tem hoje um quadro de pessoal de 2.060 servidores, apenas para servir de suporte ao trabalho de 24 deputados distritais. Trata-se de um ex\u00e9rcito que consumir\u00e1, neste ano, se forem computadas as emendas parlamentares, R$ 525 [&hellip;]<\/p>\n","protected":false},"author":34,"featured_media":0,"comment_status":"closed","ping_status":"closed","sticky":false,"template":"","format":"standard","meta":{"footnotes":""},"categories":[23],"tags":[33,26,17],"class_list":["post-8439","post","type-post","status-publish","format-standard","hentry","category-integra","tag-brasil-brasilia-politica-educacao-ari-cunha-mamfil-circecunha","tag-criancas-frases-curiosidades-gdf-politica-brasilia-mais-antigo-ari-cunha","tag-historias-de-brasilia"],"_links":{"self":[{"href":"https:\/\/blogs.correiobraziliense.com.br\/aricunha\/wp-json\/wp\/v2\/posts\/8439","targetHints":{"allow":["GET"]}}],"collection":[{"href":"https:\/\/blogs.correiobraziliense.com.br\/aricunha\/wp-json\/wp\/v2\/posts"}],"about":[{"href":"https:\/\/blogs.correiobraziliense.com.br\/aricunha\/wp-json\/wp\/v2\/types\/post"}],"author":[{"embeddable":true,"href":"https:\/\/blogs.correiobraziliense.com.br\/aricunha\/wp-json\/wp\/v2\/users\/34"}],"replies":[{"embeddable":true,"href":"https:\/\/blogs.correiobraziliense.com.br\/aricunha\/wp-json\/wp\/v2\/comments?post=8439"}],"version-history":[{"count":1,"href":"https:\/\/blogs.correiobraziliense.com.br\/aricunha\/wp-json\/wp\/v2\/posts\/8439\/revisions"}],"predecessor-version":[{"id":8440,"href":"https:\/\/blogs.correiobraziliense.com.br\/aricunha\/wp-json\/wp\/v2\/posts\/8439\/revisions\/8440"}],"wp:attachment":[{"href":"https:\/\/blogs.correiobraziliense.com.br\/aricunha\/wp-json\/wp\/v2\/media?parent=8439"}],"wp:term":[{"taxonomy":"category","embeddable":true,"href":"https:\/\/blogs.correiobraziliense.com.br\/aricunha\/wp-json\/wp\/v2\/categories?post=8439"},{"taxonomy":"post_tag","embeddable":true,"href":"https:\/\/blogs.correiobraziliense.com.br\/aricunha\/wp-json\/wp\/v2\/tags?post=8439"}],"curies":[{"name":"wp","href":"https:\/\/api.w.org\/{rel}","templated":true}]}}