{"id":8431,"date":"2017-01-06T03:01:05","date_gmt":"2017-01-06T05:01:05","guid":{"rendered":"https:\/\/blogs.correiobraziliense.com.br\/aricunha\/?p=8431"},"modified":"2017-01-06T06:35:17","modified_gmt":"2017-01-06T08:35:17","slug":"quando-politica-vira-caso-de-policia","status":"publish","type":"post","link":"https:\/\/blogs.correiobraziliense.com.br\/aricunha\/quando-politica-vira-caso-de-policia\/","title":{"rendered":"Quando a pol\u00edtica vira caso de pol\u00edcia"},"content":{"rendered":"<p>DESDE 1960 \u00bb<\/p>\n<p>jornalista_aricunha@outlook.com \/<br \/>\ncom Circe Cunha e MAMFIL<\/p>\n<p>Foi preciso que 60 presos, sob a cust\u00f3dia frouxa do estado do Amazonas, fossem brutalmente assassinados para que as autoridades e parte da imprensa acordassem para um outro problema, maior e mais preocupante do que tudo o que j\u00e1 ocorreu anteriormente. Trata-se das evid\u00eancias claras de que o crime organizado, nas suas variadas modalidades, j\u00e1 escalou os principais degraus que levam ao poder do Estado.<\/p>\n<p>H\u00e1 muito tempo, os sinais do flagelo v\u00eam sendo emitidos, sem que nenhuma resist\u00eancia s\u00e9ria tenha sido providenciada. A pr\u00f3pria coluna j\u00e1 registrou que cinegrafistas da TV C\u00e2mara precisaram de tempo para esquecer os horrores que gravaram nas penitenci\u00e1rias do pa\u00eds durante rico document\u00e1rio produzido pela pr\u00f3pria emissora.<\/p>\n<p>Todos os elementos que t\u00eam levado a pol\u00edtica a se transformar em caso de pol\u00edcia est\u00e3o postos sobre a mesa para quem quiser ver. O que j\u00e1 \u00e9 evidente para toda a sociedade \u00e9 que o avan\u00e7o cont\u00ednuo do submundo do crime sobre a atividade pol\u00edtica se vale, em grande parte, da inapet\u00eancia e, em alguns casos, do comprometimento das autoridades, com a anomalia silenciosa.<\/p>\n<p>N\u00e3o \u00e9 por outro motivo que, alarmados, a popula\u00e7\u00e3o e o pr\u00f3prio Minist\u00e9rio P\u00fablico apresentaram suas propostas para impedir e dificultar a instala\u00e7\u00e3o do crime nas inst\u00e2ncias de poder, principalmente no Poder Legislativo. A Lei da Ficha Limpa e as 10 medidas contra a corrup\u00e7\u00e3o s\u00e3o parte desse esfor\u00e7o desesperado de p\u00f4r freio no avan\u00e7o, mas infelizmente, ou melhor, sintomaticamente, ainda n\u00e3o foram entendidos como tal e postos em pr\u00e1tica.<\/p>\n<p>No v\u00e1cuo que se criou entre o que vale e o que ainda necessita de entendimento para barrar o caminho dos fora da lei \u00e9 que o crime medra. Nas \u00faltimas elei\u00e7\u00f5es para prefeito e vereadores, exemplos da proximidade perigosa foram registrados em todo o pa\u00eds.<\/p>\n<p>V\u00eddeo que circula nas redes sociais, por exemplo, mostra a posse do vereador eleito pela cidade de Caratinga (MG), Ronilson Marc\u00edlio (PTB), trajando o uniforme vermelho do pres\u00eddio onde se encontra em regime fechado. O pol\u00edtico sai do cambur\u00e3o, adentra a C\u00e2mara Municipal algemado e, sob escolta policial, faz o juramento de posse, assina a papelada e, imp\u00e1vido, \u00e9 recolocado na gaiola da viatura policial e retorna para a cadeia sob vaias e protestos da popula\u00e7\u00e3o. O v\u00eddeo \u00e9 espelho do Brasil atual.<\/p>\n<p>Em algumas cidades, outros vereadores e prefeitos eleitos nem sequer compareceram para tomar posse. Foragidos e com mandado de pris\u00e3o expedidos, muitos nem foram para a cerim\u00f4nia de posse, com medo, obviamente, de serem presos. \u00c9 preciso reconhecer que os esc\u00e2ndalos do mensal\u00e3o e do petrol\u00e3o deram exemplos \u201cedificadores\u201d de como a pol\u00edtica pode descambar facilmente para o crime e como \u00e9 dif\u00edcil ser detido pelas for\u00e7as da ordem, uma vez eleito e empossado.<\/p>\n<p>Tamb\u00e9m \u00e9 preciso assinalar que os projetos de libera\u00e7\u00e3o dos jogos de azar e dos cassinos no pa\u00eds, em fase conclusiva no Congresso, servir\u00e3o como patamar s\u00f3lido para a escalada do crime organizado rumo ao controle definitivo do Estado.<\/p>\n<p>A frase que foi pronunciada<\/p>\n<p>\u201cPara cobrar dos cidad\u00e3os pelas obriga\u00e7\u00f5es n\u00e3o cumpridas, o Poder Executivo \u00e9 implac\u00e1vel. E quando o pr\u00f3prio Poder Executivo afronta a lei? A quem recorrer? Onde est\u00e1 a OAB? A Defensoria P\u00fablica? Nossos dirigentes s\u00e3o uma vergonha para o mundo!!!\u201d<\/p>\n<p>Grito de uma m\u00e3e solid\u00e1ria com as m\u00e3es do lado de fora do Complexo Penitenci\u00e1rio An\u00edsio Jobim<\/p>\n<p>Solu\u00e7\u00e3o<\/p>\n<p>\u00bb Danilo Porf\u00edrio de Castro Vieira, advogado, levanta a bandeira do recall eleitoral. Se o candidato sair da linha, n\u00e3o cumprir o que prometeu ou causar danos ao er\u00e1rio, a popula\u00e7\u00e3o teria o poder de lhe cassar e revogar o mandato. A chamada para a reavalia\u00e7\u00e3o seria feita por iniciativa popular. No caso, ou assumiria o vice ou haveria nova elei\u00e7\u00e3o.<\/p>\n<p>Ombusdman<\/p>\n<p>\u00bb A cada dia, as a\u00e7\u00f5es do site de Rinaldo de Oliveira, S\u00f3Not\u00edciaBoa, devem subir. O site \u00e9 um ref\u00fagio para descansar os olhos e ouvidos das trag\u00e9dias diariamente publicadas na imprensa. \u00c9 bom lembrar que n\u00e3o faz muito tempo as not\u00edcias que detalham movimentos s\u00f3rdidos da viol\u00eancia, no passado, eram publicadas apenas na imprensa especializada em desgra\u00e7a humana.<\/p>\n<p>Registro<\/p>\n<p>\u00bb Assistindo \u00e0 mat\u00e9ria de Fabiano Andrade, da Globo, sobre a mans\u00e3o de Valmir Amaral, lembrei-me do abandono da Academia de T\u00eanis. O glamour deu lugar ao abandono.<\/p>\n<p>Hist\u00f3ria de Bras\u00edlia<\/p>\n<p>Sem solu\u00e7\u00e3o o caso da Prefeitura de Bras\u00edlia. O presidente da Rep\u00fablica n\u00e3o est\u00e1 mais disposto a uma partilha pol\u00edtica. Isso significa que est\u00e1 compreendendo a situa\u00e7\u00e3o do Distrito Federal.<\/p>\n<p>(Publicado em 20\/9\/1961)<\/p>\n","protected":false},"excerpt":{"rendered":"<p>DESDE 1960 \u00bb jornalista_aricunha@outlook.com \/ com Circe Cunha e MAMFIL Foi preciso que 60 presos, sob a cust\u00f3dia frouxa do estado do Amazonas, fossem brutalmente assassinados para que as autoridades e parte da imprensa acordassem para um outro problema, maior e mais preocupante do que tudo o que j\u00e1 ocorreu anteriormente. Trata-se das evid\u00eancias claras de que o crime organizado, [&hellip;]<\/p>\n","protected":false},"author":34,"featured_media":0,"comment_status":"closed","ping_status":"closed","sticky":false,"template":"","format":"standard","meta":{"footnotes":""},"categories":[23],"tags":[],"class_list":["post-8431","post","type-post","status-publish","format-standard","hentry","category-integra"],"_links":{"self":[{"href":"https:\/\/blogs.correiobraziliense.com.br\/aricunha\/wp-json\/wp\/v2\/posts\/8431","targetHints":{"allow":["GET"]}}],"collection":[{"href":"https:\/\/blogs.correiobraziliense.com.br\/aricunha\/wp-json\/wp\/v2\/posts"}],"about":[{"href":"https:\/\/blogs.correiobraziliense.com.br\/aricunha\/wp-json\/wp\/v2\/types\/post"}],"author":[{"embeddable":true,"href":"https:\/\/blogs.correiobraziliense.com.br\/aricunha\/wp-json\/wp\/v2\/users\/34"}],"replies":[{"embeddable":true,"href":"https:\/\/blogs.correiobraziliense.com.br\/aricunha\/wp-json\/wp\/v2\/comments?post=8431"}],"version-history":[{"count":1,"href":"https:\/\/blogs.correiobraziliense.com.br\/aricunha\/wp-json\/wp\/v2\/posts\/8431\/revisions"}],"predecessor-version":[{"id":8432,"href":"https:\/\/blogs.correiobraziliense.com.br\/aricunha\/wp-json\/wp\/v2\/posts\/8431\/revisions\/8432"}],"wp:attachment":[{"href":"https:\/\/blogs.correiobraziliense.com.br\/aricunha\/wp-json\/wp\/v2\/media?parent=8431"}],"wp:term":[{"taxonomy":"category","embeddable":true,"href":"https:\/\/blogs.correiobraziliense.com.br\/aricunha\/wp-json\/wp\/v2\/categories?post=8431"},{"taxonomy":"post_tag","embeddable":true,"href":"https:\/\/blogs.correiobraziliense.com.br\/aricunha\/wp-json\/wp\/v2\/tags?post=8431"}],"curies":[{"name":"wp","href":"https:\/\/api.w.org\/{rel}","templated":true}]}}