{"id":8408,"date":"2016-12-27T06:21:36","date_gmt":"2016-12-27T08:21:36","guid":{"rendered":"https:\/\/blogs.correiobraziliense.com.br\/aricunha\/?p=8408"},"modified":"2016-12-30T06:22:46","modified_gmt":"2016-12-30T08:22:46","slug":"brasil-o-paraiso-do-perdao-somente-aos-ricos","status":"publish","type":"post","link":"https:\/\/blogs.correiobraziliense.com.br\/aricunha\/brasil-o-paraiso-do-perdao-somente-aos-ricos\/","title":{"rendered":"Brasil, o para\u00edso do perd\u00e3o (somente aos ricos)"},"content":{"rendered":"<p>DESDE 1960 \u00bb<\/p>\n<p>jornalista_aricunha@outlook.com<\/p>\n<p>com Circe Cunha e MAMFIL<\/p>\n<p>Caso venha mesmo sancionar o Projeto de Lei da C\u00e2mara (PLC n\u00ba 79\/2016), o presidente Michel Temer estar\u00e1 apondo sua assinatura e sua digital no primeiro grande esc\u00e2ndalo pol\u00edtico\/policial de seu governo. O chamado PL das Teles, que est\u00e1 sobre a mesa do presidente para ser efetivado, transforma o sistema atual de concess\u00f5es de telecomunica\u00e7\u00f5es, que requer um tr\u00e2mite t\u00e9cnico minucioso, para uma rotina bem mais simples de autoriza\u00e7\u00e3o.<\/p>\n<p>Diversas autoridades e t\u00e9cnicos no assunto v\u00eam alertando sobre o projeto feito sob medida para atender exclusivamente \u00e0s operadoras de telefonia, tornando mais frouxas as regras para que elas cumpram as metas de qualidade e tarifas. Ademais, pela nova legisla\u00e7\u00e3o, ser\u00e3o transferidos patrim\u00f4nios da Uni\u00e3o, portanto dos brasileiros, da ordem de R$ 100 bilh\u00f5es para essas empresas privadas.<\/p>\n<p>Trata-se de um esc\u00e2ndalo anunciado e que muitos afirmam ter apoio do atual ministro da Ci\u00eancia, Tecnologia, Inova\u00e7\u00f5es e Comunica\u00e7\u00f5es, Gilberto Kassab, o mesmo que fundou e preside o PSD, que, at\u00e9 pouco tempo atr\u00e1s, estava com a presidente Dilma e se bandeou para apoiar agora o governo Temer, t\u00e3o logo o barco petista foi a pique. De acordo com o ministro, o governo deve assinar a medida em at\u00e9 15 dias.<\/p>\n<p>\u201c\u00c9 uma lei que foi discutida \u00e0 exaust\u00e3o. Estou convencido de que \u00e9 uma boa lei e de que \u00e9 bom para o pa\u00eds\u201d, declarou Kassab, contrariando o que pensam mais de uma dezena de senadores que j\u00e1 deram entrada em um mandado de seguran\u00e7a no Supremo Tribunal Federal para que o projeto n\u00e3o seja aprovado e passe a vigorar imediatamente. Para esses pol\u00edticos, \u00e9 preciso que um projeto de tal import\u00e2ncia seja apreciado pelo Plen\u00e1rio do Senado e discutido em profundidade por toda a sociedade.<\/p>\n<p>Para Elici Bueno, coordenadora executiva do Instituto Brasileiro de Defesa do Consumidor (Idec), \u201co risco mais grave para o consumidor \u00e9 de ficar sem acesso \u00e0 internet fixa. Se as teles forem autorizadas a vender livremente o bem que hoje \u00e9 do cidad\u00e3o, milh\u00f5es de lares ficar\u00e3o desconectados e \u00e0 merc\u00ea de pre\u00e7o e qualidade ditados e manipulados pela iniciativa privada\u201d.<\/p>\n<p>Diante da possibilidade de vir a ser aprovado, 19 organiza\u00e7\u00f5es da sociedade civil divulgaram nota de rep\u00fadio contra o PLC n\u00ba 79\/2016 e a tramita\u00e7\u00e3o a\u00e7odada do projeto. \u201cMuitos senadores sequer tomaram conhecimento desse projeto. Ele pode ser desastroso, pois entrega infraestrutura estrat\u00e9gica de telecomunica\u00e7\u00f5es e impede a\u00e7\u00f5es regulat\u00f3rias que garantem continuidade, melhoria dos servi\u00e7os e pre\u00e7os baixos. Os benefici\u00e1rios s\u00e3o os grandes grupos econ\u00f4micos\u201d, considera Rafael Zanatta, pesquisador em telecomunica\u00e7\u00f5es do Idec, para quem a aprova\u00e7\u00e3o do projeto a toque de caixa interessa apenas \u00e0s empresas.<\/p>\n<p>Dado o volume de reclama\u00e7\u00f5es que essas empresas t\u00eam nos \u00f3rg\u00e3os de defesa do consumidor e dado o pouco prest\u00edgio de que gozam ante os clientes, dificilmente esse projeto iria para frente fosse considerada a opini\u00e3o p\u00fablica.<\/p>\n<p>Mesmo antes de vir \u00e0 tona, em um pa\u00eds s\u00e9rio, a proposta seria alvo de uma Comiss\u00e3o Parlamentar de Inqu\u00e9rito, para verificar, de fato, que interesses existem por detr\u00e1s dessa ideia suspeita. Em tempos em que se ouvem dela\u00e7\u00f5es sobre poss\u00edveis vendas de medidas provis\u00f3rias e outras leis em benef\u00edcio de empresas doadoras de campanhas, todo o cuidado \u00e9 pouco.<\/p>\n<p>A frase que n\u00e3o foi pronunciada<\/p>\n<p>\u201cAlguns le\u00f5es s\u00f3 rugem para baixo\u201d<\/p>\n<p>Consumidor clamando pelo princ\u00edpio da igualdade<\/p>\n<p>De longe<\/p>\n<p>\u00bb Pouco mais de 200 mil pessoas est\u00e3o desaparecidas, longe das fam\u00edlias, que n\u00e3o recebem not\u00edcias. H\u00e1 v\u00e1rios programas de r\u00e1dio com parte dedicada \u00e0 busca dessas pessoas. Cartinhas simples, manuscritas com letras tremidas, chegam \u00e0s reda\u00e7\u00f5es levando desespero e esperan\u00e7a em encontrar o ente querido.<\/p>\n<p>Projeto<\/p>\n<p>\u00bb Ao todo 6 mil m\u00b2 ser\u00e3o destinados para um parque onde as crian\u00e7as reinar\u00e3o absolutas. Segundo Samuel Guimar\u00e3es, ser\u00e1 uma \u00f3tima oportunidade de as fam\u00edlias interagirem durante o lazer no Parque Jardim Bot\u00e2nico. Ali\u00e1s, o caf\u00e9 da manh\u00e3 ao ar livre, aos domingos, j\u00e1 \u00e9 especial.<\/p>\n<p>Car\u00eancia<\/p>\n<p>\u00bb Continuam aproximadamente 150 mil crian\u00e7as aguardando lugar em creches e escolas do DF e Entorno para frequentarem as salas de aula em 2017. Entra e sai ano, as vagas n\u00e3o acompanham o tamanho da popula\u00e7\u00e3o.<\/p>\n<p>Consumidor<\/p>\n<p>\u00bb Restaurantes populares j\u00e1 cobram R$ 3 pela refei\u00e7\u00e3o. Os pre\u00e7os nos mercados tamb\u00e9m s\u00e3o inexplic\u00e1veis, repentinos, sem fundamento e completamente livres.<\/p>\n<p>Hist\u00f3ria de Bras\u00edlia<\/p>\n<p>Pouco ou quase nada adiantou \u00e0 Willys p\u00f4r oficina em Bras\u00edlia. As pe\u00e7as s\u00e3o, de fato, mais baratas, mas a m\u00e3o de obra \u00e9 extremamente cara. Alta, n\u00e3o. Alterada. Os oper\u00e1rios, nem sempre conscienciosos, cobram a hora o que bem entendem, sem verifica\u00e7\u00e3o da chefia da oficina, que quase nunca toma conhecimento do tempo gasto. (Publicado em 20\/9\/1961)<\/p>\n","protected":false},"excerpt":{"rendered":"<p>DESDE 1960 \u00bb jornalista_aricunha@outlook.com com Circe Cunha e MAMFIL Caso venha mesmo sancionar o Projeto de Lei da C\u00e2mara (PLC n\u00ba 79\/2016), o presidente Michel Temer estar\u00e1 apondo sua assinatura e sua digital no primeiro grande esc\u00e2ndalo pol\u00edtico\/policial de seu governo. O chamado PL das Teles, que est\u00e1 sobre a mesa do presidente para ser efetivado, transforma o sistema atual [&hellip;]<\/p>\n","protected":false},"author":34,"featured_media":0,"comment_status":"open","ping_status":"closed","sticky":false,"template":"","format":"standard","meta":{"footnotes":""},"categories":[23],"tags":[],"class_list":["post-8408","post","type-post","status-publish","format-standard","hentry","category-integra"],"_links":{"self":[{"href":"https:\/\/blogs.correiobraziliense.com.br\/aricunha\/wp-json\/wp\/v2\/posts\/8408","targetHints":{"allow":["GET"]}}],"collection":[{"href":"https:\/\/blogs.correiobraziliense.com.br\/aricunha\/wp-json\/wp\/v2\/posts"}],"about":[{"href":"https:\/\/blogs.correiobraziliense.com.br\/aricunha\/wp-json\/wp\/v2\/types\/post"}],"author":[{"embeddable":true,"href":"https:\/\/blogs.correiobraziliense.com.br\/aricunha\/wp-json\/wp\/v2\/users\/34"}],"replies":[{"embeddable":true,"href":"https:\/\/blogs.correiobraziliense.com.br\/aricunha\/wp-json\/wp\/v2\/comments?post=8408"}],"version-history":[{"count":1,"href":"https:\/\/blogs.correiobraziliense.com.br\/aricunha\/wp-json\/wp\/v2\/posts\/8408\/revisions"}],"predecessor-version":[{"id":8409,"href":"https:\/\/blogs.correiobraziliense.com.br\/aricunha\/wp-json\/wp\/v2\/posts\/8408\/revisions\/8409"}],"wp:attachment":[{"href":"https:\/\/blogs.correiobraziliense.com.br\/aricunha\/wp-json\/wp\/v2\/media?parent=8408"}],"wp:term":[{"taxonomy":"category","embeddable":true,"href":"https:\/\/blogs.correiobraziliense.com.br\/aricunha\/wp-json\/wp\/v2\/categories?post=8408"},{"taxonomy":"post_tag","embeddable":true,"href":"https:\/\/blogs.correiobraziliense.com.br\/aricunha\/wp-json\/wp\/v2\/tags?post=8408"}],"curies":[{"name":"wp","href":"https:\/\/api.w.org\/{rel}","templated":true}]}}