{"id":8405,"date":"2016-12-25T06:19:33","date_gmt":"2016-12-25T08:19:33","guid":{"rendered":"https:\/\/blogs.correiobraziliense.com.br\/aricunha\/?p=8405"},"modified":"2016-12-30T06:20:46","modified_gmt":"2016-12-30T08:20:46","slug":"coisas-do-brasil","status":"publish","type":"post","link":"https:\/\/blogs.correiobraziliense.com.br\/aricunha\/coisas-do-brasil\/","title":{"rendered":"Coisas do Brasil"},"content":{"rendered":"<p>DESDE 1960 \u00bb<\/p>\n<p>ARI CUNHA<\/p>\n<p>com Circe Cunha e MAMFIL<\/p>\n<p>      S\u00f3 mesmo num pa\u00eds sui generis como o Brasil \u00e9 que condenados presos, que cometeram todo tipo de crime, s\u00e3o liberados para deixar a cadeia \u00e0s v\u00e9speras do Natal, para, possivelmente, ir confraternizar com suas fam\u00edlias, nas festas de fim de ano. Essa libera\u00e7\u00e3o \u00e9 vista com desconfian\u00e7a pela popula\u00e7\u00e3o e mais ainda pelas pr\u00f3prias v\u00edtimas e por parentes delas. Indiferentes \u00e0 liberalidade ficam apenas as autoridades que patrocinam essa anomalia que permite ao detento sair livre para comer, beber \u00e0 vontade e farrear.<br \/>\n    Alguns, j\u00e1 no caminho em dire\u00e7\u00e3o \u00e0 pr\u00f3pria casa, aproveitam para cometer crimes, afinal n\u00e3o d\u00e1 para perder tempo. Em S\u00e3o Paulo, a Justi\u00e7a conseguiu alcan\u00e7ar os p\u00edncaros da ironia macabra, ao permitir que, em maio deste ano, Suzane Von Richthofen deixasse temporariamente a pris\u00e3o, onde cumpre pena de 39 anos por matar os pais, para comemorar o Dia das M\u00e3es. Depois de assassinar, com requintes de crueldade, os pais que dormiam, Suzane foi presa e condenada em 2006. No entanto, passados menos de uma d\u00e9cada da sua condena\u00e7\u00e3o, ela j\u00e1 se encontra no regime semiaberto, com direito a cinco sa\u00eddas tempor\u00e1rias que incluem, al\u00e9m do Dia das M\u00e3es, Dia dos Pais, Dia das Crian\u00e7as, P\u00e1scoa, Natal e ano-novo. Al\u00e9m dessa regalia, ela foi autorizada a frequentar o curso de administra\u00e7\u00e3o de empresas em Taubat\u00e9. O said\u00e3o de Natal deste ano no Distrito Federal deve abrir as pris\u00f5es para mais de 1.500 presos que cumprem pena em regime semiaberto.<br \/>\n     A cada ano, algumas dezenas destes detentos n\u00e3o retornam aos pres\u00eddios. Sempre que a libera\u00e7\u00e3o \u00e9 anunciada pelas autoridades da Secretaria de Seguran\u00e7a P\u00fablica, a popula\u00e7\u00e3o fica apreensiva e com raz\u00e3o, j\u00e1 que nos feriados de fim de ano aumentam os casos de ocorr\u00eancia de todo tipo de crime. Al\u00e9m desse benef\u00edcio, os presos podem contar ainda com o chamado indulto de Natal, quando ocorre o perd\u00e3o da pena por decreto presidencial, editado a cada ano. A Lei de Execu\u00e7\u00e3o Penal (n\u00ba 7.210\/84) disp\u00f5e que para a \u201charm\u00f4nica integra\u00e7\u00e3o social do condenado e do internado, ser\u00e3o assegurados todos os direitos n\u00e3o atingidos pela senten\u00e7a ou pela lei e que o Estado dever\u00e1 recorrer \u00e0 coopera\u00e7\u00e3o da comunidade nas atividades de execu\u00e7\u00e3o da pena\u201d.<\/p>\n<p>A frase que n\u00e3o foi pronunciada<\/p>\n<p>\u201cNeste Natal, escolha quem sempre est\u00e1 presente no lugar de quem sempre d\u00e1 presente!\u201d<br \/>\nSugest\u00e3o do Papai Noel<\/p>\n<p>Fort\u00edssimo<br \/>\n\u00bb Denise Tavares usa a voz para interpretar as mais complicadas pe\u00e7as de Mozart, Beethoven, Vaughan Williams como soprano. Como uma das mais ferrenhas defensoras da Escola de M\u00fasica de Bras\u00edlia, Denise tem dado agudos para proteger a institui\u00e7\u00e3o.<\/p>\n<p>Alcance<br \/>\n\u00bb Uma das iniciativas de Denise Tavares foi solicitar ao governo, antes que virasse sucata, os postos comunit\u00e1rios da PM para funcionarem como sala de aula. A transfer\u00eancia foi feita.<\/p>\n<p>Clave de d\u00f3<br \/>\n\u00bb Tudo come\u00e7ou em 2015. Com a not\u00edcia da desativa\u00e7\u00e3o dos postos, Denise chegou a fazer um estudo at\u00e9 da parte psicol\u00f3gica do policial que ficava guardando patrim\u00f4nio, sentindo-se inferiorizado em n\u00e3o poder socorrer uma v\u00edtima, sem saber se ao voltar teria o posto vandalizado e, ao mesmo tempo, n\u00e3o podendo utilizar seus conhecimentos e investimento do Estado na sua forma\u00e7\u00e3o como policial.<\/p>\n<p>Acorde<br \/>\n\u00bb Pol\u00edticos, empres\u00e1rios, engenheiros, arquitetos foram consultados sobre o projeto e juntos planejaram uma maneira de transferir esse patrim\u00f4nio de R$ 3 milh\u00f5es. Infelizmente, a Secretaria de Educa\u00e7\u00e3o n\u00e3o mostrou muito interesse em participar dessa ideia. Mesmo assim, quem valoriza a escola arrega\u00e7ou as mangas. Mais de 100 pessoas, entre professores, alunos, pais, amigos, shows, vaquinhas, contribu\u00edram para levantar dinheiro para as instala\u00e7\u00f5es.<\/p>\n<p>Allegro<br \/>\n\u00bb A escola n\u00e3o tem salas de aulas suficientes. At\u00e9 a chegada dos postos, professores davam aulas em camarins, banheiros, salas de reuni\u00f5es, corredores e qualquer lugar que fosse poss\u00edvel. Salas grandes de teoria foram divididas com drywall e se transformaram em tr\u00eas salas de guitarras amplificadas. O som vaza entre as salas e \u00e9 imposs\u00edvel ter uma aula decente. Coisa que ningu\u00e9m sabe quando assiste aos belos concertos da EMB.<\/p>\n<p>Nota suspensa<br \/>\n\u00bb Desde a chegada, os Postos est\u00e3o sendo restaurados com a doa\u00e7\u00e3o dos professores. Cabos, rebites, escadas improvisadas, tudo sem recursos ou investimentos da Secretaria da Educa\u00e7\u00e3o. H\u00e1 a esperan\u00e7a de que em 2017 a Escola consiga levar energia el\u00e9trica a todos eles.<\/p>\n<p>Rond\u00f3<br \/>\n\u00bb Seis dos 15 postos que est\u00e3o na EMB s\u00e3o usados regularmente. Alguns ganharam caminhos (bloquetes carregados por alunos e professores), plantas ao redor e flores dentro. Os seis t\u00eam estantes para partituras, espelhos e os professores est\u00e3o felizes por n\u00e3o terem de disputar salas com colegas por meio de pontua\u00e7\u00e3o. (O que \u00e9 muito indigesto, apesar de ser o meio oficial de escolha de salas e turmas.) Algu\u00e9m sempre ficava sem sala. Era uma situa\u00e7\u00e3o incontorn\u00e1vel, com resultados perigosos de devolu\u00e7\u00e3o de professores por falta de espa\u00e7o para dar aulas e recusa de alunos para novas matr\u00edculas.<\/p>\n<p>Spiritual<br \/>\n\u00bb A chegada dos postos \u00e0 escola resolveu muitos problemas, gerou al\u00edvio nos conflitos, abriu novas possibilidades de estudos dos alunos (que n\u00e3o tinham nunca onde estudar). Al\u00e9m de ter sido transferido dentro do GDF, o patrim\u00f4nio de R$ 3 milh\u00f5es. O GDF dificilmente construiria novas salas de aula na Escola de M\u00fasica com tantas demandas que a cidade tem. Foram resolvidos os problemas da PM e o da EMB.<\/p>\n<p>EMB<br \/>\n\u00bb Todo o material, hist\u00f3rico, passo a passo, notas fiscais, est\u00e3o com Denise Tavares. H\u00e1 projetos para fazer um Teatro de Arena com as antigas Torres de Observa\u00e7\u00e3o. \u00c9 uma ideia genial para m\u00fasica ao ar livre. A \u00e1rea total do terreno da EMB \u00e9 de 41.176m\u00b2 e a \u00e1rea constru\u00edda \u00e9 de 7.186m\u00b2.<\/p>\n<p>Da capo<br \/>\n\u00bb Denise Tavares e todos os seus apoiadores s\u00e3o profissionais e amantes<br \/>\nda m\u00fasica. Racional e emocionalmente.<\/p>\n<p>Hist\u00f3ria de Bras\u00edlia<br \/>\nA opini\u00e3o do padre Calazans sobre a Prefeitura de Bras\u00edlia \u00e9 esta: o prefeito a ser nomeado dever servir a Bras\u00edlia, e n\u00e3o se servir de Bras\u00edlia. (Publicado em 20\/9\/1961)<\/p>\n","protected":false},"excerpt":{"rendered":"<p>DESDE 1960 \u00bb ARI CUNHA com Circe Cunha e MAMFIL S\u00f3 mesmo num pa\u00eds sui generis como o Brasil \u00e9 que condenados presos, que cometeram todo tipo de crime, s\u00e3o liberados para deixar a cadeia \u00e0s v\u00e9speras do Natal, para, possivelmente, ir confraternizar com suas fam\u00edlias, nas festas de fim de ano. Essa libera\u00e7\u00e3o \u00e9 vista com desconfian\u00e7a pela popula\u00e7\u00e3o [&hellip;]<\/p>\n","protected":false},"author":34,"featured_media":0,"comment_status":"open","ping_status":"closed","sticky":false,"template":"","format":"standard","meta":{"footnotes":""},"categories":[23],"tags":[],"class_list":["post-8405","post","type-post","status-publish","format-standard","hentry","category-integra"],"_links":{"self":[{"href":"https:\/\/blogs.correiobraziliense.com.br\/aricunha\/wp-json\/wp\/v2\/posts\/8405","targetHints":{"allow":["GET"]}}],"collection":[{"href":"https:\/\/blogs.correiobraziliense.com.br\/aricunha\/wp-json\/wp\/v2\/posts"}],"about":[{"href":"https:\/\/blogs.correiobraziliense.com.br\/aricunha\/wp-json\/wp\/v2\/types\/post"}],"author":[{"embeddable":true,"href":"https:\/\/blogs.correiobraziliense.com.br\/aricunha\/wp-json\/wp\/v2\/users\/34"}],"replies":[{"embeddable":true,"href":"https:\/\/blogs.correiobraziliense.com.br\/aricunha\/wp-json\/wp\/v2\/comments?post=8405"}],"version-history":[{"count":1,"href":"https:\/\/blogs.correiobraziliense.com.br\/aricunha\/wp-json\/wp\/v2\/posts\/8405\/revisions"}],"predecessor-version":[{"id":8406,"href":"https:\/\/blogs.correiobraziliense.com.br\/aricunha\/wp-json\/wp\/v2\/posts\/8405\/revisions\/8406"}],"wp:attachment":[{"href":"https:\/\/blogs.correiobraziliense.com.br\/aricunha\/wp-json\/wp\/v2\/media?parent=8405"}],"wp:term":[{"taxonomy":"category","embeddable":true,"href":"https:\/\/blogs.correiobraziliense.com.br\/aricunha\/wp-json\/wp\/v2\/categories?post=8405"},{"taxonomy":"post_tag","embeddable":true,"href":"https:\/\/blogs.correiobraziliense.com.br\/aricunha\/wp-json\/wp\/v2\/tags?post=8405"}],"curies":[{"name":"wp","href":"https:\/\/api.w.org\/{rel}","templated":true}]}}