{"id":8403,"date":"2016-12-24T06:15:38","date_gmt":"2016-12-24T08:15:38","guid":{"rendered":"https:\/\/blogs.correiobraziliense.com.br\/aricunha\/?p=8403"},"modified":"2016-12-30T06:17:23","modified_gmt":"2016-12-30T08:17:23","slug":"nas-maos-do-ministerio-publico-e-da-policia-federal","status":"publish","type":"post","link":"https:\/\/blogs.correiobraziliense.com.br\/aricunha\/nas-maos-do-ministerio-publico-e-da-policia-federal\/","title":{"rendered":"Nas m\u00e3os do Minist\u00e9rio P\u00fablico e da Pol\u00edcia Federal"},"content":{"rendered":"<p> DESDE 1960<br \/>\njornalista_aricunha@outlook.com<\/p>\n<p>com Circe Cunha e MAMFIL<\/p>\n<p>    Quando se fala da Opera\u00e7\u00e3o Lava-Jato, os n\u00fameros s\u00e3o superlativos e rondam a casa dos bilh\u00f5es de reais, surpreendendo at\u00e9 mesmo os investigadores do rumoroso caso. E os valores se referem apenas ao que foi surrupiado de uma \u00fanica estatal, a Petrobras. Em palestra realizada no Col\u00e9gio Brasileiro de Cirurgi\u00f5es em Curitiba, no segundo semestre deste ano, o procurador da Rep\u00fablica Deltan Dallagnol, coordenador da for\u00e7a-tarefa da opera\u00e7\u00e3o, ao fazer um breve balan\u00e7o do que foi levantado at\u00e9 ent\u00e3o, comparou os casos de corrup\u00e7\u00e3o que t\u00eam vindo \u00e0 tona com um iceberg, no qual a parte mais volumosa desta enorme montanha flutuante ainda n\u00e3o \u00e9 vis\u00edvel e permanece escondida e desafiadora abaixo do fio d\u2019\u00e1gua.<br \/>\n    Sobre a parte submersa ainda resta uma s\u00e9rie de interroga\u00e7\u00f5es que s\u00f3 o tempo e as investiga\u00e7\u00f5es poder\u00e3o esclarecer. Apenas em rela\u00e7\u00e3o \u00e0s propinas pagas, o que se apurou at\u00e9 aqui supera R$ 6,2 bilh\u00f5es. Segundo dados da pr\u00f3pria Organiza\u00e7\u00e3o das Na\u00e7\u00f5es Unidas (ONU), anualmente, s\u00e3o desviados do Brasil,  por meio da corrup\u00e7\u00e3o, cerca de R$ 200 bilh\u00f5es. O problema \u00e9 que, com valores t\u00e3o formid\u00e1veis, os servi\u00e7os p\u00fablicos que deveriam ser prestados \u00e0 popula\u00e7\u00e3o s\u00e3o reduzidos ao m\u00ednimo poss\u00edvel.<br \/>\nPior do que a quantidade de servi\u00e7os que deixam de se oferecidos aos brasileiros a cada ano, \u00e9 a qualidade dos poucos que s\u00e3o prestados. \u201cA corrup\u00e7\u00e3o nos afeta de modo pessoal\u201d, disse o procurador, para quem \u00e9 preciso que a sociedade conhe\u00e7a melhor esse que \u00e9 hoje nosso maior e mais perigoso inimigo.<br \/>\n    Especialistas s\u00e3o un\u00e2nimes em afirmar que ser\u00e1 preciso, no m\u00ednimo, uma d\u00e9cada para que os n\u00edveis satisfat\u00f3rios de desenvolvimento voltem \u00e0 normalidade e o pa\u00eds possa experimentar um crescimento satisfat\u00f3rio. Sem isso, toda uma gera\u00e7\u00e3o de brasileiros ser\u00e1 seriamente afetada. Os estragos provocados pela corrup\u00e7\u00e3o sistem\u00e1tica v\u00e3o muito al\u00e9m de n\u00fameros e cifras.     Essa nossa antiga mazela nos afeta muito mais do que as doen\u00e7as end\u00eamicas e a desnutri\u00e7\u00e3o. Seus efeitos s\u00e3o delet\u00e9rios e perpassam de alto a baixo toda a popula\u00e7\u00e3o, fazendo estragos de tal monta, que s\u00e3o imposs\u00edveis de serem quantificados. Em termos da pr\u00f3pria organiza\u00e7\u00e3o do Estado, \u00e9 poss\u00edvel dizer que a corrup\u00e7\u00e3o detectada at\u00e9 agora tem minado a credibilidade e mesmo a legitimidade dos Poderes da Rep\u00fablica. E isso \u00e9 seri\u00edssimo. As consequ\u00eancias podem ser catastr\u00f3ficas para o pr\u00f3prio pa\u00eds. Apenas com as sequ\u00eancias de dela\u00e7\u00f5es que est\u00e3o vindo a p\u00fablico, por gente que ocupou os mais altos cargos na dire\u00e7\u00e3o do pa\u00eds e pelos empres\u00e1rios das maiores companhias brasileiras, j\u00e1 nos permitem afirmar que fomos e continuamos a ser governados por uma classe de corruptos dos mais variados matizes, alojada nos mais diversos postos de comando da na\u00e7\u00e3o, e ainda com capacidade de provocar estragos de grande monta, inclusive, com poder de lan\u00e7ar \u00e1gua fria sobre a fervura das opera\u00e7\u00f5es do Minist\u00e9rio P\u00fablico e da Pol\u00edcia Federal.<\/p>\n<p>A frase que n\u00e3o foi pronunciada<\/p>\n<p>\u201cO meu sonho \u00e9 dormir!\u201d<br \/>\nA todos os trabalhadores da madrugada<\/p>\n<p>Enrascada<br \/>\n\u00bb R$100 bilh\u00f5es \u00e0s teles. Parece que Papai Noel vai ter que pegar o presente de volta. Isso, se depender do senador Roberto Requi\u00e3o. Ele est\u00e1 aassediando cada colega do plen\u00e1rio para divulgar o voto.<\/p>\n<p>CVV<br \/>\n\u00bb Servi\u00e7o 24h, em todos os dias da semana. O Centro de Valoriza\u00e7\u00e3o da Vida, coordenado por Gilson Moura, tem por objetivo atender pessoas que precisam de apoio emocional. Mas as maiores vit\u00f3rias t\u00eam sido os suic\u00eddios evitados. Com uma equipe bem preparada, a capital do pa\u00eds conta com um servi\u00e7o valioso.<\/p>\n<p>Fogos<br \/>\n\u00bb Um dos conselhos do tenente-coronel do Corpo de Bombeiros do Distrito Federal, Ricardo Viana Barreto, \u00e9 que se adquiram fogos de artif\u00edcio em locais devidamente registrados. Esse \u00e9 o primeiro passo para evitar acidentes nessa \u00e9poca do ano.<\/p>\n<p>Papel social<br \/>\n\u00bb O secret\u00e1rio da Crian\u00e7a, Aur\u00e9lio Ara\u00fajo, comentou, na R\u00e1dio Nacional, o projeto de capacita\u00e7\u00e3o de jovens em inform\u00e1tica com total apoio da Cisco. Dentro da necessidade de reinser\u00e7\u00e3o da juventude na sociedade, ao concluir o curso, o certificado ser\u00e1 aceito em mais de 140 pa\u00edses, com possibilidade de emprego on-line. Por enquanto, a unidade do Recanto das Emas tem servido como projeto-piloto. A inten\u00e7\u00e3o \u00e9 estender a parceria com a Cisco a outras regi\u00f5es administrativas.<\/p>\n<p>Hist\u00f3ria de Bras\u00edlia<br \/>\nO YSB \u00e9 um DC-6B da Real, que saiu ontem \u00e0 noite do Rio para Bras\u00edlia. Sofreu uma pane de instrumentos, perdeu a rota, e ficou voando sem saber aonde. J\u00e1 de madrugada, dois Convairs o localizaram e o \u201crebocaram\u201d para o aeroporto de Congonhas, onde chegou com apenas 10 minutos de disponibilidade. (Publicado em 20\/9\/1961)<\/p>\n","protected":false},"excerpt":{"rendered":"<p>DESDE 1960 jornalista_aricunha@outlook.com com Circe Cunha e MAMFIL Quando se fala da Opera\u00e7\u00e3o Lava-Jato, os n\u00fameros s\u00e3o superlativos e rondam a casa dos bilh\u00f5es de reais, surpreendendo at\u00e9 mesmo os investigadores do rumoroso caso. E os valores se referem apenas ao que foi surrupiado de uma \u00fanica estatal, a Petrobras. Em palestra realizada no Col\u00e9gio Brasileiro de Cirurgi\u00f5es em Curitiba, [&hellip;]<\/p>\n","protected":false},"author":34,"featured_media":0,"comment_status":"open","ping_status":"closed","sticky":false,"template":"","format":"standard","meta":{"footnotes":""},"categories":[23],"tags":[],"class_list":["post-8403","post","type-post","status-publish","format-standard","hentry","category-integra"],"_links":{"self":[{"href":"https:\/\/blogs.correiobraziliense.com.br\/aricunha\/wp-json\/wp\/v2\/posts\/8403","targetHints":{"allow":["GET"]}}],"collection":[{"href":"https:\/\/blogs.correiobraziliense.com.br\/aricunha\/wp-json\/wp\/v2\/posts"}],"about":[{"href":"https:\/\/blogs.correiobraziliense.com.br\/aricunha\/wp-json\/wp\/v2\/types\/post"}],"author":[{"embeddable":true,"href":"https:\/\/blogs.correiobraziliense.com.br\/aricunha\/wp-json\/wp\/v2\/users\/34"}],"replies":[{"embeddable":true,"href":"https:\/\/blogs.correiobraziliense.com.br\/aricunha\/wp-json\/wp\/v2\/comments?post=8403"}],"version-history":[{"count":1,"href":"https:\/\/blogs.correiobraziliense.com.br\/aricunha\/wp-json\/wp\/v2\/posts\/8403\/revisions"}],"predecessor-version":[{"id":8404,"href":"https:\/\/blogs.correiobraziliense.com.br\/aricunha\/wp-json\/wp\/v2\/posts\/8403\/revisions\/8404"}],"wp:attachment":[{"href":"https:\/\/blogs.correiobraziliense.com.br\/aricunha\/wp-json\/wp\/v2\/media?parent=8403"}],"wp:term":[{"taxonomy":"category","embeddable":true,"href":"https:\/\/blogs.correiobraziliense.com.br\/aricunha\/wp-json\/wp\/v2\/categories?post=8403"},{"taxonomy":"post_tag","embeddable":true,"href":"https:\/\/blogs.correiobraziliense.com.br\/aricunha\/wp-json\/wp\/v2\/tags?post=8403"}],"curies":[{"name":"wp","href":"https:\/\/api.w.org\/{rel}","templated":true}]}}