{"id":8392,"date":"2016-12-23T01:20:20","date_gmt":"2016-12-23T03:20:20","guid":{"rendered":"https:\/\/blogs.correiobraziliense.com.br\/aricunha\/?p=8392"},"modified":"2016-12-22T15:34:25","modified_gmt":"2016-12-22T17:34:25","slug":"food-trucks","status":"publish","type":"post","link":"https:\/\/blogs.correiobraziliense.com.br\/aricunha\/food-trucks\/","title":{"rendered":"Food trucks?"},"content":{"rendered":"<p>ARI CUNHA<br \/>\nVisto, lido e ouvido<\/p>\n<p>\tCom a regulamenta\u00e7\u00e3o feita agora pelo Governo do Distrito Federal das atividades dos food trucks, o que era uma realidade de fato se transformou, pela oficializa\u00e7\u00e3o, num direito de fato. A partir dessa fronteira, esses comerciantes passam a adquirir novo status, o que , de certa forma, os tornam protegidos do Estado, com direitos legais assegurados.<br \/>\n\t Essa coluna vem chamando a aten\u00e7\u00e3o para a possibilidade desse tipo de atividade de com\u00e9rcio de alimentos sobre rodas se multiplicar em grande quantidade e de modo incontrol\u00e1vel. Caso persista esta tend\u00eancia, favorecida pela crise econ\u00f4mica e mesmo pela conhecida falta de estrutura na fiscaliza\u00e7\u00e3o, n\u00e3o ser\u00e1 novidade se a nova modalidade de com\u00e9rcio n\u00e3o trouxer consigo uma sequ\u00eancia tamb\u00e9m de novos problemas, cuja a solu\u00e7\u00e3o nem sequer ainda exista.<br \/>\n\tTrata-se de uma novidade importada que serve a outras realidades e onde a fiscaliza\u00e7\u00e3o \u00e9 draconiana. O que parece estar havendo \u00e9 uma certa precipita\u00e7\u00e3o na aceita\u00e7\u00e3o f\u00e1cil dessa modalidade de com\u00e9rcio. \u00c9 preciso atentar para o fato de que as \u00e1reas p\u00fablicas do Plano Piloto se apresentam hoje literalmente tomadas pelos chamados com\u00e9rcios de lata, que s\u00e3o estabelecimentos fixos , geralmente de estrutura met\u00e1lica e que vendem todo o tipo de servi\u00e7o e mercadorias e que concorrem de forma desleal com o com\u00e9rcio normal.<br \/>\n\tA situa\u00e7\u00e3o desses com\u00e9rcios fixos, j\u00e1 extrapolaram todos os limites do razo\u00e1vel, se constituindo hoje em s\u00e9ria amea\u00e7a a ordem urbana, paisag\u00edstica e mesmo a paz p\u00fablica. Agora, somado a este servi\u00e7o perif\u00e9rico fixo, o que os brasilienses est\u00e3o assistindo \u00e9 uma nova e crescente invas\u00e3o dos food trucks . Por onde quer se ande pela cidade , \u00e9 poss\u00edvel avist\u00e1-los. Est\u00e3o por todo lado. As grandes \u00e1reas verdes e de estacionamentos, de repente passaram a ser tomadas por essas caravanas de trailers , cada qual com seus geradores de for\u00e7a individual e barulhento , obstruindo espa\u00e7os, gerando lixo e polui\u00e7\u00e3o sonora nesses ambientes, roubando o sossego de \u00e1reas buc\u00f3licas, tudo em nome de um modismo, cujas as consequ\u00eancias ainda n\u00e3o se vislumbram com clareza.<br \/>\n\t\u00c9 f\u00e1cil perceber que n\u00e3o h\u00e1 respeito as normas e regras. Mesmo as mais prim\u00e1rias. Sobem cal\u00e7adas, destruindo o piso pelo peso excessivo dos carros. Sobem e ocupam gramados e \u00e1reas ajardinadas. Instalam som ambiente pr\u00f3prio. Cercam espa\u00e7os p\u00fablicos com mesas e cadeiras. Cobram pre\u00e7os iguais ou superiores ao com\u00e9rcio tradicional. Os alimentos s\u00e3o manipulados por pessoas sem a prote\u00e7\u00e3o obrigat\u00f3ria. A conserva\u00e7\u00e3o dos alimentos nestes estabelecimentos \u00e9 feita de maneira prec\u00e1ria. Concorrem, com vantagem, com o com\u00e9rcio local.<br \/>\n\tDada a quantidade de ve\u00edculos que passaram a circular e ocupar os espa\u00e7os da cidade, o que se pode esperar, de cara, dessa nova modalidade \u00e9 o caos urbano anunciado. Era preciso antes dessa regulamenta\u00e7\u00e3o, ouvir os moradores da cidade, esclarecendo os pr\u00f3s e contra a liberaliza\u00e7\u00e3o do com\u00e9rcio ambulante. Era preciso ouvir ainda, os urbanistas, sanitaristas, comerci\u00e1rios, enfim toda a popula\u00e7\u00e3o.<br \/>\n\t Pelo o que se tem visto at\u00e9 aqui, o que parece \u00e9 que o GDF est\u00e1 chocando um tipo ex\u00f3tico de ovo, cuja a esp\u00e9cie n\u00e3o se conhece ainda. Pode ser inclusive o ovo da serpente.<\/p>\n<p>A frase que foi pronunciada:<br \/>\n\u201cAprendam m\u00fasica, \u00e9 a \u00fanica coisa que voc\u00eas far\u00e3o na Terra e continuar\u00e3o fazendo nos C\u00e9us.\u201d<br \/>\nFrase lida na Escola de M\u00fasica de Bras\u00edlia<\/p>\n<p>Dever<br \/>\n\tSe estivesse fazendo valer a lei e apostado em bom gestores, a Sa\u00fade no DF n\u00e3o estaria \u00e0s voltas com as quase 15 mil a\u00e7\u00f5es na Justi\u00e7a com processos para acesso a medicamentos ou vagas em UTI. Se os brasilienses soubessem que a Justi\u00e7a n\u00e3o atende aos que dormem, a\u00ed o n\u00famero de lides seria maior. A Sa\u00fade p\u00fablica s\u00f3 ser\u00e1 reconhecida pela popula\u00e7\u00e3o quando os gestores preferirem ser atendidos por ela.<\/p>\n<p>Percurso<br \/>\n\tUm questionamento interessante feito pela senadora Vanessa Grazziotin sobre a tramita\u00e7\u00e3o do projeto que trata das regalias do setor de telecomunica\u00e7\u00f5es. Grazziotin quer saber da Secretaria Geral da Mesa mais detalhes sobre a tramita\u00e7\u00e3o do projeto. Segundo a parlamentar, a Comiss\u00e3o Especial de Desenvolvimento Nacional a vota\u00e7\u00e3o da mat\u00e9ria foi feita antes que fosse vencido o prazo do Regimento Interno para a apresenta\u00e7\u00e3o de emendas.<\/p>\n<p>2017<br \/>\n\tGaribaldi Alves \u00e9 o senador que preside a Comiss\u00e3o de Infraestrutura do Senado. Est\u00e1 tirando leite de pedra para dar continuidade \u00e0 transposi\u00e7\u00e3o das \u00e1guas do Rio S\u00e3o Francisco. S\u00e3o cerca de R$6,7 bilh\u00f5es investidos em uma escala de 10 anos.<\/p>\n<p>Bras quem?<br \/>\nFoi divulgado pelo Departamento de Justi\u00e7a dos Estados Unidos documento onde a Odebrecht teria admitido o pagamento de US$ 788 milh\u00f5es em propina. Braskem com privil\u00e9gios, oficial 1, oficial 2&#8230; O documento \u00e9 uma verdadeira bomba.<\/p>\n","protected":false},"excerpt":{"rendered":"<p>ARI CUNHA Visto, lido e ouvido Com a regulamenta\u00e7\u00e3o feita agora pelo Governo do Distrito Federal das atividades dos food trucks, o que era uma realidade de fato se transformou, pela oficializa\u00e7\u00e3o, num direito de fato. A partir dessa fronteira, esses comerciantes passam a adquirir novo status, o que , de certa forma, os tornam protegidos do Estado, com direitos [&hellip;]<\/p>\n","protected":false},"author":34,"featured_media":0,"comment_status":"closed","ping_status":"closed","sticky":false,"template":"","format":"standard","meta":{"footnotes":""},"categories":[23],"tags":[],"class_list":["post-8392","post","type-post","status-publish","format-standard","hentry","category-integra"],"_links":{"self":[{"href":"https:\/\/blogs.correiobraziliense.com.br\/aricunha\/wp-json\/wp\/v2\/posts\/8392","targetHints":{"allow":["GET"]}}],"collection":[{"href":"https:\/\/blogs.correiobraziliense.com.br\/aricunha\/wp-json\/wp\/v2\/posts"}],"about":[{"href":"https:\/\/blogs.correiobraziliense.com.br\/aricunha\/wp-json\/wp\/v2\/types\/post"}],"author":[{"embeddable":true,"href":"https:\/\/blogs.correiobraziliense.com.br\/aricunha\/wp-json\/wp\/v2\/users\/34"}],"replies":[{"embeddable":true,"href":"https:\/\/blogs.correiobraziliense.com.br\/aricunha\/wp-json\/wp\/v2\/comments?post=8392"}],"version-history":[{"count":1,"href":"https:\/\/blogs.correiobraziliense.com.br\/aricunha\/wp-json\/wp\/v2\/posts\/8392\/revisions"}],"predecessor-version":[{"id":8393,"href":"https:\/\/blogs.correiobraziliense.com.br\/aricunha\/wp-json\/wp\/v2\/posts\/8392\/revisions\/8393"}],"wp:attachment":[{"href":"https:\/\/blogs.correiobraziliense.com.br\/aricunha\/wp-json\/wp\/v2\/media?parent=8392"}],"wp:term":[{"taxonomy":"category","embeddable":true,"href":"https:\/\/blogs.correiobraziliense.com.br\/aricunha\/wp-json\/wp\/v2\/categories?post=8392"},{"taxonomy":"post_tag","embeddable":true,"href":"https:\/\/blogs.correiobraziliense.com.br\/aricunha\/wp-json\/wp\/v2\/tags?post=8392"}],"curies":[{"name":"wp","href":"https:\/\/api.w.org\/{rel}","templated":true}]}}