{"id":8386,"date":"2016-12-17T07:31:31","date_gmt":"2016-12-17T09:31:31","guid":{"rendered":"https:\/\/blogs.correiobraziliense.com.br\/aricunha\/?p=8386"},"modified":"2016-12-19T07:32:49","modified_gmt":"2016-12-19T09:32:49","slug":"uma-velha-republica-que-se-despede","status":"publish","type":"post","link":"https:\/\/blogs.correiobraziliense.com.br\/aricunha\/uma-velha-republica-que-se-despede\/","title":{"rendered":"Uma velha Rep\u00fablica que se despede"},"content":{"rendered":"<p>DESDE 1960 \u00bb<\/p>\n<p>jornalista_aricunha@outlook.com<\/p>\n<p>com Circe Cunha  e MAMFIL<\/p>\n<p>No embate entre a judicializa\u00e7\u00e3o da pol\u00edtica e a politiza\u00e7\u00e3o da Justi\u00e7a, o que a na\u00e7\u00e3o vai assistindo \u00e9 ao lento e hist\u00f3rico processo de ajuste de contas entre os Poderes da Rep\u00fablica. A rigor, a harmonia entre eles, vista dos bastidores, nunca existiu de fato. O que havia era uma rela\u00e7\u00e3o mitigada com base em interesses m\u00fatuos nem sempre confess\u00e1veis. A antiga hipertrofia do Executivo, nos per\u00edodos de fechamento pol\u00edtico, foi, com a redemocratiza\u00e7\u00e3o, sendo substitu\u00eddo pelo protagonismo dos demais Poderes, \u00e0 medida que eles foram sendo recrutados para ajustar a m\u00e1quina do Estado aos interesses crescentes da sociedade.<\/p>\n<p>Com os gigantescos protestos de rua e com as amea\u00e7as de instabilidade social rondando, o que se v\u00ea \u00e9 que chegou a hora de a Rep\u00fablica sacudir a poeira do passado e entender que o s\u00e9culo 21 foi trazido pelas vozes n\u00e3o mais roucas das multid\u00f5es insatisfeitas. Nesse sentido, \u00e9 preciso entender que, nos longos e conturbados dias que se seguem, o jovem Estado democr\u00e1tico de direito, inaugurado pela Carta de 1988, tem sido submetido a um conjunto t\u00e3o intenso de press\u00f5es que, se n\u00e3o resultar em situa\u00e7\u00f5es de extremismo e viol\u00eancia generalizada, ter\u00e1 servido pelo menos como rito de passagem para o amadurecimento das institui\u00e7\u00f5es. Muito ainda ter\u00e1 de ser estudado e escrito sobre esse per\u00edodo especial. Mas \u00e9 preciso aguardar ainda que o tempo e a dist\u00e2ncia tragam a serenidade necess\u00e1ria para esclarecer todo esse tempo especial de transforma\u00e7\u00f5es.<\/p>\n<p>Quem teve a oportunidade de apreciar o quadro A p\u00e1tria, de Pedro Bruno, pintado em 1919, em que uma fam\u00edlia aparece tranquilamente confeccionando uma enorme bandeira nacional, percebe que a constru\u00e7\u00e3o de uma na\u00e7\u00e3o \u00e9 laboriosa e lenta e exige a participa\u00e7\u00e3o indistinta e permanente de todos. A esta altura dos acontecimentos, a popula\u00e7\u00e3o brasileira percebeu que uma das principais causas do atraso secular do Brasil, em rela\u00e7\u00e3o \u00e0s na\u00e7\u00f5es desenvolvidas, reside n\u00e3o apenas nas oportunidades desperdi\u00e7adas ao longo da hist\u00f3ria, mas sobretudo na baixa qualidade \u00e9tica e profissional de grande parte dos dirigentes.<\/p>\n<p>O que a sociedade brasileira mais tem feito, nos \u00faltimos 500 anos, \u00e9 exercitar a pr\u00f3pria capacidade de resili\u00eancia, at\u00e9 como meio de sobreviver a uma classe de mandat\u00e1rios predominantemente despreparados e desonestos. Os recentes embates que puseram em lados antag\u00f4nicos o Judici\u00e1rio e o Legislativo t\u00eam como origem n\u00e3o discuss\u00f5es de fundo filos\u00f3fico e pol\u00edtico, mas um motivo prosaico, oriundo de uma investiga\u00e7\u00e3o policial corriqueira que visava apenas a apura\u00e7\u00e3o de supostos delitos envolvendo compra e venda de moedas estrangeiras, numa sobreloja localizada em um lava-jato de autom\u00f3veis.<\/p>\n<p>A frase que n\u00e3o foi pronunciada<\/p>\n<p>\u201c Um por todos e todos por um!\u201d<\/p>\n<p>Tr\u00eas Poderes, se pudessem falar.<\/p>\n<p>SMLN 9<\/p>\n<p>\u00bb Em todo o percurso entre o Varj\u00e3o e o Parano\u00e1, as barreiras eletr\u00f4nicas e pardais est\u00e3o bem posicionados. Na curva antes do trecho nove, dois pontos precisam ser ressaltados para que o GDF se conven\u00e7a da necessidade de uma barreira eletr\u00f4nica no local. A curva acentuada e a entrada e sa\u00edda de ve\u00edculos.<\/p>\n<p>Pesquisa<\/p>\n<p>\u00bb Ao final, ao cabo, depois do balan\u00e7o do Bolsa Fam\u00edlia, atestou-se que milhares de pessoas recebem o benef\u00edcio sem obedecer \u00e0s regras. \u00c9 o lado corrupto da popula\u00e7\u00e3o com aval de prefeituras.<\/p>\n<p>Estranho<\/p>\n<p>\u00bb Leitor pergunta a raz\u00e3o de o emplacamento de carros solicitado no Detran do Parano\u00e1 n\u00e3o ser feito no pr\u00f3prio departamento. A not\u00edcia \u00e9 que os motoristas devem se deslocar para uma empresa de fam\u00edlia, a Internacional Placas, ali perto, efetuar o pagamento e o emplacamento \u00e9 realizado.<\/p>\n<p>Comunica\u00e7\u00e3o<\/p>\n<p>\u00bb Os democratas norte-americanos passaram o ano inteiro pedindo pequenas doa\u00e7\u00f5es para os filiados no partido. Perdida a elei\u00e7\u00e3o, os e-mails continuam. Dessa vez, para pagar uma festa de confraterniza\u00e7\u00e3o. Pelo pr\u00f3prio e-mail, o internauta garante o donativo.<\/p>\n<p>Ano que vem?<\/p>\n<p>\u00bb A carca\u00e7a das unidades de policiamento que foram doadas \u00e0 Escola de M\u00fasica de Bras\u00edlia e seriam reutilizadas com criatividade ainda n\u00e3o foram aproveitadas.<\/p>\n<p>Hist\u00f3ria de Bras\u00edlia<\/p>\n<p>Nesta equipe, presidente, n\u00e3o h\u00e1 ci\u00fames. H\u00e1 tr\u00eas nomes bons, tr\u00eas t\u00e9cnicos competentes, tr\u00eas homens que vivem Bras\u00edlia desde seus primeiros dias, e entendem o seu funcionamento, o seu destino. Uma boa lista tr\u00edplice para V. Exa., dr. Jango: Israel Pinheiro, Vasco Viana de Andrade ou Afr\u00e2nio Barbosa. (Publicado em 20\/9\/1961)<\/p>\n","protected":false},"excerpt":{"rendered":"<p>DESDE 1960 \u00bb jornalista_aricunha@outlook.com com Circe Cunha e MAMFIL No embate entre a judicializa\u00e7\u00e3o da pol\u00edtica e a politiza\u00e7\u00e3o da Justi\u00e7a, o que a na\u00e7\u00e3o vai assistindo \u00e9 ao lento e hist\u00f3rico processo de ajuste de contas entre os Poderes da Rep\u00fablica. A rigor, a harmonia entre eles, vista dos bastidores, nunca existiu de fato. O que havia era uma [&hellip;]<\/p>\n","protected":false},"author":34,"featured_media":0,"comment_status":"closed","ping_status":"closed","sticky":false,"template":"","format":"standard","meta":{"footnotes":""},"categories":[23],"tags":[],"class_list":["post-8386","post","type-post","status-publish","format-standard","hentry","category-integra"],"_links":{"self":[{"href":"https:\/\/blogs.correiobraziliense.com.br\/aricunha\/wp-json\/wp\/v2\/posts\/8386","targetHints":{"allow":["GET"]}}],"collection":[{"href":"https:\/\/blogs.correiobraziliense.com.br\/aricunha\/wp-json\/wp\/v2\/posts"}],"about":[{"href":"https:\/\/blogs.correiobraziliense.com.br\/aricunha\/wp-json\/wp\/v2\/types\/post"}],"author":[{"embeddable":true,"href":"https:\/\/blogs.correiobraziliense.com.br\/aricunha\/wp-json\/wp\/v2\/users\/34"}],"replies":[{"embeddable":true,"href":"https:\/\/blogs.correiobraziliense.com.br\/aricunha\/wp-json\/wp\/v2\/comments?post=8386"}],"version-history":[{"count":1,"href":"https:\/\/blogs.correiobraziliense.com.br\/aricunha\/wp-json\/wp\/v2\/posts\/8386\/revisions"}],"predecessor-version":[{"id":8387,"href":"https:\/\/blogs.correiobraziliense.com.br\/aricunha\/wp-json\/wp\/v2\/posts\/8386\/revisions\/8387"}],"wp:attachment":[{"href":"https:\/\/blogs.correiobraziliense.com.br\/aricunha\/wp-json\/wp\/v2\/media?parent=8386"}],"wp:term":[{"taxonomy":"category","embeddable":true,"href":"https:\/\/blogs.correiobraziliense.com.br\/aricunha\/wp-json\/wp\/v2\/categories?post=8386"},{"taxonomy":"post_tag","embeddable":true,"href":"https:\/\/blogs.correiobraziliense.com.br\/aricunha\/wp-json\/wp\/v2\/tags?post=8386"}],"curies":[{"name":"wp","href":"https:\/\/api.w.org\/{rel}","templated":true}]}}