{"id":8381,"date":"2016-12-14T01:55:51","date_gmt":"2016-12-14T03:55:51","guid":{"rendered":"https:\/\/blogs.correiobraziliense.com.br\/aricunha\/?p=8381"},"modified":"2016-12-15T07:57:55","modified_gmt":"2016-12-15T09:57:55","slug":"hora-de-pular-do-berco-gigante","status":"publish","type":"post","link":"https:\/\/blogs.correiobraziliense.com.br\/aricunha\/hora-de-pular-do-berco-gigante\/","title":{"rendered":"Hora de pular do ber\u00e7o, gigante"},"content":{"rendered":"<p>DESDE 1960 \u00bb<\/p>\n<p>jornalista_aricunha@outlook.com<\/p>\n<p>com Circe Cunha e MAMFIL [contact-form][contact-field label=&#8217;Nome&#8217; type=&#8217;name&#8217; required=&#8217;1&#8217;\/][contact-field label=&#8217;Email&#8217; type=&#8217;email&#8217; required=&#8217;1&#8217;\/][contact-field label=&#8217;Site&#8217; type=&#8217;url&#8217;\/][contact-field label=&#8217;Coment\u00e1rio&#8217; type=&#8217;textarea&#8217; required=&#8217;1&#8217;\/][\/contact-form] <\/p>\n<p>O que mais importa agora aos pol\u00edticos citados nas dela\u00e7\u00f5es premiadas da Lava-Jato \u00e9 o in\u00edcio imediato do recesso. Esperam eles que, com os feriados do Natal, do ano-novo e do carnaval, os dias e semanas cuidar\u00e3o de lan\u00e7ar uma n\u00e9voa densa sobre a mem\u00f3ria de todos e tudo restar\u00e1 coberto pelo musgo do esquecimento. O tempo ser\u00e1 um aliado para apagar pegadas, desmanchar pistas, destruir evid\u00eancias e \u2014 quem sabe? \u2014 levar para outro mundo n\u00e3o s\u00f3 testemunhas chaves e comprometedoras, mas acusadores e outros ju\u00edzes probos.<br \/>\nNum pa\u00eds ideal, dado o grau de desestabiliza\u00e7\u00e3o pol\u00edtica e econ\u00f4mica que lan\u00e7ou o Estado num caos in\u00e9dito, colocando de pernas para o ar uma Rep\u00fablica centen\u00e1ria, o correto seria que n\u00e3o houvesse interrup\u00e7\u00f5es nem no Legislativo nem no Judici\u00e1rio. A urg\u00eancia do momento requer a vig\u00edlia permanente de todos. Dado o grau de comprometimento das institui\u00e7\u00f5es e de seus dirigentes em esc\u00e2ndalos sem precedentes, o melhor seria o prosseguimento, sem intervalos, de todo o processo de investiga\u00e7\u00e3o, depoimentos, homologa\u00e7\u00f5es das dela\u00e7\u00f5es, julgamentos e outras a\u00e7\u00f5es saneadoras. Ningu\u00e9m sai de f\u00e9rias at\u00e9 que as opera\u00e7\u00f5es policiais cumpram a miss\u00e3o redentora de libertar a na\u00e7\u00e3o.<br \/>\nNum futuro pr\u00f3ximo, quando forem analisados, com a frieza e o distanciamento adequados, os esc\u00e2ndalos do mensal\u00e3o e seu desdobramento natural, a Lava-Jato, ser\u00e1 poss\u00edvel ter uma ideia abrangente e isenta desses dois megaesc\u00e2ndalos de corrup\u00e7\u00e3o que marcar\u00e3o para sempre a hist\u00f3ria da Rep\u00fablica brasileira. A depender do fechamento desses epis\u00f3dios, com a puni\u00e7\u00e3o dos culpados e o devido ressarcimento aos cofres p\u00fablicos dos valores desviados, um cap\u00edtulo importante de nosso tempo estar\u00e1 encerrado. Muitos outros ainda restar\u00e3o a depender dos eleitores do futuro.<br \/>\nO cap\u00edtulo mais importante dessa \u00e9poca conturbada talvez seja tamb\u00e9m o que mais o importa para todos n\u00f3s, que \u00e9 a transforma\u00e7\u00e3o do Brasil em um pa\u00eds s\u00e9rio e respeitado pelo restante do planeta. Enquanto esse tempo de purga\u00e7\u00e3o e contri\u00e7\u00e3o n\u00e3o chega, prosseguimos com nossa chanchada de Estado. Para usar uma express\u00e3o t\u00edpica de um personagem central desses tempos revoltos, nunca antes na hist\u00f3ria deste pa\u00eds, tantos figur\u00f5es foram apanhados com tanto dinheiro alheio.<br \/>\nNunca a Justi\u00e7a foi t\u00e3o a\u00e7ulada e nunca os escrit\u00f3rios de advocacia ganharam tantos honor\u00e1rios. Nunca antes na hist\u00f3ria deste pa\u00eds, houve uma oportunidade t\u00e3o \u00edmpar de fazer o gigante saltar do ber\u00e7o espl\u00eandido. H\u00e1 uma chance imperd\u00edvel que se apresenta agora de enterrar em cova bem funda tudo o que est\u00e1 podre e morto. Estamos diante de um 7 de Setembro e de um 15 de Novembro simb\u00f3licos, quem sabe novos marcos hist\u00f3ricos que sinalizam o redescobrimento do Brasil cinco s\u00e9culos depois?<\/p>\n<p>A frase que n\u00e3o foi pronunciada<\/p>\n<p>\u201cA velha pol\u00edtica s\u00f3 existe porque h\u00e1 eleitores que a endossam\u201d<\/p>\n<p>Semestre<br \/>\n\u00bb Alunos da UnB n\u00e3o ser\u00e3o prejudicados pela ocupa\u00e7\u00e3o de estudantes. As aulas terminar\u00e3o mais tarde, mas o semestre ser\u00e1 finalizado. Os protestos precisam de planejamento para que atinja o alvo certo. At\u00e9 agora s\u00f3 inocentes pagam as contas.<\/p>\n<p>Arte<br \/>\n\u00bb As comemora\u00e7\u00f5es dos 24 anos da Funda\u00e7\u00e3o Athos Bulc\u00e3o ser\u00e3o no domingo, das 10h \u00e0s 18h, na CLS 404, Bloco D, Loja 1. Boa oportunidade de adquirir presentinhos para as festas de fim de ano. X\u00edcaras, calend\u00e1rios, azulejos e outros objetos valorizados pela arte de Bulc\u00e3o.<\/p>\n<p>Cen\u00e1rio<br \/>\n\u00bb Uma mesa na churrascaria S\u00e3o Paulo, s\u00f3 com jovens entre 20 e 25 anos. Em pauta, o desemprego. Um dos rapazes formado em administra\u00e7\u00e3o s\u00f3 conseguiu lugar como corretor de im\u00f3veis. Outro formado em marketing trabalha em uma gr\u00e1fica, o ca\u00e7ula da turma fala tr\u00eas idiomas, \u00e9 formado em rela\u00e7\u00f5es internacionais, sem emprego, estuda para concurso.<\/p>\n<p>Hist\u00f3ria de Bras\u00edlia<br \/>\nSem solu\u00e7\u00e3o, o caso da Prefeitura de Bras\u00edlia. O presidente da Rep\u00fablica n\u00e3o est\u00e1 mais disposto a uma partilha pol\u00edtica. Isso significa que est\u00e1 compreendendo a situa\u00e7\u00e3o do Distrito Federal.(Publicado em 20\/9\/1961)<\/p>\n","protected":false},"excerpt":{"rendered":"<p>DESDE 1960 \u00bb jornalista_aricunha@outlook.com com Circe Cunha e MAMFIL [contact-form][contact-field label=&#8217;Nome&#8217; type=&#8217;name&#8217; required=&#8217;1&#8217;\/][contact-field label=&#8217;Email&#8217; type=&#8217;email&#8217; required=&#8217;1&#8217;\/][contact-field label=&#8217;Site&#8217; type=&#8217;url&#8217;\/][contact-field label=&#8217;Coment\u00e1rio&#8217; type=&#8217;textarea&#8217; required=&#8217;1&#8217;\/][\/contact-form] O que mais importa agora aos pol\u00edticos citados nas dela\u00e7\u00f5es premiadas da Lava-Jato \u00e9 o in\u00edcio imediato do recesso. Esperam eles que, com os feriados do Natal, do ano-novo e do carnaval, os dias e semanas cuidar\u00e3o de lan\u00e7ar [&hellip;]<\/p>\n","protected":false},"author":34,"featured_media":0,"comment_status":"closed","ping_status":"closed","sticky":false,"template":"","format":"standard","meta":{"footnotes":""},"categories":[23],"tags":[33],"class_list":["post-8381","post","type-post","status-publish","format-standard","hentry","category-integra","tag-brasil-brasilia-politica-educacao-ari-cunha-mamfil-circecunha"],"_links":{"self":[{"href":"https:\/\/blogs.correiobraziliense.com.br\/aricunha\/wp-json\/wp\/v2\/posts\/8381","targetHints":{"allow":["GET"]}}],"collection":[{"href":"https:\/\/blogs.correiobraziliense.com.br\/aricunha\/wp-json\/wp\/v2\/posts"}],"about":[{"href":"https:\/\/blogs.correiobraziliense.com.br\/aricunha\/wp-json\/wp\/v2\/types\/post"}],"author":[{"embeddable":true,"href":"https:\/\/blogs.correiobraziliense.com.br\/aricunha\/wp-json\/wp\/v2\/users\/34"}],"replies":[{"embeddable":true,"href":"https:\/\/blogs.correiobraziliense.com.br\/aricunha\/wp-json\/wp\/v2\/comments?post=8381"}],"version-history":[{"count":1,"href":"https:\/\/blogs.correiobraziliense.com.br\/aricunha\/wp-json\/wp\/v2\/posts\/8381\/revisions"}],"predecessor-version":[{"id":8382,"href":"https:\/\/blogs.correiobraziliense.com.br\/aricunha\/wp-json\/wp\/v2\/posts\/8381\/revisions\/8382"}],"wp:attachment":[{"href":"https:\/\/blogs.correiobraziliense.com.br\/aricunha\/wp-json\/wp\/v2\/media?parent=8381"}],"wp:term":[{"taxonomy":"category","embeddable":true,"href":"https:\/\/blogs.correiobraziliense.com.br\/aricunha\/wp-json\/wp\/v2\/categories?post=8381"},{"taxonomy":"post_tag","embeddable":true,"href":"https:\/\/blogs.correiobraziliense.com.br\/aricunha\/wp-json\/wp\/v2\/tags?post=8381"}],"curies":[{"name":"wp","href":"https:\/\/api.w.org\/{rel}","templated":true}]}}