{"id":8376,"date":"2016-12-15T02:51:07","date_gmt":"2016-12-15T04:51:07","guid":{"rendered":"https:\/\/blogs.correiobraziliense.com.br\/aricunha\/?p=8376"},"modified":"2016-12-15T07:54:01","modified_gmt":"2016-12-15T09:54:01","slug":"8376-2","status":"publish","type":"post","link":"https:\/\/blogs.correiobraziliense.com.br\/aricunha\/8376-2\/","title":{"rendered":"\u00c9 pau, \u00e9 pedra"},"content":{"rendered":"<p>DESDE 1960 \u00bb<\/p>\n<p>jornalista_aricunha@outlook.com<\/p>\n<p>com Circe Cunha e MAMFIL<\/p>\n<p> Descontado o fato de a Guerra Fria, que op\u00f4s os Estados Unidos e a antiga Uni\u00e3o Sovi\u00e9tica, aparecer como pano de fundo da Lei de Seguran\u00e7a Nacional (Lei n\u00ba 7.170\/83), durante os 13 anos em que o ambidestro petismo esteve no comando do Pa\u00eds, em nenhum momento seus integrantes cuidaram de revogar ou de dar nova maquiagem \u00e0 antiga legisla\u00e7\u00e3o, chamada de entulho do regime autorit\u00e1rio. A raz\u00e3o desse desleixo providencial em banir uma lei que, durante tanto tempo, aterrorizou os movimentos de oposi\u00e7\u00e3o ao regime militar est\u00e1, em parte, no fato de que ela, em suas filigranas, serve como esp\u00e9cie de contraforte aos ocupantes do Pal\u00e1cio do Planalto, n\u00e3o importando a colora\u00e7\u00e3o dos grupos no poder.<\/p>\n<p>N\u00e3o h\u00e1 d\u00favidas: caso se sentissem amea\u00e7ados por movimentos e ativistas de qualquer matiz, os governos Lula e Dilma n\u00e3o teriam o menor constrangimento em recorrer, de imediato, \u00e0 LSN contra os insurgentes para enquadr\u00e1-los devidamente nos rigores frios da lei.<\/p>\n<p>A hist\u00f3ria do Brasil est\u00e1 repleta de exemplos que demonstram que as leis adequadas e justas s\u00e3o somente aquelas que t\u00eam o poder de impor limites e punir aqueles que n\u00e3o contam com a retaguarda do Estado. O instituto do foro privilegiado para as altas autoridades do Estado \u00e9 um desses casos. Uma boa imagem que serve para explicar as raz\u00f5es que levam \u00e0 perpetua\u00e7\u00e3o da LSN vem da Fran\u00e7a revolucion\u00e1ria do s\u00e9culo 18. Enquanto a guilhotina cuidava de decepar as cabe\u00e7as dos opositores e antagonistas, era considerada um instrumento eficiente para eliminar discord\u00e2ncias e impor o medo.<\/p>\n<p>A quest\u00e3o com essa m\u00e1quina de separar a cabe\u00e7a do restante do corpo s\u00f3 veio a se tornar um problema, quando aqueles que a operavam tiveram a experi\u00eancia for\u00e7ada de sentir seus efeitos, inclusive seu pr\u00f3prio inventor. Com a LSN ocorre o mesmo. Enquanto ela for usada contra os que est\u00e3o fora dos pal\u00e1cios, tudo bem. Conveniente ou n\u00e3o, a LSN volta a ser evocada por ocasi\u00e3o das manifesta\u00e7\u00f5es violentas que tomaram conta da cidade durante a vota\u00e7\u00e3o da PEC .<\/p>\n<p>Nesta e nas outras manifesta\u00e7\u00f5es ocorridas por estas bandas, em que o vandalismo foi a parte mais vis\u00edvel e em que os escombros das depreda\u00e7\u00f5es foram os \u00fanicos resultados pr\u00e1ticos, o governador Rollemberg, oriundo do que se acredita ser uma esquerda pol\u00edtica, ficou , em todas as ocasi\u00f5es, literalmente pisando em ovos. Ou cede \u00e0s press\u00f5es dos pol\u00edticos e antigos aliados e companheiros ou fica ao lado da lei, da ordem e dos brasilienses. Governar com um p\u00e9 em cada barco \u00e9 perigoso.<\/p>\n<p>Conhecedores do vazio que passa a existir entre uma vacila\u00e7\u00e3o e outra dessas autoridades, os agitadores de sempre, a\u00e7ulados pelos movimentos de sempre, passam a ocupar estes v\u00e1cuos da melhor forma poss\u00edvel: com paus , pedras , fogo e sangue.<\/p>\n<p>A frase que n\u00e3o foi pronunciada<br \/>\n\u201cVeloso. Esse nome sempre me traz problemas.\u201d<br \/>\nSenador Renan Calheiros, rindo de si mesmo quando se referia ao presidente da Associa\u00e7\u00e3o dos Ju\u00edzes Federais do Brasil (Ajufe), Roberto Veloso (enquanto falava) e \u00e0 M\u00f4nica Veloso, no pensamento.<\/p>\n<p>Errata<br \/>\n\u00bb Entre os agraciados com a medalha militar na solenidade alusiva do Dia do Marinheiro no Minist\u00e9rio da Defesa estavam o vice-almirante Jo\u00e9se Andrade Bandeira Leandro, 40 anos de servi\u00e7os prestados, suboficial Antonio Aparecido Pereira da Silva e o suboficial Marildo Ferreira Dias, 30 anos dedicados \u00e0 Marinha. Na ocasi\u00e3o, foi lida a Ordem do Dia do comandante da Marinha, almirante de esquadra Eduardo Bacellar Leal Ferreira. A cerim\u00f4nia foi presidida pelo almirante de Esquadra Luiz Henrique Caroli, chefe de Log\u00edstica do Estado-Maior Conjunto das For\u00e7as Armadas.<\/p>\n<p>Lament\u00e1vel<br \/>\n\u00bb Depois da viol\u00eancia ocorrida em loja de alta costura no Lago Sul, Bras\u00edlia deixa o recado. Ser chique \u00e9 ser educado!<\/p>\n<p>Partida<br \/>\n\u00bb Dom Paulo Evaristo Arns, arcebispo de S. Paulo, foi levado por uma broncopneumonia. Era um homem virtuoso. Ser\u00e1 sempre lembrado pela bondade e coragem.<\/p>\n<p>Tributo a Paulinho da Viola<br \/>\n\u00bb O chor\u00e3o \u00e9 o homenageado pelo Clube do Choro nas quartas, quintas e sextas. Desde mar\u00e7o, Paulinho teve em Bras\u00edlia mais de 100 shows que trouxeram sucessos da carreira do cantor. As apresenta\u00e7\u00f5es come\u00e7am \u00e0s 21h e os ingressos custam R$ 20. Chegar um pouco mais cedo \u00e9 o ideal. Beliscar petiscos e bebericar antes do show \u00e9 o charme do Clube.<\/p>\n<p>Pesquisa<br \/>\n\u00bb A revista Transportation Research concluiu que h\u00e1 perigo, mesmo sem pegar no celular, em conversar enquanto se dirige. Os motoristas que fizeram o teste prestavam menos aten\u00e7\u00e3o na estrada ao pensar nas respostas durante a conversa.<\/p>\n<p>L\u00e1<br \/>\n\u00bb Foi em Richmond, na Calif\u00f3rnia, que uma ideia aparentemente estapaf\u00fardia vingou com sucesso. Com 104 mil habitantes e um alto \u00edndice de viol\u00eancia, DeVone Boggan resolveu apresentar um plano \u00e0 prefeitura da cidade. Os bandidos mais violentos receberiam um pr\u00f3-labore se conseguissem se manter dentro da lei por alguns meses. Assim receberiam capacita\u00e7\u00e3o e toda estrutura necess\u00e1rias para continuar a viver por conta pr\u00f3pria, trabalhando, quando a remunera\u00e7\u00e3o fosse cortada. Com a situa\u00e7\u00e3o financeira estabilizada, n\u00e3o era necess\u00e1rio voltar ao tr\u00e1fico. Deu certo.<\/p>\n<p>Consumidor<br \/>\n\u00bb Uma tese interessante levantada por um leitor. Existe mist\u00e9rio maior do que uma concession\u00e1ria cobrar pelo tapete do carro?<\/p>\n<p>Hist\u00f3ria de Bras\u00edlia<br \/>\nEnquanto isso, os pol\u00edticos n\u00e3o deixam o cargo de vista e voltam, agora, a sugerir o sr. Fadul, que tem a virtude de ser do mesmo partido do presidente Jo\u00e3o Goulart, de Mato Grosso. (Publicado em 20\/9\/1961)<\/p>\n","protected":false},"excerpt":{"rendered":"<p>DESDE 1960 \u00bb jornalista_aricunha@outlook.com com Circe Cunha e MAMFIL Descontado o fato de a Guerra Fria, que op\u00f4s os Estados Unidos e a antiga Uni\u00e3o Sovi\u00e9tica, aparecer como pano de fundo da Lei de Seguran\u00e7a Nacional (Lei n\u00ba 7.170\/83), durante os 13 anos em que o ambidestro petismo esteve no comando do Pa\u00eds, em nenhum momento seus integrantes cuidaram de [&hellip;]<\/p>\n","protected":false},"author":34,"featured_media":0,"comment_status":"closed","ping_status":"closed","sticky":false,"template":"","format":"standard","meta":{"footnotes":""},"categories":[23],"tags":[],"class_list":["post-8376","post","type-post","status-publish","format-standard","hentry","category-integra"],"_links":{"self":[{"href":"https:\/\/blogs.correiobraziliense.com.br\/aricunha\/wp-json\/wp\/v2\/posts\/8376","targetHints":{"allow":["GET"]}}],"collection":[{"href":"https:\/\/blogs.correiobraziliense.com.br\/aricunha\/wp-json\/wp\/v2\/posts"}],"about":[{"href":"https:\/\/blogs.correiobraziliense.com.br\/aricunha\/wp-json\/wp\/v2\/types\/post"}],"author":[{"embeddable":true,"href":"https:\/\/blogs.correiobraziliense.com.br\/aricunha\/wp-json\/wp\/v2\/users\/34"}],"replies":[{"embeddable":true,"href":"https:\/\/blogs.correiobraziliense.com.br\/aricunha\/wp-json\/wp\/v2\/comments?post=8376"}],"version-history":[{"count":2,"href":"https:\/\/blogs.correiobraziliense.com.br\/aricunha\/wp-json\/wp\/v2\/posts\/8376\/revisions"}],"predecessor-version":[{"id":8378,"href":"https:\/\/blogs.correiobraziliense.com.br\/aricunha\/wp-json\/wp\/v2\/posts\/8376\/revisions\/8378"}],"wp:attachment":[{"href":"https:\/\/blogs.correiobraziliense.com.br\/aricunha\/wp-json\/wp\/v2\/media?parent=8376"}],"wp:term":[{"taxonomy":"category","embeddable":true,"href":"https:\/\/blogs.correiobraziliense.com.br\/aricunha\/wp-json\/wp\/v2\/categories?post=8376"},{"taxonomy":"post_tag","embeddable":true,"href":"https:\/\/blogs.correiobraziliense.com.br\/aricunha\/wp-json\/wp\/v2\/tags?post=8376"}],"curies":[{"name":"wp","href":"https:\/\/api.w.org\/{rel}","templated":true}]}}