{"id":8374,"date":"2016-12-13T02:01:42","date_gmt":"2016-12-13T04:01:42","guid":{"rendered":"https:\/\/blogs.correiobraziliense.com.br\/aricunha\/?p=8374"},"modified":"2016-12-13T08:11:40","modified_gmt":"2016-12-13T10:11:40","slug":"publicizar-o-que","status":"publish","type":"post","link":"https:\/\/blogs.correiobraziliense.com.br\/aricunha\/publicizar-o-que\/","title":{"rendered":"Publicizar o qu\u00ea?"},"content":{"rendered":"<p>ARI CUNHA<br \/>\nDESDE 1960 \u00bb<\/p>\n<p>aricunha@dabr.com.br<\/p>\n<p>com Circe Cunha e MAMFIL<\/p>\n<p>Nem todo o or\u00e7amento do Distrito Federal para o exerc\u00edcio de 2016 seria suficiente para financiar uma campanha institucional, capaz de reverter os baix\u00edssimos \u00edndices de aprova\u00e7\u00e3o da C\u00e2mara Legislativa, ainda mais quando s\u00e3o levantadas suspeitas de que parte desse dinheiro vem sendo usado de maneira pouco transparente. Mesmo assim, a CLDF prev\u00ea gastos de at\u00e9 R$ 26,07 milh\u00f5es neste ano.<\/p>\n<p>Em conversa gravada recentemente pela deputada Liliane Roriz (PTB), o ex-senador Gim Argello, hoje preso em Curitiba, afirmou, entre outras confiss\u00f5es, que a ex-presidente da CLDF, Celina Le\u00e3o, afastada da Mesa Diretora pela Opera\u00e7\u00e3o Dr\u00e1con, teria participa\u00e7\u00e3o num lucrativo esquema de desvio de dinheiro envolvendo a publicidade da CLDF. A quest\u00e3o da m\u00e1 utiliza\u00e7\u00e3o de verba p\u00fablica para fins de publicidade do governo sempre esteve envolta em muita nebulosidade, e \u00e0 medida que aumentam as verbas para esses fins, crescem, na mesma propor\u00e7\u00e3o, os casos envolvendo desvios de dinheiro.<\/p>\n<p>No plano federal, os casos de malversa\u00e7\u00e3o do dinheiro p\u00fablico s\u00e3o ainda mais escandalosos, por envolver enormes somas. Nos \u00faltimos anos, as verbas com publicidade t\u00eam feito a fortuna de muitos marqueteiros, alguns, inclusive, usados como laranjas de pol\u00edticos para a lavagem de dinheiro. As Comiss\u00f5es Parlamentares de Inqu\u00e9rito (CPI) que ousaram investigar os vespeiros n\u00e3o chegaram \u00e0 nenhuma conclus\u00e3o, por for\u00e7a do poderoso lobby, da quantidade de pol\u00edticos envolvidos e do volume de verba comprometida.<\/p>\n<p>Se acontece na esfera federal, ocorre tamb\u00e9m no Distrito Federal. N\u00e3o h\u00e1 transpar\u00eancia nas publicidades da CLDF. Quem procura informa\u00e7\u00f5es sobre os gastos nessa rubrica n\u00e3o encontra respostas. As contrata\u00e7\u00f5es de ag\u00eancias tamb\u00e9m s\u00e3o feitas com base em crit\u00e9rios pol\u00edticos e pessoais e n\u00e3o obedecem aos princ\u00edpios da administra\u00e7\u00e3o p\u00fablica. O fato \u00e9 que, a cada ano, aumentam significativamente os gastos com propaganda institucional. Trata-se aqui de terreno pantanoso, onde pode ocorrer in\u00fameras irregularidades, desde desvios de dinheiro diretamente at\u00e9 contrata\u00e7\u00f5es de prestadoras de servi\u00e7os com sobrepre\u00e7os, ou com a contrapartida de presta\u00e7\u00e3o de servi\u00e7os para os pr\u00f3prios distritais.<\/p>\n<p>O mais sintom\u00e1tico nisso tudo \u00e9 que bastam alguns esc\u00e2ndalos, como os revelados agora pela Opera\u00e7\u00e3o Dr\u00e1con, para jogar no lixo, imediatamente, milh\u00f5es de reais investidos no melhoramento de imagens de suas excel\u00eancias. O que a popula\u00e7\u00e3o v\u00ea, de gra\u00e7a, estampada em manchetes di\u00e1rias por todo lado \u00e9 uma C\u00e2mara Legislativa bem posicionada nas p\u00e1ginas policiais.<\/p>\n<p>Crime<\/p>\n<p>Andr\u00e9 Lima, secret\u00e1rio de Meio Ambiente, est\u00e1 elaborando o planejamento de preven\u00e7\u00e3o contra inc\u00eandios florestais. A Sema-DF vai aperfei\u00e7oar as puni\u00e7\u00f5es para quem coloca fogo no cerrado por imprud\u00eancia ou neglig\u00eancia. Com alguns casos exemplares de penalidade, a sociedade perceber\u00e1 que as coisas est\u00e3o mudando, disse o secret\u00e1rio. Agora a luta \u00e9 pela parceria da Delegacia do Meio Ambiente (Dema), Procuradoria do Meio Ambiente (Prodema) e o Minist\u00e9rio P\u00fablico no PPCIF na defini\u00e7\u00e3o das a\u00e7\u00f5es.<\/p>\n<p>Par\u00e2metro<\/p>\n<p>O ex-presidente Fernando Henrique Cardoso avisa que \u00e9 especula\u00e7\u00e3o a not\u00edcia de que seria candidato. A sociedade s\u00f3 insiste na ideia porque ele foi citado pelo PT durante todos esses anos por ter deixado para tr\u00e1s uma heran\u00e7a maldita. E apesar da palavra maldita \u00e9 dessa heran\u00e7a que se sente falta. Para a heran\u00e7a deixada pelo PT, ainda n\u00e3o criaram adjetivo.<\/p>\n<p>Turismo c\u00edvico<\/p>\n<p>A experi\u00eancia das ruas tem mostrado a necessidade de ensinar \u00e0s crian\u00e7as o valor do patrim\u00f4nio p\u00fablico. O GDF promove o Turismo C\u00edvico em Bras\u00edlia com esse fim. As excurs\u00f5es ser\u00e3o gratuitas e acontecer\u00e3o nas segundas, ter\u00e7as e quartas-feiras. O projeto \u00e9 uma parceria da Secretaria Adjunta de Turismo com a Casa Militar, a Sociedade de Transportes Coletivos de Bras\u00edlia (TCB) e as secretarias de Educa\u00e7\u00e3o, Cultura e Trabalho, Desenvolvimento Social, Mulheres, Igualdade Racial e Direitos Humanos.<\/p>\n<p>Militar<\/p>\n<p>Ant\u00f4nio Aparecido Ribeiro, suboficial da Marinha foi homenageado no Minist\u00e9rio da Defesa pelos 30 anos de presta\u00e7\u00e3o de servi\u00e7os ao pa\u00eds. A cerim\u00f4nia foi presidida pelo almirante de Esquadra Luiz Henrique Carolina, chefe de Log\u00edstica do Estado-Maior Conjunto das For\u00e7as Armadas. O chefe do Estado-Maior Conjunto das For\u00e7as Armadas, almirante de Esquadra Ademir Sobrinho, tamb\u00e9m esteve presente na cerim\u00f4nia.<\/p>\n<p>Ainda?<\/p>\n<p>As 30 l\u00e2mpadas fluorescentes de 40w cada da Esta\u00e7\u00e3o Catetinho do BRT permanecem acesas por 24 horas gerando assim um consumo di\u00e1rio de 28,8kh totalizando no fim do 1 m\u00eas 864kw dos quais pelo menos a metade, 432kw \u00e9 um desperd\u00edcio acintoso nesses momentos de crise. Essa energia que \u00e9 jogada fora equivale aproximadamente ao consumo de duas resid\u00eancias m\u00e9dias. Ser\u00e1 que quem projetou aquilo nunca ouviu falar em rel\u00e9s de controle tipo fotoc\u00e9lula?<\/p>\n<p>Outro lado<\/p>\n<p>Em compensa\u00e7\u00e3o, na Esplanada dos Minist\u00e9rios e na Pra\u00e7a dos Tr\u00eas Poderes, todas as luzes s\u00e3o apagadas.<\/p>\n<p>Coluna vertebral<\/p>\n<p>Mat\u00e9ria de Val\u00e9ria Mendes, no Correio Braziliense, sobre estudos do Dr. Ricardo Fonseca a respeito da coluna vertebral, repercute at\u00e9 hoje. Maria Aparecida Postigo e Regina Ivete Lopes est\u00e3o \u00e0s voltas para saber o contato.<\/p>\n<p>Reconhecimento<\/p>\n<p>Dr. Bruno Ramalho de Carvalho, da Maternidade Bras\u00edlia, tem recebido muitos elogios pelo trabalho s\u00e9rio e pelo modo humanizado com que trata as pacientes. Mestre em ci\u00eancias m\u00e9dicas, Dr. Bruno \u00e9 especialista em reprodu\u00e7\u00e3o assistida e ginecologia end\u00f3crina.<\/p>\n<p>Convoca\u00e7\u00e3o<\/p>\n<p>Cantores eruditos est\u00e3o sendo selecionados para a Cia. de Cantores L\u00edricos de Bras\u00edlia. At\u00e9 o dia 17, o Instituto Claude Debussy receber\u00e1 as inscri\u00e7\u00f5es de quem deseja interpretar La Clemenza di Tito, de Mozart. O portal para mais informa\u00e7\u00f5es \u00e9 o www.toibrasilia.com.br\/audicoes.<\/p>\n<p>Hist\u00f3ria de Bras\u00edlia<\/p>\n<p>As solu\u00e7\u00f5es atrav\u00e9s de \u201cf\u00f3rmulas pol\u00edticas\u201d n\u00e3o devem prevalecer, para que possa existir uma administra\u00e7\u00e3o de fato, e n\u00e3o de compadres. (Publicado em 19\/9\/1961)<\/p>\n","protected":false},"excerpt":{"rendered":"<p>ARI CUNHA DESDE 1960 \u00bb aricunha@dabr.com.br com Circe Cunha e MAMFIL Nem todo o or\u00e7amento do Distrito Federal para o exerc\u00edcio de 2016 seria suficiente para financiar uma campanha institucional, capaz de reverter os baix\u00edssimos \u00edndices de aprova\u00e7\u00e3o da C\u00e2mara Legislativa, ainda mais quando s\u00e3o levantadas suspeitas de que parte desse dinheiro vem sendo usado de maneira pouco transparente. Mesmo [&hellip;]<\/p>\n","protected":false},"author":34,"featured_media":0,"comment_status":"closed","ping_status":"closed","sticky":false,"template":"","format":"standard","meta":{"footnotes":""},"categories":[23],"tags":[35],"class_list":["post-8374","post","type-post","status-publish","format-standard","hentry","category-integra","tag-politica-brasil-brasilia-ari-cunha-circe-cunha-mamfil"],"_links":{"self":[{"href":"https:\/\/blogs.correiobraziliense.com.br\/aricunha\/wp-json\/wp\/v2\/posts\/8374","targetHints":{"allow":["GET"]}}],"collection":[{"href":"https:\/\/blogs.correiobraziliense.com.br\/aricunha\/wp-json\/wp\/v2\/posts"}],"about":[{"href":"https:\/\/blogs.correiobraziliense.com.br\/aricunha\/wp-json\/wp\/v2\/types\/post"}],"author":[{"embeddable":true,"href":"https:\/\/blogs.correiobraziliense.com.br\/aricunha\/wp-json\/wp\/v2\/users\/34"}],"replies":[{"embeddable":true,"href":"https:\/\/blogs.correiobraziliense.com.br\/aricunha\/wp-json\/wp\/v2\/comments?post=8374"}],"version-history":[{"count":1,"href":"https:\/\/blogs.correiobraziliense.com.br\/aricunha\/wp-json\/wp\/v2\/posts\/8374\/revisions"}],"predecessor-version":[{"id":8375,"href":"https:\/\/blogs.correiobraziliense.com.br\/aricunha\/wp-json\/wp\/v2\/posts\/8374\/revisions\/8375"}],"wp:attachment":[{"href":"https:\/\/blogs.correiobraziliense.com.br\/aricunha\/wp-json\/wp\/v2\/media?parent=8374"}],"wp:term":[{"taxonomy":"category","embeddable":true,"href":"https:\/\/blogs.correiobraziliense.com.br\/aricunha\/wp-json\/wp\/v2\/categories?post=8374"},{"taxonomy":"post_tag","embeddable":true,"href":"https:\/\/blogs.correiobraziliense.com.br\/aricunha\/wp-json\/wp\/v2\/tags?post=8374"}],"curies":[{"name":"wp","href":"https:\/\/api.w.org\/{rel}","templated":true}]}}