{"id":8372,"date":"2016-12-11T03:01:35","date_gmt":"2016-12-11T05:01:35","guid":{"rendered":"https:\/\/blogs.correiobraziliense.com.br\/aricunha\/?p=8372"},"modified":"2016-12-13T07:03:21","modified_gmt":"2016-12-13T09:03:21","slug":"queimando-dinheiro-ao-vivo","status":"publish","type":"post","link":"https:\/\/blogs.correiobraziliense.com.br\/aricunha\/queimando-dinheiro-ao-vivo\/","title":{"rendered":"Queimando dinheiro ao vivo"},"content":{"rendered":"<p>ARI CUNHA <\/p>\n<p>DESDE 1960 \u00bb<\/p>\n<p>aricunha@dabr.com.br<\/p>\n<p>com Circe Cunha e MAMFIL<\/p>\n<p>Durante todo o ano, o que a popula\u00e7\u00e3o do Distrito Federal mais tem ouvido \u00e9 que por conting\u00eancias mil as finan\u00e7as da capital estavam no vermelho. Por essa raz\u00e3o, o Pal\u00e1cio do Buriti passou enumerar, uma a uma, as despesas que n\u00e3o poderiam ser honradas por conta da falta de dinheiro.<\/p>\n<p>N\u00fameros milion\u00e1rios de cortes foram apresentados, investimentos cancelados, despesas adiadas, contingenciamentos propostos, redu\u00e7\u00e3o de custos descriminados, riscos de cortes ventilados, sal\u00e1rios amea\u00e7ados, aumentos de tarifas e tributos fixados, entre outras medidas or\u00e7ament\u00e1rias necess\u00e1rias para sanear os cofres do GDF.<\/p>\n<p>A todas elas a popula\u00e7\u00e3o deu seu parecer favor\u00e1vel e at\u00e9 contribuiu como pode. Dessa forma, torna-se quase surreal o an\u00fancio feito agora de que o GDF abriu aviso de licita\u00e7\u00e3o para a contrata\u00e7\u00e3o de empresas interessadas em organizar as festas de ano-novo. N\u00e3o se sabe muito bem o que o governo local tem de fato a comemorar. Mas seja l\u00e1 o que for, essas e outras festan\u00e7as deveriam ficar sob o encargo apenas da iniciativa privada, que cobraria pelo evento.<\/p>\n<p>O que n\u00e3o faz sentido \u00e9 gastar o dinheiro do contribuinte, j\u00e1 esfolado e depois que o pr\u00f3prio GDF declarou a fal\u00eancia das contas p\u00fablicas. Gastar recursos que serviriam para compra de rem\u00e9dios, reformas de instala\u00e7\u00f5es, infraestrutura e outras obras necess\u00e1rias para o cidad\u00e3o em caches para duplas caipiras e outras atra\u00e7\u00f5es do g\u00eanero, n\u00e3o faz sentido.<\/p>\n<p>Pior ainda \u00e9 queimar esses parcos recursos nos chamados show de pirotecnias, nos quais o que se realiza de fato \u00e9 a queima do dinheiro p\u00fablico ao som dos pipocos e dos falsos brindes de ocasi\u00e3o. Para muitos brasilienses, 2016 poderia ser banido do calend\u00e1rio.<\/p>\n<p>Al\u00e9m da escassez de verbas para tocar a administra\u00e7\u00e3o da cidade, os cidad\u00e3os da capital ainda tiveram que aguentar mais um ano em que os esc\u00e2ndalos na C\u00e2mara Legislativa ocuparam as manchetes, e em que alguns deputados s\u00f3 faltaram mesmo agredir o governador. Opera\u00e7\u00f5es levadas a cabo pelo Minist\u00e9rio P\u00fablico, pelas pol\u00edcias federal e civil do DF, puseram a nu os desfalques milion\u00e1rios envolvendo os grandes figur\u00f5es da cidade, alguns amargando a realidade das pris\u00f5es.<\/p>\n<p>Torrar R$ 220 mil do contribuinte em fogos de artif\u00edcio, al\u00e9m de uma m\u00e1 ideia do GDF, \u00e9 um contrassenso que pode colocar d\u00favidas sobre a real situa\u00e7\u00e3o das finan\u00e7as p\u00fablicas locais. \u00c9 bom lembrar que, em 2015, o GDF j\u00e1 havia dizimado R$ 950 mil dos recursos p\u00fablicos nesse mesmo tipo de festan\u00e7a. Dessa folia toda, n\u00e3o ficou lembran\u00e7a nem benef\u00edcio para a sociedade. A festa que o cidad\u00e3o quer assistir \u00e9 a da boa administra\u00e7\u00e3o. Chegar em um hospital e ser atendido em menos de uma hora, ver os filhos progredindo na escola, conseguir se deslocar em longas dist\u00e2ncias com servi\u00e7o de transporte confort\u00e1vel, seguro e pontual. N\u00e3o ter dois carros roubados depois de pagar tantos impostos.<\/p>\n<p>O que o contribuinte quer \u00e9 o retorno do suor dispendido para pagar impostos. N\u00e3o em fogos, mas em servi\u00e7os.<\/p>\n<p>Batid\u00e3o<\/p>\n<p>Festas rave s\u00e3o laborat\u00f3rios da criminalidade. \u00c1lcool \u00e0 vontade, drogas liberadas e a omiss\u00e3o governamental na manuten\u00e7\u00e3o do v\u00edcio.<\/p>\n<p>Leitor<\/p>\n<p>De fato, a coleta de papel\u00e3o, pap\u00e9is e outros materiais recicl\u00e1veis deveria ser feita usando-se caminh\u00f5es gaiola, e n\u00e3o caminh\u00f5es com p\u00e1 compactadora, hidr\u00e1ulica. Isso compromete muito a qualidade e valor do material. Papel\u00e3o tem mais valor quando seco e n\u00e3o estilha\u00e7ado, tal como as associa\u00e7\u00f5es de recicladores fazem.<\/p>\n<p>Super FM<\/p>\n<p>L\u00facia Gar\u00f3falo est\u00e1 afastada temporariamente da Super FM. Itamar, Toninho e Meire Lucy est\u00e3o \u00e0 frente fazendo as honras da Casa. L\u00facia, sinta o nosso abra\u00e7o e pode ter certeza que s\u00e3o muitas as ora\u00e7\u00f5es pela sua recupera\u00e7\u00e3o.<\/p>\n<p>Democracia digital<\/p>\n<p>Ouvimos de relance pela r\u00e1dio Senado exposi\u00e7\u00e3o do professor S\u00e9rgio Braga sobre as novas tend\u00eancias de parlamento. Em Minas Gerais, por exemplo, o portal da Assembleia Legislativa supervisiona o andamento das pol\u00edticas p\u00fablicas, o que estimula e aprimora a educa\u00e7\u00e3o c\u00edvica do povo. O parlamento jovem na cidade de Palmeira tamb\u00e9m \u00e9 exemplo de inova\u00e7\u00e3o, com a participa\u00e7\u00e3o da juventude que aprende a legislar.<\/p>\n<p>Leitor<\/p>\n<p>Iniciativas como as Olimp\u00edadas do Conhecimento, que interagem Senai, Sebrae e IFCT, deveriam ser espelho para que as escolas p\u00fablicas se envolvessem no mesmo projeto. Nada como a pr\u00e1tica para desenvolver os estudantes. Mostras de diversos temas, como moda, tecnologia, rob\u00f3tica, constru\u00e7\u00e3o de casas, ve\u00edculos, m\u00f3veis, artesanatos, foram excepcionalmente bem tratadas naquele espa\u00e7o, evidenciando que o Brasil pode participar em condi\u00e7\u00f5es de igualdade com v\u00e1rios pa\u00edses, mesmo com os mais desenvolvidos tecnologicamente. Ver patentes sendo apresentadas e desenvolvidas, e \u00e0 procura de investidores foi muito salutar.<\/p>\n<p>Hist\u00f3ria de Bras\u00edlia<\/p>\n<p>Est\u00e3o cerceando a liberdade que deveria ter o sr. Jo\u00e3o Goulart para nomear o prefeito de Bras\u00edlia. Press\u00f5es pol\u00edticas est\u00e3o vindo de toda a parte, e isso tem prejudicado o Distrito Federal. (Publicado em 19\/9\/1961)<\/p>\n","protected":false},"excerpt":{"rendered":"<p>ARI CUNHA DESDE 1960 \u00bb aricunha@dabr.com.br com Circe Cunha e MAMFIL Durante todo o ano, o que a popula\u00e7\u00e3o do Distrito Federal mais tem ouvido \u00e9 que por conting\u00eancias mil as finan\u00e7as da capital estavam no vermelho. Por essa raz\u00e3o, o Pal\u00e1cio do Buriti passou enumerar, uma a uma, as despesas que n\u00e3o poderiam ser honradas por conta da falta [&hellip;]<\/p>\n","protected":false},"author":34,"featured_media":0,"comment_status":"closed","ping_status":"closed","sticky":false,"template":"","format":"standard","meta":{"footnotes":""},"categories":[23],"tags":[],"class_list":["post-8372","post","type-post","status-publish","format-standard","hentry","category-integra"],"_links":{"self":[{"href":"https:\/\/blogs.correiobraziliense.com.br\/aricunha\/wp-json\/wp\/v2\/posts\/8372","targetHints":{"allow":["GET"]}}],"collection":[{"href":"https:\/\/blogs.correiobraziliense.com.br\/aricunha\/wp-json\/wp\/v2\/posts"}],"about":[{"href":"https:\/\/blogs.correiobraziliense.com.br\/aricunha\/wp-json\/wp\/v2\/types\/post"}],"author":[{"embeddable":true,"href":"https:\/\/blogs.correiobraziliense.com.br\/aricunha\/wp-json\/wp\/v2\/users\/34"}],"replies":[{"embeddable":true,"href":"https:\/\/blogs.correiobraziliense.com.br\/aricunha\/wp-json\/wp\/v2\/comments?post=8372"}],"version-history":[{"count":1,"href":"https:\/\/blogs.correiobraziliense.com.br\/aricunha\/wp-json\/wp\/v2\/posts\/8372\/revisions"}],"predecessor-version":[{"id":8373,"href":"https:\/\/blogs.correiobraziliense.com.br\/aricunha\/wp-json\/wp\/v2\/posts\/8372\/revisions\/8373"}],"wp:attachment":[{"href":"https:\/\/blogs.correiobraziliense.com.br\/aricunha\/wp-json\/wp\/v2\/media?parent=8372"}],"wp:term":[{"taxonomy":"category","embeddable":true,"href":"https:\/\/blogs.correiobraziliense.com.br\/aricunha\/wp-json\/wp\/v2\/categories?post=8372"},{"taxonomy":"post_tag","embeddable":true,"href":"https:\/\/blogs.correiobraziliense.com.br\/aricunha\/wp-json\/wp\/v2\/tags?post=8372"}],"curies":[{"name":"wp","href":"https:\/\/api.w.org\/{rel}","templated":true}]}}