{"id":8370,"date":"2016-12-10T04:02:40","date_gmt":"2016-12-10T06:02:40","guid":{"rendered":"https:\/\/blogs.correiobraziliense.com.br\/aricunha\/?p=8370"},"modified":"2016-12-13T06:53:02","modified_gmt":"2016-12-13T08:53:02","slug":"reforma-2","status":"publish","type":"post","link":"https:\/\/blogs.correiobraziliense.com.br\/aricunha\/reforma-2\/","title":{"rendered":"Reforma"},"content":{"rendered":"<p>ARI CUNHA &#8211; Visto, Lido e Ouvido<br \/>\nDesde 1960<\/p>\n<p>aricunha@dabr.com.br<\/p>\n<p>com Circe Cunha e MAMFIL<\/p>\n<p>Algu\u00e9m, em s\u00e3 consci\u00eancia, entregaria uma car\u00edssima obra de reforma de seu  patrim\u00f4nio a um grupo de pessoas no qual n\u00e3o deposita absolutamente nenhuma confian\u00e7a? \u00c9 mais ou menos o que vem ocorrendo com a reforma da Previd\u00eancia, apresentada com enorme urg\u00eancia, pelo governo Temer. Mesmo diante do reconhecimento da necessidade de reformar o sistema, os trabalhadores brasileiros, na sua imensa maioria, n\u00e3o confiam naqueles que est\u00e3o, em todos os n\u00edveis, operando para mudar a mec\u00e2nica do sistema previdenci\u00e1rio. N\u00e3o \u00e9 para menos. A popula\u00e7\u00e3o n\u00e3o confia no Congresso, n\u00e3o confia nos pol\u00edticos, n\u00e3o confia no governo e desconfia, inclusive, dos pr\u00f3prios sindicatos que dizem represent\u00e1-la.O futuro da classe trabalhadora est\u00e1 nas m\u00e3os daqueles que as ruas j\u00e1 disseram, em alto e bom som, que n\u00e3o a representam. Que reformas podem resultar de pol\u00edticos que, em suma, n\u00e3o se submeter\u00e3o \u00e0s novas regras? Todos poder\u00e3o se aposentar com 8 anos de servi\u00e7o? Ou receber de castigo a aposentadoria compuls\u00f3ria? Para qualquer trabalhador interessa, obviamente, uma aposentadoria digna e, se todos s\u00e3o iguais perante a lei, que a mesma lei funcione para todos no mesmo g\u00eanero, n\u00famero, grau e quantia proporcional.Para isso, o trabalhador investe ao longo da vida parte significativa de seus rendimentos. Trata-se aqui de uma aplica\u00e7\u00e3o que \u00e9 retirada \u00e0 revelia do assalariado pelo Estado e, muitas vezes, aplicada de forma irrespons\u00e1vel, em neg\u00f3cios nebulosos e, n\u00e3o raro, com sinais claros de corrup\u00e7\u00e3o.Falar em reforma, o que salta primeiro diante dos olhos do brasileiro \u00e9 o risco de gest\u00e3o temer\u00e1ria dos recursos feita pelos governos. \u00c9 preciso lembrar que o dinheiro dos trabalhadores tem sido usado at\u00e9 para comprar pap\u00e9is e t\u00edtulos podres da d\u00edvida p\u00fablica de pa\u00edses que todos sabiam economicamente falidos. Nos \u00faltimos anos, os mais s\u00f3lidos fundos de pens\u00e3o das empresas p\u00fablicas brasileiras foram simplesmente esvaziados por conta de interesses que misturavam afinidade ideol\u00f3gica e interesses particulares escusos. O que resultou nesse carnaval com o dinheiro do trabalhador foram fundos pobres e operadores, partidos e dirigentes ricos.Muito mais do que o envelhecimento da popula\u00e7\u00e3o, o que tem levado \u00e0 fal\u00eancia do sistema previdenci\u00e1rio s\u00e3o a inc\u00faria e a corrup\u00e7\u00e3o, facilitadas n\u00e3o s\u00f3 pelas brechas que escancaram as portas do cofre \u00e0s fraudes corriqueiras, mas sobretudo pela facilidade com que os recursos s\u00e3o apropriados em nome da pol\u00edtica partid\u00e1ria. Os recursos da Previd\u00eancia t\u00eam sido usados para tudo, menos para garantir o futuro daqueles que investiram por anos a fio, dando parte de seu sacrif\u00edcio, para receber paz no futuro.<\/p>\n<p>A frase que n\u00e3o foi pronunciada<\/p>\n<p>\u201cP\u00e9ssima not\u00edcia. Papai Noel est\u00e1 de saco cheio.\u201d<\/p>\n<p>Algu\u00e9m fantasiado de bom velhinho pagando  contas e mais contas<\/p>\n<p>BB<br \/>\n\u00bb Buscando comunica\u00e7\u00e3o com ag\u00eancias do Banco do Brasil, descobrimos uma inova\u00e7\u00e3o que acelera a comunica\u00e7\u00e3o dos clientes com a ger\u00eancia da conta. Ao acessar, pela internet, pela ag\u00eancia e conta, ao entrar na p\u00e1gina, basta o cliente clicar em um bal\u00e3ozinho no canto direito no alto da tela. Ali est\u00e1 a interface. A ger\u00eancia recebe a quest\u00e3o em tempo real, que fica aberta no computador at\u00e9 que d\u00ea a resposta. Uma solu\u00e7\u00e3o bastante \u00e1gil para os internautas. Os idosos que preferem o contato telef\u00f4nico ainda penam.<\/p>\n<p>Den\u00fancia<br \/>\n\u00bb Leitor chama a aten\u00e7\u00e3o do governo Temer para impedir que as riquezas do Brasil saiam como est\u00e3o saindo. Desde mat\u00e9ria-prima para ind\u00fastrias farmac\u00eauticas multinacionais at\u00e9 o ni\u00f3bio, vendido a pre\u00e7o de banana.<\/p>\n<p>Regresso<br \/>\n\u00bb Lendo a hist\u00f3ria de Bras\u00edlia abaixo, aqui mesmo nessa coluna, quando na d\u00e9cada de 1960 uma carta sa\u00eda do Aeroporto de Bras\u00edlia e chagava no mesmo dia ao Cear\u00e1, hoje um susto com a surpresa. Para uma carta chegar aos Estados Unidos, em uma semana, \u00e9 preciso desembolsar<br \/>\nR$ 100. Que diferen\u00e7a. Quanto tempo levamos para fazer o pior.Qualquer reforma s\u00e9ria deveria come\u00e7ar pela universaliza\u00e7\u00e3o dos direitos. Isso, logicamente, significaria, teto salarial, fim de privil\u00e9gios e outras desigualdades vergonhosas. Uma simples sondagem nos sal\u00e1rios de alguns nababos da Rep\u00fablica d\u00e1 a dimens\u00e3o do abismo social do pa\u00eds. Renan Calheiros sabe disso e encostou o ferro gelado no nervo central da quest\u00e3o.<\/p>\n<p>Hist\u00f3ria de Bras\u00edlia<\/p>\n<p>Quando algu\u00e9m falar mal do DCT fa\u00e7a, por favor, exce\u00e7\u00e3o \u00e0 ag\u00eancia do aeroporto de Bras\u00edlia. Um telegrama para o Cear\u00e1, que vai via Rio, chegou ao destino no mesmo dia. \u00c9 uma pena se noticiar uma coisa dessas, porque fato como esse devia ser rotina, mas infelizmente n\u00e3o \u00e9. (Publicado em 19\/9\/1961)<\/p>\n","protected":false},"excerpt":{"rendered":"<p>ARI CUNHA &#8211; Visto, Lido e Ouvido Desde 1960 aricunha@dabr.com.br com Circe Cunha e MAMFIL Algu\u00e9m, em s\u00e3 consci\u00eancia, entregaria uma car\u00edssima obra de reforma de seu patrim\u00f4nio a um grupo de pessoas no qual n\u00e3o deposita absolutamente nenhuma confian\u00e7a? \u00c9 mais ou menos o que vem ocorrendo com a reforma da Previd\u00eancia, apresentada com enorme urg\u00eancia, pelo governo Temer. [&hellip;]<\/p>\n","protected":false},"author":34,"featured_media":0,"comment_status":"closed","ping_status":"closed","sticky":false,"template":"","format":"standard","meta":{"footnotes":""},"categories":[23],"tags":[34],"class_list":["post-8370","post","type-post","status-publish","format-standard","hentry","category-integra","tag-politica-brasil-brasilia-ari-cunha-mamfil-circecunha"],"_links":{"self":[{"href":"https:\/\/blogs.correiobraziliense.com.br\/aricunha\/wp-json\/wp\/v2\/posts\/8370","targetHints":{"allow":["GET"]}}],"collection":[{"href":"https:\/\/blogs.correiobraziliense.com.br\/aricunha\/wp-json\/wp\/v2\/posts"}],"about":[{"href":"https:\/\/blogs.correiobraziliense.com.br\/aricunha\/wp-json\/wp\/v2\/types\/post"}],"author":[{"embeddable":true,"href":"https:\/\/blogs.correiobraziliense.com.br\/aricunha\/wp-json\/wp\/v2\/users\/34"}],"replies":[{"embeddable":true,"href":"https:\/\/blogs.correiobraziliense.com.br\/aricunha\/wp-json\/wp\/v2\/comments?post=8370"}],"version-history":[{"count":1,"href":"https:\/\/blogs.correiobraziliense.com.br\/aricunha\/wp-json\/wp\/v2\/posts\/8370\/revisions"}],"predecessor-version":[{"id":8371,"href":"https:\/\/blogs.correiobraziliense.com.br\/aricunha\/wp-json\/wp\/v2\/posts\/8370\/revisions\/8371"}],"wp:attachment":[{"href":"https:\/\/blogs.correiobraziliense.com.br\/aricunha\/wp-json\/wp\/v2\/media?parent=8370"}],"wp:term":[{"taxonomy":"category","embeddable":true,"href":"https:\/\/blogs.correiobraziliense.com.br\/aricunha\/wp-json\/wp\/v2\/categories?post=8370"},{"taxonomy":"post_tag","embeddable":true,"href":"https:\/\/blogs.correiobraziliense.com.br\/aricunha\/wp-json\/wp\/v2\/tags?post=8370"}],"curies":[{"name":"wp","href":"https:\/\/api.w.org\/{rel}","templated":true}]}}